{"id":5250,"date":"2015-06-03T16:47:26","date_gmt":"2015-06-03T14:47:26","guid":{"rendered":"http:\/\/www.turismoslovacchia.it\/?p=5250"},"modified":"2015-06-26T13:13:08","modified_gmt":"2015-06-26T11:13:08","slug":"wizz-air-da-bergamo-parte-il-nuovo-collegamento-per-kosice","status":"publish","type":"post","link":"https:\/\/www.turismoslovacchia.it\/?p=5250","title":{"rendered":"Wizz Air, da Bergamo parte il nuovo collegamento per Ko\u0161ice"},"content":{"rendered":"<p style=\"text-align: justify;\"><img decoding=\"async\" loading=\"lazy\" class=\"alignnone size-full wp-image-3303\" src=\"http:\/\/www.turismoslovacchia.it\/wp-content\/uploads\/Kosice_Maros@Wikimedia.jpg\" alt=\"Kosice_(Maros@Wikimedia)\" width=\"520\" height=\"330\" srcset=\"https:\/\/www.turismoslovacchia.it\/wp-content\/uploads\/Kosice_Maros@Wikimedia.jpg 520w, https:\/\/www.turismoslovacchia.it\/wp-content\/uploads\/Kosice_Maros@Wikimedia-300x190.jpg 300w, https:\/\/www.turismoslovacchia.it\/wp-content\/uploads\/Kosice_Maros@Wikimedia-400x254.jpg 400w, https:\/\/www.turismoslovacchia.it\/wp-content\/uploads\/Kosice_Maros@Wikimedia-100x63.jpg 100w, https:\/\/www.turismoslovacchia.it\/wp-content\/uploads\/Kosice_Maros@Wikimedia-197x125.jpg 197w, https:\/\/www.turismoslovacchia.it\/wp-content\/uploads\/Kosice_Maros@Wikimedia-150x95.jpg 150w\" sizes=\"(max-width: 520px) 100vw, 520px\" \/><\/p>\n<p style=\"text-align: justify;\">La compagnia aerea low-cost ungherese Wizz Air ha aperto il 1\u00b0 giungo la sua nuova base presso l&#8217;aeroporto di Ko\u0161ice, e da questa settimana e da venerd\u00ec 5 giugno inizier\u00e0 a volare dalla seconda citt\u00e0 slovacca con destinazione Milano-Bergamo e Doncaster-Sheffield in Gran Bretagna, operati con un velivolo <strong>Airbus A320<\/strong> che avr\u00e0 base fissa nello scalo di Ko\u0161ice e gestir\u00e0 14 voli settimanali, che impiegheranno uno staff di circa 30 persone.<\/p>\n<p style=\"text-align: justify;\">Wizz Air \u00e8 la pi\u00f9 grande compagnia aerea low-cost dell\u2019Europa centrale e orientale, gi\u00e0 presente nella citt\u00e0 della Slovacchia orientale con collegamenti per Londra-Luton al settembre 2013, la cui frequenza sar\u00e0 peraltro ora aumentata.<\/p>\n<p style=\"text-align: justify;\">\n<p><span class=\"embed-youtube\" style=\"text-align:center; display: block;\"><iframe loading=\"lazy\" class=\"youtube-player\" width=\"1140\" height=\"642\" src=\"https:\/\/www.youtube.com\/embed\/18PftZp3wOo?version=3&#038;rel=1&#038;showsearch=0&#038;showinfo=1&#038;iv_load_policy=1&#038;fs=1&#038;hl=it-IT&#038;autohide=2&#038;wmode=transparent\" allowfullscreen=\"true\" style=\"border:0;\" sandbox=\"allow-scripts allow-same-origin allow-popups allow-presentation\"><\/iframe><\/span><\/p>\n<p style=\"text-align: justify;\">I\u00a0prezzi dei <strong>voli per Bergamo-Ko\u0161ice<\/strong>, che ha frequenza bisettimanale \u2013 il luned\u00ec e il venerd\u00ec \u2013 sono in vendita sul sito <strong><a href=\"https:\/\/wizzair.com\/\" target=\"_blank\">wizzair.com<\/a><\/strong> a <strong>partire da 19,99 euro<\/strong> a tratta. Nel momento di pubblicare, il sito offre il volo di andata il 5 giugno al prezzo di 49,99 euro. Ma gi\u00e0 il volo successivo (luned\u00ec 8 giugno) viene <strong>venduto a 19,99 euro<\/strong>, scontabile a 9,99 euro per i possessori della carta Wizz Club.<\/p>\n<p style=\"text-align: justify;\">\n<p><strong>Qui gli orari dei collegamenti:<\/strong><\/p>\n<p><strong>Bergamo-Ko\u0161ice<\/strong>\u00a0 &#8211; Lun e Ven: decollo ore 21:00, arrivo ore 22:40<br \/>\n<strong>Ko\u0161ice-Bergamo<\/strong>\u00a0 &#8211; Lun e Ven: decollo ore 18:40, arrivo ore 20:30<\/p>\n<p style=\"text-align: justify;\"><img decoding=\"async\" loading=\"lazy\" class=\"alignnone size-full wp-image-4424\" src=\"http:\/\/www.turismoslovacchia.it\/wp-content\/uploads\/wizzair_francescoprocida-CC.jpg\" alt=\"wizzair_(francescoprocida-CC)\" width=\"520\" height=\"320\" srcset=\"https:\/\/www.turismoslovacchia.it\/wp-content\/uploads\/wizzair_francescoprocida-CC.jpg 520w, https:\/\/www.turismoslovacchia.it\/wp-content\/uploads\/wizzair_francescoprocida-CC-300x185.jpg 300w, https:\/\/www.turismoslovacchia.it\/wp-content\/uploads\/wizzair_francescoprocida-CC-400x246.jpg 400w, https:\/\/www.turismoslovacchia.it\/wp-content\/uploads\/wizzair_francescoprocida-CC-100x62.jpg 100w, https:\/\/www.turismoslovacchia.it\/wp-content\/uploads\/wizzair_francescoprocida-CC-200x123.jpg 200w, https:\/\/www.turismoslovacchia.it\/wp-content\/uploads\/wizzair_francescoprocida-CC-150x92.jpg 150w\" sizes=\"(max-width: 520px) 100vw, 520px\" \/><\/p>\n<p style=\"text-align: justify;\">(La Redazione)<\/p>\n<p style=\"text-align: right;\"><span style=\"color: #808080;\"><em>Foto <a style=\"color: #808080;\" href=\"http:\/\/www.flickr.com\/photos\/9352550@N04\/\">francescoprocida CC-BY-NC,<\/a>\u00a0<a style=\"color: #808080;\" href=\"http:\/\/commons.wikimedia.org\/wiki\/File:Kosice_(Slovakia)_-_Main_Street_4.jpg\" data-rel=\"lightbox-gallery-zZGS7clJ\" data-rl_title=\"\" data-rl_caption=\"\" title=\"\">Maros@Wiki<\/a><\/em><\/span><\/p>\n","protected":false},"excerpt":{"rendered":"<p>La compagnia aerea low-cost ungherese Wizz Air ha aperto il 1\u00b0 giungo la sua nuova base presso l&#8217;aeroporto di Ko\u0161ice, e da questa settimana e da venerd\u00ec 5 giugno inizier\u00e0 a volare dalla seconda citt\u00e0 slovacca con destinazione Milano-Bergamo e Doncaster-Sheffield in Gran Bretagna, operati con un velivolo Airbus A320 che avr\u00e0 base fissa nello [&hellip;]<\/p>\n","protected":false},"author":2,"featured_media":4310,"comment_status":"open","ping_status":"open","sticky":false,"template":"","format":"standard","meta":[],"categories":[3,5,1,326],"tags":[22,491,584,645],"aioseo_notices":[],"jetpack_featured_media_url":"https:\/\/www.turismoslovacchia.it\/wp-content\/uploads\/kosice_g.h.vandoorn-285916178.jpg","jetpack_sharing_enabled":true,"jetpack-related-posts":[{"id":4423,"url":"https:\/\/www.turismoslovacchia.it\/?p=4423","url_meta":{"origin":5250,"position":0},"title":"Volo diretto Milano &#8211; Ko\u0161ice da giugno con Wizz Air","date":"22 Febbraio 2015","format":false,"excerpt":"Wizz Air, che aveva annunciato il mese scorso l\u2019apertura a settembre 2015 di una sua base a\u00a0Ko\u0161ice, \u00a0seconda citt\u00e0 della Slovacchia, dove pensava di partire con voli di linea per\u00a0Milano-Bergamo e Doncaster Sheffield, in regno Unito, ha avuto\u00a0un ripensamento: poche ore fa\u00a0ha\u00a0annunciato che l'apertura della base sar\u00e0 anticipata di tre\u2026","rel":"","context":"In &quot;Articoli&quot;","img":{"alt_text":"","src":"https:\/\/i0.wp.com\/www.turismoslovacchia.it\/wp-content\/uploads\/wizzair_francescoprocida-CC.jpg?resize=350%2C200&ssl=1","width":350,"height":200},"classes":[]},{"id":1597,"url":"https:\/\/www.turismoslovacchia.it\/?p=1597","url_meta":{"origin":5250,"position":1},"title":"Aerei: riprende a marzo il Bratislava-Trapani, raddoppia linea per Kosice","date":"5 Gennaio 2013","format":false,"excerpt":"Riprendono dal 31 marzo 2013 le operazioni di Ryanair sulla linea Bratislava-Trapani, con un volo diretto due volte a settimana, il mercoled\u00ec e la domenica, e dal 30 marzo sulla Bratislava-Alghero con altri due voli, il luned\u00ec e il gioved\u00ec. I biglietti sono a disposizione per l'acquisto sul sito del\u2026","rel":"","context":"In &quot;Articoli&quot;","img":{"alt_text":"","src":"https:\/\/i0.wp.com\/www.turismoslovacchia.it\/wp-content\/uploads\/voli-collegamenti.jpg?resize=350%2C200&ssl=1","width":350,"height":200},"classes":[]},{"id":3583,"url":"https:\/\/www.turismoslovacchia.it\/?p=3583","url_meta":{"origin":5250,"position":2},"title":"Aeroporto Bratislava: via all\u2019orario estivo con 12 collegamenti di linea con l&#8217;Italia","date":"25 Marzo 2014","format":false,"excerpt":"\u00a0 Entra in vigore domenica 30 marzo 2014 il calendario dei voli estivi dall\u2019aeroporto M.R.Stefanik di Bratislava, che prevede fino al 26 ottobre prossimo di raggiungere la Slovacchia con collegamenti di linea da 4 destinazioni italiane, tutti della compagnia aerea low-cost Ryanair. In totale sono 19 le destinazioni di linea,\u2026","rel":"","context":"In &quot;Articoli&quot;","img":{"alt_text":"","src":"https:\/\/i0.wp.com\/www.turismoslovacchia.it\/wp-content\/uploads\/voli-collegamenti.jpg?resize=350%2C200&ssl=1","width":350,"height":200},"classes":[]},{"id":8453,"url":"https:\/\/www.turismoslovacchia.it\/?p=8453","url_meta":{"origin":5250,"position":3},"title":"Aeroporto Bratislava, a gennaio il record di passeggeri degli ultimi 10 anni","date":"16 Febbraio 2018","format":false,"excerpt":"L\u2019aeroporto Stefanik di Bratislava ha gestito il passaggio di 116.992 passeggeri nel mese di gennaio, migliore cifra registrata negli ultimi dieci anni nel corso del primo mese dell\u2019anno. Il risultato, che \u00e8 anche il secondo migliore di sempre (in 67 anni di storia dello scalo), ha visto crescere il numero\u2026","rel":"","context":"In &quot;Articoli&quot;","img":{"alt_text":"","src":"https:\/\/i0.wp.com\/www.turismoslovacchia.it\/wp-content\/uploads\/voli-aerop_mmisof@pix.jpg?resize=350%2C200&ssl=1","width":350,"height":200},"classes":[]},{"id":8468,"url":"https:\/\/www.turismoslovacchia.it\/?p=8468","url_meta":{"origin":5250,"position":4},"title":"Tutti i collegamenti aerei per la Slovacchia dall&#8217;Italia","date":"22 Marzo 2018","format":false,"excerpt":"Con l'arrivo della bella stagione, anche il trasporto aereo cambia il suo programma di volo e aggiunge diverse destinazioni tipicamente vacanziere. L'aeroporto di Bratislava M.R. Stefanik, il pi\u00f9\u00a0 importante della Slovacchia e l'ottavo nella regione del centro-est Europa quanto a performance, offre per l'estate con il nuovo orario estivo valido\u2026","rel":"","context":"In &quot;Articoli&quot;","img":{"alt_text":"","src":"https:\/\/i0.wp.com\/www.turismoslovacchia.it\/wp-content\/uploads\/aerop-voli_pix-Gellinger.jpg?resize=350%2C200&ssl=1","width":350,"height":200},"classes":[]},{"id":2832,"url":"https:\/\/www.turismoslovacchia.it\/?p=2832","url_meta":{"origin":5250,"position":5},"title":"La mostra storica Kosice-Budapest mostra le loro &#8220;storie parallele&#8221;","date":"31 Ottobre 2013","format":false,"excerpt":"Il Ministro degli Esteri ungherese Janos Martonyi ha inaugurato a Kosice la scorsa settimana al Museo slovacco orientale (VSM) la mostra slovacco-ungherese \u201cStorie Parallele \u2013 Budapest e Kosice, la capitale e il centro della regione nella seconda parte del XIX secolo\u201d. L\u2019esposizione presenta lo sviluppo urbano in parallelo nel passato\u2026","rel":"","context":"In &quot;Eventi&quot;","img":{"alt_text":"","src":"https:\/\/i0.wp.com\/www.turismoslovacchia.it\/wp-content\/uploads\/kosice-budapest.jpg?resize=350%2C200&ssl=1","width":350,"height":200},"classes":[]}],"jetpack_shortlink":"https:\/\/wp.me\/p1oiY9-1mG","_links":{"self":[{"href":"https:\/\/www.turismoslovacchia.it\/index.php?rest_route=\/wp\/v2\/posts\/5250"}],"collection":[{"href":"https:\/\/www.turismoslovacchia.it\/index.php?rest_route=\/wp\/v2\/posts"}],"about":[{"href":"https:\/\/www.turismoslovacchia.it\/index.php?rest_route=\/wp\/v2\/types\/post"}],"author":[{"embeddable":true,"href":"https:\/\/www.turismoslovacchia.it\/index.php?rest_route=\/wp\/v2\/users\/2"}],"replies":[{"embeddable":true,"href":"https:\/\/www.turismoslovacchia.it\/index.php?rest_route=%2Fwp%2Fv2%2Fcomments&post=5250"}],"version-history":[{"count":0,"href":"https:\/\/www.turismoslovacchia.it\/index.php?rest_route=\/wp\/v2\/posts\/5250\/revisions"}],"wp:featuredmedia":[{"embeddable":true,"href":"https:\/\/www.turismoslovacchia.it\/index.php?rest_route=\/wp\/v2\/media\/4310"}],"wp:attachment":[{"href":"https:\/\/www.turismoslovacchia.it\/index.php?rest_route=%2Fwp%2Fv2%2Fmedia&parent=5250"}],"wp:term":[{"taxonomy":"category","embeddable":true,"href":"https:\/\/www.turismoslovacchia.it\/index.php?rest_route=%2Fwp%2Fv2%2Fcategories&post=5250"},{"taxonomy":"post_tag","embeddable":true,"href":"https:\/\/www.turismoslovacchia.it\/index.php?rest_route=%2Fwp%2Fv2%2Ftags&post=5250"}],"curies":[{"name":"wp","href":"https:\/\/api.w.org\/{rel}","templated":true}]}}