{"id":4327,"date":"2015-01-03T15:47:06","date_gmt":"2015-01-03T14:47:06","guid":{"rendered":"http:\/\/www.turismoslovacchia.it\/?p=4327"},"modified":"2015-05-18T22:07:34","modified_gmt":"2015-05-18T20:07:34","slug":"kilimangiaro-il-4-gennaio-su-rai-tre-la-regione-di-zilina-e-bratislava","status":"publish","type":"post","link":"https:\/\/www.turismoslovacchia.it\/?p=4327","title":{"rendered":"Kilimangiaro: il 4 gennaio su Rai Tre la regione di \u017dilina (e Bratislava)"},"content":{"rendered":"<p style=\"color: #000000; text-align: justify;\"><a href=\"http:\/\/www.turismoslovacchia.it\/?attachment_id=4328\" rel=\"attachment wp-att-4328\"><img decoding=\"async\" loading=\"lazy\" class=\"alignnone size-full wp-image-4328\" src=\"http:\/\/www.turismoslovacchia.it\/wp-content\/uploads\/zilina-regione_TS.jpg\" alt=\"zilina-regione_(TS)\" width=\"520\" height=\"320\" srcset=\"https:\/\/www.turismoslovacchia.it\/wp-content\/uploads\/zilina-regione_TS.jpg 520w, https:\/\/www.turismoslovacchia.it\/wp-content\/uploads\/zilina-regione_TS-300x185.jpg 300w, https:\/\/www.turismoslovacchia.it\/wp-content\/uploads\/zilina-regione_TS-400x246.jpg 400w, https:\/\/www.turismoslovacchia.it\/wp-content\/uploads\/zilina-regione_TS-100x62.jpg 100w, https:\/\/www.turismoslovacchia.it\/wp-content\/uploads\/zilina-regione_TS-200x123.jpg 200w, https:\/\/www.turismoslovacchia.it\/wp-content\/uploads\/zilina-regione_TS-150x92.jpg 150w\" sizes=\"(max-width: 520px) 100vw, 520px\" \/><\/a><\/p>\n<p style=\"color: #000000; text-align: justify;\">L&#8217;Associazione Allegra che gestisce il sito Turismo Slovacchia, insieme e grazie all&#8217;Ente turistico regionale di \u017dilina hanno organizzato un viaggio in Slovacchia\u00a0di una troupe di Rai Tre\u00a0con lo\u00a0scopo di\u00a0produrre un documentario di viaggio da trasmettere nella popolarissima trasmissione domenicale \u201c<a style=\"font-weight: bold; color: #365da0;\" href=\"http:\/\/www.kilimangiaro.rai.it\/dl\/portali\/site\/page\/Page-84888e39-b5d7-4ff8-9899-e0e32b435b54.html\" target=\"_blank\">Kilimangiaro<\/a>\u201d. Il programma, dopo l\u2019uscita di Licia Col\u00f2 che ne ha guidato 14 edizioni, \u00e8 presentato ora da Camilla Raznovich e Dario Vergassola, ed \u00e8\u00a0tra le pi\u00f9\u00a0popolari\u00a0trasmissioni televisive\u00a0di viaggi e turismo in Italia, con una media di 3 milioni e 700 mila spettatori.<\/p>\n<p style=\"color: #000000; text-align: justify;\">I due inviati Rai (Flavia Cappellini, giornalista, e Alessandro Di Federico, videomaker) hanno in modo particolare setacciato la Regione di \u017dilina, a caccia di natura mozzafiato, panorami incantevoli e villaggi e castelli senza tempo, grazie a un press-tour dedicato, organizzato in appena 72 ore dall\u2019ente turistico e da\u00a0Allegra. Purtroppo, alla disponibilit\u00e0 mostrata dalla Regione di \u017dilina\u00a0non ha fatto seguito altrettanta disponibilit\u00e0 dell\u2019Ente turistico di Bratislava. Nella capitale, dunque, la troupe \u00e8 stata accompagnata da Pierluigi Solieri, direttore di <a href=\"http:\/\/www.buongiornoslovacchia.sk\/\">Buongiorno Slovacchia<\/a>, che ha consentito di filmare anche in luoghi dove generalmente \u00e8 necessario un permesso per niente\u00a0facile da ottenere.<\/p>\n<p style=\"color: #000000; text-align: justify;\">Il video,\u00a0girato con moderna tecnica documentaristica, d\u00e0\u00a0la massima attenzione alle immagini, accurate al limite della pignoleria, con\u00a0abbondante uso di carrellate, time-lapse e altro.\u00a0Tra le localit\u00e0 riprese vi sono le terme di Rajeck\u00e9 Teplice, il villaggio di case tipiche decorate in legno di \u010ci\u010dmany, il Castello di Orava, il villaggio Vlkol\u00ednec, patrimonio Unesco, il resort sciistico di Jasn\u00e1. E poi il microbirrificio artigianale Brontvai con pensione e ristorante a Kva\u010dany, la citt\u00e0 di \u017dilina e diverse altre cose, tutte in spirito natalizio con luci, decorazioni e atmosfera delle feste.<\/p>\n<p style=\"color: #000000; text-align: justify;\">Allegra gi\u00e0 lo scorsa estate aveva portato in Slovacchia cinque giornalisti italiani della carta stampata (quotidiani, free-press, riviste specializzate), del web e della televisione, che hanno prodotto decine di materiali sulla Regione di \u017dilina\u00a0sui loro rispettivi mezzi di comunicazione che, complessivamente, hanno raggiunto oltre un milione tra lettori, spettatori, e navigatori della rete.<\/p>\n<p style=\"color: #000000; text-align: justify;\">Appuntamento allora per questo nuovo documentario\u00a0<strong>domenica 4 gennaio 2015 alle 15:00 su Rai Tre<\/strong>! Per chi non potesse,\u00a0<a style=\"font-weight: bold; color: #365da0;\" href=\"http:\/\/www.rai.tv\/dl\/RaiTV\/programmi\/media\/ContentItem-2fd0748e-b062-406a-b649-8ffbfc78847e.html#p=0\" target=\"_blank\">sul sito del programma<\/a>\u00a0dopo quella data sar\u00e0 disponibile la trasmissione in streaming (dal minuto 87:30).<\/p>\n<p style=\"color: #000000; text-align: justify;\">(T.S.)<\/p>\n<p style=\"color: #000000; text-align: right;\"><span style=\"color: #808080;\"><em>Foto: collage di immagini della Regione di\u00a0\u017dilina (T.S.)<\/em><\/span><\/p>\n","protected":false},"excerpt":{"rendered":"<p>L&#8217;Associazione Allegra che gestisce il sito Turismo Slovacchia, insieme e grazie all&#8217;Ente turistico regionale di \u017dilina hanno organizzato un viaggio in Slovacchia\u00a0di una troupe di Rai Tre\u00a0con lo\u00a0scopo di\u00a0produrre un documentario di viaggio da trasmettere nella popolarissima trasmissione domenicale \u201cKilimangiaro\u201d. Il programma, dopo l\u2019uscita di Licia Col\u00f2 che ne ha guidato 14 edizioni, \u00e8 presentato [&hellip;]<\/p>\n","protected":false},"author":2,"featured_media":4328,"comment_status":"open","ping_status":"open","sticky":false,"template":"","format":"standard","meta":[],"categories":[3,5,1],"tags":[327,495,182,496,603,75,357,26],"aioseo_notices":[],"jetpack_featured_media_url":"https:\/\/www.turismoslovacchia.it\/wp-content\/uploads\/zilina-regione_TS.jpg","jetpack_sharing_enabled":true,"jetpack-related-posts":[{"id":4351,"url":"https:\/\/www.turismoslovacchia.it\/?p=4351","url_meta":{"origin":4327,"position":0},"title":"Bratislava e la Regione di \u017dilina su Kilimangiaro (RAI 3) &#8211; Video","date":"5 Gennaio 2015","format":false,"excerpt":"Andato in onda ieri 4 gennaio, \u00e8 ora disponibile su YouTube grazie a Jaro (Jaruskot TalaPhotography) che lo ha estratto, il servizio di Kilimangiaro sulla Slovacchia. Dopo un breve focus sulla capitale Bratislava, il video \u00e8 puntato innanzitutto su alcune localit\u00e0 della regione di\u00a0\u017dilina. Il servizio di Kilimangiaro sulla Slovacchia:\u2026","rel":"","context":"In &quot;Articoli&quot;","img":{"alt_text":"","src":"https:\/\/i0.wp.com\/www.turismoslovacchia.it\/wp-content\/uploads\/kilim02_jasna.jpg?resize=350%2C200&ssl=1","width":350,"height":200},"classes":[]},{"id":8985,"url":"https:\/\/www.turismoslovacchia.it\/?p=8985","url_meta":{"origin":4327,"position":1},"title":"Turismo in aumento in Slovacchia, +4,1% nel 2018","date":"13 Giugno 2019","format":false,"excerpt":"Il numero di visitatori in Slovacchia nel 2018\u00a0\u00e8 aumentato del 4,1%\u00a0secondo l'Associazione slovacca delle agenzie di viaggio e dei tour operator. Dei 5,6 milioni totali, 3,3 milioni erano slovacchi, e il resto stranieri.\u00a0La gran parte dei turisti era diretta a Bratislava, Poprad, Liptovsk\u00fd Mikul\u00e1\u0161, \u017dilina e Ko\u0161ice. La regione di\u2026","rel":"","context":"In &quot;Articoli&quot;","img":{"alt_text":"","src":"https:\/\/i0.wp.com\/www.turismoslovacchia.it\/wp-content\/uploads\/bratis-turist_krysi@-124683093_@pano-cc-by.jpg?resize=350%2C200&ssl=1","width":350,"height":200},"classes":[]},{"id":791,"url":"https:\/\/www.turismoslovacchia.it\/?p=791","url_meta":{"origin":4327,"position":2},"title":"Progetto di parco giochi da 1 milione di turisti nella regione di Liptov","date":"4 Marzo 2011","format":false,"excerpt":"La societa' Tatra SPC3 intende costruire uno dei parchi divertimento a tema pi\u00f9 grandi in Europa centrale, nei pressi di Liptovsky Mikulas, nella regione di Zilina. Il progetto di investimento prevede la creazione di centinaia di posti di lavoro, migliaia di turisti e milioni di giro d\u2019affari nella regione di\u2026","rel":"","context":"In &quot;Articoli&quot;","img":{"alt_text":"","src":"https:\/\/i0.wp.com\/www.turismoslovacchia.it\/wp-content\/uploads\/parco-divertimenti.jpg?resize=350%2C200&ssl=1","width":350,"height":200},"classes":[]},{"id":4053,"url":"https:\/\/www.turismoslovacchia.it\/?p=4053","url_meta":{"origin":4327,"position":3},"title":"\u010ci\u010dmany, dove le case sembrano ricami (photogallery)","date":"9 Luglio 2014","format":false,"excerpt":"\u010ci\u010dmany (in ungherese: Csicsm\u00e1ny, tedesco: Zimmermannshau) \u00e8 un villaggio nella regione di \u017dilina, Slovacchia settentrionale. \u00c8 noto come prima riserva di architettura popolare in tutto il mondo (fu creata nel 1977). Il primo riferimento scritto al paese risale al 1272. Dopo un grande incendio nel 1921, il villaggio \u00e8 stato\u2026","rel":"","context":"In &quot;Articoli&quot;","img":{"alt_text":"","src":"https:\/\/i0.wp.com\/www.turismoslovacchia.it\/wp-content\/uploads\/Cicmany_arachide_150407449@flickr.jpg?resize=350%2C200&ssl=1","width":350,"height":200},"classes":[]},{"id":947,"url":"https:\/\/www.turismoslovacchia.it\/?p=947","url_meta":{"origin":4327,"position":4},"title":"SACR: nuovo film promozionale per i turisti in occasione del Campionato di hockey","date":"2 Maggio 2011","format":false,"excerpt":"L\u2019Agenzia Slovacca per il Turismo (SACR) ha presentato un nuovo filmato per promuovere la Slovacchia in occasione dell\u2019inizio dei Campionati del Mondo di hockey su ghiaccio che si giocano in Slovacchia in questi giorni. Il filmato viene proiettato sui megaschermi della Orange Arena di Bratislava e della Steel Arena di\u2026","rel":"","context":"In &quot;Articoli&quot;","img":{"alt_text":"http:\/\/www.turismoslovacchia.it\/wp-admin\/media-upload.php?type=image&tab=library&post_id=1470&post_mime_type=&s=bardej&m=0#","src":"https:\/\/i0.wp.com\/www.turismoslovacchia.it\/wp-content\/uploads\/Bardejov-Slovacchia-flickrbarry_432.jpg?resize=350%2C200&ssl=1","width":350,"height":200},"classes":[]},{"id":6845,"url":"https:\/\/www.turismoslovacchia.it\/?p=6845","url_meta":{"origin":4327,"position":5},"title":"Numero record di turisti in Slovacchia nell&#8217;estate 2016","date":"3 Novembre 2016","format":false,"excerpt":"Come confermano i dati pubblicati dall'Ufficio di Statistica slovacco, l\u2019estate 2016 \u00e8 stata da record per il settore del turismo in Slovacchia. Tra giugno ed agosto 2016 hanno trascorso un periodo in Slovacchia 1.618.633 persone, un numero superiore del 15,8% rispetto allo scorso anno, e pi\u00f9 di 5 milioni sono\u2026","rel":"","context":"In &quot;Articoli&quot;","img":{"alt_text":"","src":"https:\/\/i0.wp.com\/www.turismoslovacchia.it\/wp-content\/uploads\/cicloturismo.jpg?resize=350%2C200&ssl=1","width":350,"height":200},"classes":[]}],"jetpack_shortlink":"https:\/\/wp.me\/p1oiY9-17N","_links":{"self":[{"href":"https:\/\/www.turismoslovacchia.it\/index.php?rest_route=\/wp\/v2\/posts\/4327"}],"collection":[{"href":"https:\/\/www.turismoslovacchia.it\/index.php?rest_route=\/wp\/v2\/posts"}],"about":[{"href":"https:\/\/www.turismoslovacchia.it\/index.php?rest_route=\/wp\/v2\/types\/post"}],"author":[{"embeddable":true,"href":"https:\/\/www.turismoslovacchia.it\/index.php?rest_route=\/wp\/v2\/users\/2"}],"replies":[{"embeddable":true,"href":"https:\/\/www.turismoslovacchia.it\/index.php?rest_route=%2Fwp%2Fv2%2Fcomments&post=4327"}],"version-history":[{"count":0,"href":"https:\/\/www.turismoslovacchia.it\/index.php?rest_route=\/wp\/v2\/posts\/4327\/revisions"}],"wp:featuredmedia":[{"embeddable":true,"href":"https:\/\/www.turismoslovacchia.it\/index.php?rest_route=\/wp\/v2\/media\/4328"}],"wp:attachment":[{"href":"https:\/\/www.turismoslovacchia.it\/index.php?rest_route=%2Fwp%2Fv2%2Fmedia&parent=4327"}],"wp:term":[{"taxonomy":"category","embeddable":true,"href":"https:\/\/www.turismoslovacchia.it\/index.php?rest_route=%2Fwp%2Fv2%2Fcategories&post=4327"},{"taxonomy":"post_tag","embeddable":true,"href":"https:\/\/www.turismoslovacchia.it\/index.php?rest_route=%2Fwp%2Fv2%2Ftags&post=4327"}],"curies":[{"name":"wp","href":"https:\/\/api.w.org\/{rel}","templated":true}]}}