{"id":4245,"date":"2014-10-02T22:27:35","date_gmt":"2014-10-02T20:27:35","guid":{"rendered":"http:\/\/www.turismoslovacchia.it\/?p=4245"},"modified":"2016-09-15T20:48:19","modified_gmt":"2016-09-15T18:48:19","slug":"bratislava-weekend-ricco-di-festival-arte-al-blaf-2014-e-musicisti-emergenti-con-waves","status":"publish","type":"post","link":"https:\/\/www.turismoslovacchia.it\/?p=4245","title":{"rendered":"Bratislava, weekend ricco di festival: arte al BLAF 2014 e musicisti emergenti con Waves"},"content":{"rendered":"<p style=\"text-align: justify;\"><a href=\"http:\/\/www.turismoslovacchia.it\/?attachment_id=4246\" rel=\"attachment wp-att-4246\"><img decoding=\"async\" loading=\"lazy\" class=\"alignnone size-full wp-image-4246\" src=\"http:\/\/www.turismoslovacchia.it\/wp-content\/uploads\/artecontem_382853-pixabay.jpg\" alt=\"artecontem_(382853-pixabay)\" width=\"520\" height=\"320\" srcset=\"https:\/\/www.turismoslovacchia.it\/wp-content\/uploads\/artecontem_382853-pixabay.jpg 520w, https:\/\/www.turismoslovacchia.it\/wp-content\/uploads\/artecontem_382853-pixabay-300x185.jpg 300w, https:\/\/www.turismoslovacchia.it\/wp-content\/uploads\/artecontem_382853-pixabay-400x246.jpg 400w, https:\/\/www.turismoslovacchia.it\/wp-content\/uploads\/artecontem_382853-pixabay-100x62.jpg 100w, https:\/\/www.turismoslovacchia.it\/wp-content\/uploads\/artecontem_382853-pixabay-200x123.jpg 200w, https:\/\/www.turismoslovacchia.it\/wp-content\/uploads\/artecontem_382853-pixabay-150x92.jpg 150w\" sizes=\"(max-width: 520px) 100vw, 520px\" \/><\/a><\/p>\n<p style=\"text-align: justify;\">La quinta edizione del <strong>Bratislava Art Festival<\/strong> (BLAF) porter\u00e0 di nuovo cittadini e visitatori della capitale slovacca a diretto contatto con l&#8217;arte contemporanea nelle sue diverse forme. BLAF \u00e8 un network di collaborazione attiva e itinerante tra le gallerie d&#8217;arte private e quelle pubbliche. Il programma del festival, che ha preso avvio \u00a0ieri, si estende fino a tutta domenica 5 ottobre con diverse attivit\u00e0, laboratori, concerti, programmi educativi, inaugurazioni, visite guidate a mostre, programmi per le famiglie. La rassegna di quest\u2019anno ha come domanda di fondo. \u201c(\u00c8) l&#8217;arte per le masse?\u201d. Ai visitatori l\u2019incarico di trovare una risposta.<\/p>\n<p style=\"text-align: justify;\">Info: <a href=\"http:\/\/www.blaf.sk\/\">www.blaf.sk<\/a>.<\/p>\n<p style=\"text-align: justify;\"><strong>Waves Bratislava<\/strong><\/p>\n<p style=\"text-align: justify;\">Sempre da oggi a domenica in 9 club della capitale si potr\u00e0 assistere a 90 performance di altrettanti artisti e gruppi con un biglietto unico nell\u2019ambito del <strong>Festival Waves<\/strong>. Il festival di Bratislava, nato lo scorso anno insieme al contemporaneo \u201cfratello\u201d Vienna Waves, e dedicato alle possibili future \u201cstelle\u201d della scena rock e pop, ha gi\u00e0 raddoppiato il suo formato con due giorni pieni, segno di un immediato successo condiviso dal pubblico. La partecipazione alla rassegna \u00e8 internazionale, e anche un gruppo italiano, i JoyCut, saranno della partita. Insieme ai concerti si tiene anche, per la quarta volta, la Waves Music Conference 2014, divisa equamente tra Bratislava (all\u2019hotel Crown Plaza) e Vienna, rivolta principalmente a professionisti della musica, musicisti, promotori, organizzatori di concerti e festival, giornalisti, manager.<\/p>\n<p style=\"text-align: justify;\">Info: <a href=\"http:\/\/www.wavesbratislava.com\/\">www.wavesbratislava.com<\/a>. Tutti gli artisti presenti <a href=\"http:\/\/www.wavesbratislava.com\/\">a questa pagina<\/a>.<\/p>\n<p style=\"text-align: justify;\"><img decoding=\"async\" loading=\"lazy\" class=\"alignnone\" src=\"http:\/\/www.tourismbratislava.com\/\" alt=\"\" width=\"519\" height=\"192\" \/><\/p>\n<p style=\"text-align: justify;\">(La Redazione)<\/p>\n<p style=\"text-align: justify;\"><em><span style=\"color: #808080;\">Foto\u00a0<a href=\"http:\/\/pixabay.com\/en\/users\/stux\/\"><span style=\"color: rgb(128, 128, 128);\">Stux<\/span><\/a><\/span><\/em><\/p>\n","protected":false},"excerpt":{"rendered":"<p>La quinta edizione del Bratislava Art Festival (BLAF) porter\u00e0 di nuovo cittadini e visitatori della capitale slovacca a diretto contatto con l&#8217;arte contemporanea nelle sue diverse forme. BLAF \u00e8 un network di collaborazione attiva e itinerante tra le gallerie d&#8217;arte private e quelle pubbliche. Il programma del festival, che ha preso avvio \u00a0ieri, si estende [&hellip;]<\/p>\n","protected":false},"author":2,"featured_media":4246,"comment_status":"open","ping_status":"open","sticky":false,"template":"","format":"standard","meta":[],"categories":[3,5,1],"tags":[347,190,642,9,249,44,38],"aioseo_notices":[],"jetpack_featured_media_url":"https:\/\/www.turismoslovacchia.it\/wp-content\/uploads\/artecontem_382853-pixabay.jpg","jetpack_sharing_enabled":true,"jetpack-related-posts":[{"id":2780,"url":"https:\/\/www.turismoslovacchia.it\/?p=2780","url_meta":{"origin":4245,"position":0},"title":"BLAF, Bratislava Art Festival 2013","date":"25 Settembre 2013","format":false,"excerpt":"Prende avvio domani 26 settembre BLAF, il Bratislava Art Festival, rassegna annuale di arti visive che ha l\u2019obiettivo di dare al grande pubblico, anche non avvezzo ai linguaggi dell\u2019arte contemporanea, la possibilita' di vedere, sperimentare, capire, e discutere di arte, confrontandosi con la scena contemporanea slovacca. Il festival \u00e8 una\u2026","rel":"","context":"In &quot;Eventi&quot;","img":{"alt_text":"","src":"https:\/\/i0.wp.com\/www.turismoslovacchia.it\/wp-content\/uploads\/blaf13.jpg?resize=350%2C200&ssl=1","width":350,"height":200},"classes":[]},{"id":9213,"url":"https:\/\/www.turismoslovacchia.it\/?p=9213","url_meta":{"origin":4245,"position":1},"title":"Ottobre 2019: gli eventi a Bratislava e dintorni","date":"27 Settembre 2019","format":false,"excerpt":"Biela noc \/ Notte bianca \u2013 Bratislava 27 - 29 settembre 2019 La Notte Bianca \u00e8 l\u2019evento pi\u00f9 partecipato di arte contemporanea in Slovacchia, e si rif\u00e0 alle esperienze nate in questo campo in altri paesi. Organizzata a Bratislava e nella \u00ecmetropoli dell\u2019est\u2019, Kosice, la Notte Bianca \u00e8 una magica\u2026","rel":"","context":"In &quot;Eventi&quot;","img":{"alt_text":"","src":"https:\/\/i0.wp.com\/www.turismoslovacchia.it\/wp-content\/uploads\/musica-class@pixx.jpg?resize=350%2C200&ssl=1","width":350,"height":200},"classes":[]},{"id":9210,"url":"https:\/\/www.turismoslovacchia.it\/?p=9210","url_meta":{"origin":4245,"position":2},"title":"Settembre 2019: gli eventi a Bratislava e dintorni","date":"31 Agosto 2019","format":false,"excerpt":"Pezinsk\u00e9 viechy\u00a0\/ Cantine di Pezinok \u2013 Pezinok maggio-ottobre 2019 Dall\u2019inizio di maggio fino al prossimo ottobre, questo evento d\u00e0 l\u2019opportunit\u00e0 unica per degustare i vini dei produttori di Pezinok, e anche chiedere loro curiosit\u00e0 e segreti della propria produzione. Quanto meno, gustare un buon bicchiere di vino in compagnia. Iscrizione\u2026","rel":"","context":"In &quot;Eventi&quot;","img":{"alt_text":"","src":"https:\/\/i0.wp.com\/www.turismoslovacchia.it\/wp-content\/uploads\/eventi_00.jpg?resize=350%2C200&ssl=1","width":350,"height":200},"classes":[]},{"id":1245,"url":"https:\/\/www.turismoslovacchia.it\/?p=1245","url_meta":{"origin":4245,"position":3},"title":"La Galleria Civica di Bratislava compie 50 anni e celebra le sue collezioni","date":"22 Settembre 2011","format":false,"excerpt":"Nella cornice dei festeggiamenti dei cinquant\u2019anni di attivit\u00e1 della Galleria Civica di Bratislava, viene aperta oggi una mostra celebrativa collettiva, collettiva anche dal punto di vista curatoriale poich\u00e9 coinvolge tutte le forze interne dell\u2019istituto. Si tratta di una mostra storica e riepilogativa dello sviluppo dell\u2019istituzione museale che oggi rappresenta uno\u2026","rel":"","context":"In &quot;Articoli&quot;","img":{"alt_text":"","src":"https:\/\/i0.wp.com\/www.turismoslovacchia.it\/wp-content\/uploads\/Palazzo-Mirbach-GBM-Bratislava.jpg?resize=350%2C200&ssl=1","width":350,"height":200},"classes":[]},{"id":8295,"url":"https:\/\/www.turismoslovacchia.it\/?p=8295","url_meta":{"origin":4245,"position":4},"title":"Novembre 2017: gli eventi a Bratislava e dintorni","date":"28 Ottobre 2017","format":false,"excerpt":"Tra\u00a0gli eventi pi\u00f9 rilevanti del novembre 2017 nella citt\u00e0 e regione di Bratislava\u00a0vanno ricordati nella capitale il Mese della Fotografia e lo Slovak Press Photo,\u00a0 appuntamenti che da tempo sono ormai diventati un must del mese di novembre, e poi il Festival della Libert\u00e0, che si tiene nelle date intorno\u2026","rel":"","context":"In &quot;Articoli&quot;","img":{"alt_text":"","src":"https:\/\/i0.wp.com\/www.turismoslovacchia.it\/wp-content\/uploads\/eventi_00.jpg?resize=350%2C200&ssl=1","width":350,"height":200},"classes":[]},{"id":8779,"url":"https:\/\/www.turismoslovacchia.it\/?p=8779","url_meta":{"origin":4245,"position":5},"title":"Novembre 2018: gli eventi a Bratislava e dintorni","date":"28 Ottobre 2018","format":false,"excerpt":"Bratislava Music Festival \u2013 Bratislava 28 settembre \u2013 14 ottobre 2018 La 54esima edizione del pi\u00f9 antico e prestigioso festival musicale internazionale in Slovacchia,\u00a0Bratislavsk\u00e9 Hudobn\u00e9 Sl\u00e1vnosti (BHS) prende il via il 28 settembre con un concerto inaugurale della Filarmonica Slovacca diretta da James Judd che vedr\u00e0 eseguiti brani di\u00a0Alexander Moyzes\u2026","rel":"","context":"In &quot;Eventi&quot;","img":{"alt_text":"","src":"https:\/\/i0.wp.com\/www.turismoslovacchia.it\/wp-content\/uploads\/vino-FB_malokarpatskavinnacestaMVC.jpg?resize=350%2C200&ssl=1","width":350,"height":200},"classes":[]}],"jetpack_shortlink":"https:\/\/wp.me\/p1oiY9-16t","_links":{"self":[{"href":"https:\/\/www.turismoslovacchia.it\/index.php?rest_route=\/wp\/v2\/posts\/4245"}],"collection":[{"href":"https:\/\/www.turismoslovacchia.it\/index.php?rest_route=\/wp\/v2\/posts"}],"about":[{"href":"https:\/\/www.turismoslovacchia.it\/index.php?rest_route=\/wp\/v2\/types\/post"}],"author":[{"embeddable":true,"href":"https:\/\/www.turismoslovacchia.it\/index.php?rest_route=\/wp\/v2\/users\/2"}],"replies":[{"embeddable":true,"href":"https:\/\/www.turismoslovacchia.it\/index.php?rest_route=%2Fwp%2Fv2%2Fcomments&post=4245"}],"version-history":[{"count":0,"href":"https:\/\/www.turismoslovacchia.it\/index.php?rest_route=\/wp\/v2\/posts\/4245\/revisions"}],"wp:featuredmedia":[{"embeddable":true,"href":"https:\/\/www.turismoslovacchia.it\/index.php?rest_route=\/wp\/v2\/media\/4246"}],"wp:attachment":[{"href":"https:\/\/www.turismoslovacchia.it\/index.php?rest_route=%2Fwp%2Fv2%2Fmedia&parent=4245"}],"wp:term":[{"taxonomy":"category","embeddable":true,"href":"https:\/\/www.turismoslovacchia.it\/index.php?rest_route=%2Fwp%2Fv2%2Fcategories&post=4245"},{"taxonomy":"post_tag","embeddable":true,"href":"https:\/\/www.turismoslovacchia.it\/index.php?rest_route=%2Fwp%2Fv2%2Ftags&post=4245"}],"curies":[{"name":"wp","href":"https:\/\/api.w.org\/{rel}","templated":true}]}}