{"id":3481,"date":"2014-03-07T18:31:24","date_gmt":"2014-03-07T17:31:24","guid":{"rendered":"http:\/\/www.turismoslovacchia.it\/?p=3481"},"modified":"2016-09-17T21:11:44","modified_gmt":"2016-09-17T19:11:44","slug":"primavera-via-alle-prime-passeggiate-in-slovacchia-attenti-pero-a-non-cogliere-bucaneve","status":"publish","type":"post","link":"https:\/\/www.turismoslovacchia.it\/?p=3481","title":{"rendered":"Primavera, via alle prime passeggiate in Slovacchia. Attenti per\u00f2 a non cogliere bucaneve!"},"content":{"rendered":"<p style=\"text-align: justify;\"><a href=\"http:\/\/www.turismoslovacchia.it\/?attachment_id=3482\" rel=\"attachment wp-att-3482\"><img decoding=\"async\" loading=\"lazy\" class=\"alignnone size-full wp-image-3482\" title=\"bucane-fores-primave_(foto_pixabay-84979)\" src=\"http:\/\/www.turismoslovacchia.it\/wp-content\/uploads\/bucane-fores-primave_foto_pixabay-84979.jpg\" alt=\"\" width=\"520\" height=\"320\" srcset=\"https:\/\/www.turismoslovacchia.it\/wp-content\/uploads\/bucane-fores-primave_foto_pixabay-84979.jpg 520w, https:\/\/www.turismoslovacchia.it\/wp-content\/uploads\/bucane-fores-primave_foto_pixabay-84979-300x185.jpg 300w, https:\/\/www.turismoslovacchia.it\/wp-content\/uploads\/bucane-fores-primave_foto_pixabay-84979-400x246.jpg 400w, https:\/\/www.turismoslovacchia.it\/wp-content\/uploads\/bucane-fores-primave_foto_pixabay-84979-100x62.jpg 100w, https:\/\/www.turismoslovacchia.it\/wp-content\/uploads\/bucane-fores-primave_foto_pixabay-84979-200x123.jpg 200w, https:\/\/www.turismoslovacchia.it\/wp-content\/uploads\/bucane-fores-primave_foto_pixabay-84979-150x92.jpg 150w\" sizes=\"(max-width: 520px) 100vw, 520px\" \/><\/a><\/p>\n<p style=\"text-align: justify;\">Chi pensasse di fare una passeggiata da qualche parte in Slovacchia e cogliere bucaneve (Galanthus nivalis \u2212 slovacco: Sne\u017eienka jarn\u00e1), magari per regalarne un mazzolino alla propria bella, farebbe bene a pensarci due volte. Il costo di tale operazione potrebbe essere estremamente esoso: anche fino a 3.300 euro se beccati dalle autorit\u00e0 forestali in una zona naturali protetta, leggiamo su un sito di notizie ambientali, Greenfudge.org. Molti per\u00f2, dice l\u2019articolista, non sono ancora ben consapevoli che il pi\u00f9 popolare fiore primaverile appartiene ad una specie protetta (in tutta l\u2019UE dal 2005) e che la legge slovacca punisce i trasgressori in modo molto pesante.<\/p>\n<p style=\"text-align: justify;\">L\u2019ammenda massima, tuttavia, \u00e8 inflitta solo a chi \u00e8 colto a raccogliere i fiori nei parchi naturali e nelle riserve naturali e aree protette, come quelle degli Alti e Bassi Tatra, dei Mala e Velka Fatra, dei parchi sui monti Pieniny, Poloniny, Muran, Slovensky Raj (il Paradiso slovacco), e nel Carso slovacco (Slovensk\u00fd kras). Tutte mete molto popolari per le escursioni di primavera.<\/p>\n<p><span class=\"embed-youtube\" style=\"text-align:center; display: block;\"><iframe loading=\"lazy\" class=\"youtube-player\" width=\"1140\" height=\"642\" src=\"https:\/\/www.youtube.com\/embed\/NSOpp8mT9fs?version=3&#038;rel=1&#038;showsearch=0&#038;showinfo=1&#038;iv_load_policy=1&#038;fs=1&#038;hl=it-IT&#038;autohide=2&#038;wmode=transparent\" allowfullscreen=\"true\" style=\"border:0;\" sandbox=\"allow-scripts allow-same-origin allow-popups allow-presentation\"><\/iframe><\/span><\/p>\n<p style=\"text-align: justify;\">Secondo il Ministero dell\u2019Ambiente slovacco, nel 2013 sono state elevate 1.254 contravvenzioni, ma l\u2019importo delle ammende inflitte \u00e8 stata intorno ai 1.470 euro. Ad essere protetti non sono solo i bucaneve, la cui stagione \u00e8 agli inizi in questi giorni, ma anche altre specie come gli altri fiori di bosco e le bacche rosse.<\/p>\n<p style=\"text-align: justify;\">La legge slovacca prevede ammende pi\u00f9 dure di quelle dei paesi vicini. Potrebbe convenire andare a raccogliere bucaneve in Ungheria, ad esempio, dove si rischia una multa non superiore a 30 euro, mentre in Austria addirittura \u00e8 possibile raccogliere liberamente fiori in un mazzetto della larghezza di due dita.<\/p>\n<figure style=\"width: 520px\" class=\"wp-caption alignnone\"><img decoding=\"async\" loading=\"lazy\" class=\" \" src=\"http:\/\/upload.wikimedia.org\/wikipedia\/commons\/thumb\/4\/47\/Illustration_Galanthus_nivalis0.jpg\/538px-Illustration_Galanthus_nivalis0.jpg\" alt=\"\" width=\"520\" height=\"870\" \/><figcaption class=\"wp-caption-text\">Galanthus nivalis (bucaneve), Prof. Dr. Otto Wilhelm Thom\u00e9 Flora von Deutschland, \u00d6sterreich und der Schweiz 1885 <span style=\"color: #888888;\">(<a href=\"http:\/\/en.wikipedia.org\/wiki\/File:Illustration_Galanthus_nivalis0.jpg\" data-rel=\"lightbox-gallery-baIm9BiA\" data-rl_title=\"\" data-rl_caption=\"\" title=\"\"><span style=\"color: #888888;\">Wikimedia Commons<\/span><\/a>)<\/span><\/figcaption><\/figure>\n<p style=\"text-align: justify;\"><span style=\"color: #888888;\">(Fonte\u00a0<a href=\"http:\/\/www.greenfudge.org\/2014\/03\/05\/slovakia-a-high-price-to-pay-for-snowdrops\/\" target=\"_blank\"><span style=\"color: #888888;\">greenfudge.org<\/span><\/a>\/buongiornoslovacchia.sk)<\/span><\/p>\n<p style=\"text-align: right;\"><span style=\"color: #888888;\">Foto <a href=\"http:\/\/pixabay.com\/en\/snowdrop-february-spring-84979\/\"><span style=\"color: #888888;\">Engel62 @ Pixabay.com<\/span><\/a><\/span><\/p>\n","protected":false},"excerpt":{"rendered":"<p>Chi pensasse di fare una passeggiata da qualche parte in Slovacchia e cogliere bucaneve (Galanthus nivalis \u2212 slovacco: Sne\u017eienka jarn\u00e1), magari per regalarne un mazzolino alla propria bella, farebbe bene a pensarci due volte. Il costo di tale operazione potrebbe essere estremamente esoso: anche fino a 3.300 euro se beccati dalle autorit\u00e0 forestali in una [&hellip;]<\/p>\n","protected":false},"author":2,"featured_media":3482,"comment_status":"open","ping_status":"open","sticky":false,"template":"","format":"standard","meta":[],"categories":[3,1,326],"tags":[579,468,580,97,578,581,356],"aioseo_notices":[],"jetpack_featured_media_url":"https:\/\/www.turismoslovacchia.it\/wp-content\/uploads\/bucane-fores-primave_foto_pixabay-84979.jpg","jetpack_sharing_enabled":true,"jetpack-related-posts":[{"id":865,"url":"https:\/\/www.turismoslovacchia.it\/?p=865","url_meta":{"origin":3481,"position":0},"title":"La Zecca di Kremnica \u00e8 ora parte del Patrimonio Culturale Europeo","date":"22 Marzo 2011","format":false,"excerpt":"Kremnica, una delle cittadine minerarie pi\u00f9 importanti non solo in Europa, ma anche in tutto il mondo, \u00e8 stata inclusa nella lista del Patrimonio Culturale Europeo, dove sono iscritti insigni monumenti culturali e luoghi naturali d'Europa. Il 24 febbraio scorso, infatti, la Zecca di Kremnica \u00e8 entrata a far parte\u2026","rel":"","context":"In &quot;Articoli&quot;","img":{"alt_text":"","src":"https:\/\/i0.wp.com\/www.turismoslovacchia.it\/wp-content\/uploads\/Kremnica-Colonna-della-Trinita-Slovacchia-sk-travel.jpg?resize=350%2C200&ssl=1","width":350,"height":200},"classes":[]},{"id":4502,"url":"https:\/\/www.turismoslovacchia.it\/?p=4502","url_meta":{"origin":3481,"position":1},"title":"Invito in Slovacchia &#8211; All&#8217;Expo Milano 2015 !","date":"29 Aprile 2015","format":false,"excerpt":"Venerd\u00ec 1 maggio 2015 sar\u00e0 inaugurato a Milano, all\u2019interno dell\u2019Esposizione Universale Expo 2015, anche il padiglione della Slovacchia. Appuntamento per la cerimonia di apertura alle ore 14.30 presso il padiglione, che si trova nella zona orientale dell\u2019area Expo, a breve distanza dall\u2019accesso \u201cEst Roserio\u201d. A questa pagina tutte le informazioni\u2026","rel":"","context":"In &quot;Articoli&quot;","img":{"alt_text":"","src":"https:\/\/i0.wp.com\/www.turismoslovacchia.it\/wp-content\/uploads\/expo2015-slovakia-e1430339994961.jpg?resize=350%2C200&ssl=1","width":350,"height":200},"classes":[]},{"id":8999,"url":"https:\/\/www.turismoslovacchia.it\/?p=8999","url_meta":{"origin":3481,"position":2},"title":"Cinque motivi per visitare la Slovacchia","date":"4 Agosto 2019","format":false,"excerpt":"Nel 2017 ho vissuto e lavorato per un periodo in questo bellissimo Stato dell\u2019Europa centrale che purtroppo in Italia \u00e8 uno dei Paesi meno considerati (e conosciuti). Devo dire che pure io, inizialmente, non ne sapevo nulla, a dire la verit\u00e0 la scelta di andare in Slovacchia \u00e8 stata piuttosto\u2026","rel":"","context":"In &quot;Articoli&quot;","img":{"alt_text":"","src":"https:\/\/i0.wp.com\/www.turismoslovacchia.it\/wp-content\/uploads\/spis_Kanuscak-58112482-BY-ND@pano.jpg?resize=350%2C200&ssl=1","width":350,"height":200},"classes":[]},{"id":1213,"url":"https:\/\/www.turismoslovacchia.it\/?p=1213","url_meta":{"origin":3481,"position":3},"title":"Tutta l\u2019incredibile ricchezza delle 6.000 grotte slovacche in un nuovo libro","date":"18 Aprile 2012","format":false,"excerpt":"\u00c8 stato presentato a Bratislava il nuovo libro \u201cJaskyne\u201d (\u2018Grotte\u2019) di Pavel Bella che porta \u201cin superficie\u201d la grande ricchezza sotterranea della Slovacchia, con le sue oltre 6.000 grotte e caverne, uno dei gioielli di questa parte di mondo. La pubblicazione in slovacco, stampata dalla casa editrice Dajama nella collana\u2026","rel":"","context":"In &quot;Articoli&quot;","img":{"alt_text":"","src":"https:\/\/i0.wp.com\/www.turismoslovacchia.it\/wp-content\/uploads\/Grotta-di-ghiaccio-Demanovska-fonte_slovakia-travel.jpg?resize=350%2C200&ssl=1","width":350,"height":200},"classes":[]},{"id":3448,"url":"https:\/\/www.turismoslovacchia.it\/?p=3448","url_meta":{"origin":3481,"position":4},"title":"La Strada del Vino Tokaj (Tokajsk\u00e1 v\u00ednna cesta)","date":"20 Febbraio 2014","format":false,"excerpt":"La regione vinicola del Tokaj \u00e8 a cavallo del confine slovacco-ungherese. In territorio slovacco si estende per una piccola zona nella Regione di Kosice, divenuta cecoslovacca con il Trattato del Trianon dopo la Prima Guerra mondiale. I vigneti slovacchi di Tokaj occupano un\u2019area coltivata di circa 565 ettari, diffusi in\u2026","rel":"","context":"In &quot;Articoli&quot;","img":{"alt_text":"","src":"https:\/\/i0.wp.com\/www.turismoslovacchia.it\/wp-content\/uploads\/tokaj_thomas_hackl-4964937234.jpg?resize=350%2C200&ssl=1","width":350,"height":200},"classes":[]},{"id":3890,"url":"https:\/\/www.turismoslovacchia.it\/?p=3890","url_meta":{"origin":3481,"position":5},"title":"Arnold torna a casa. Aquila rientra in Slovacchia dopo lo sverno in Sudafrica a 8000 km di distanza","date":"29 Aprile 2014","format":false,"excerpt":"Un esemplare maschio di Aquila anatraia minore (detta anche Aquila pomarina) ha catturato i cuori degli slovacchi con il suo viaggio migratorio, che l\u2019ha riportato in Slovacchia dopo il soggiorno invernale nell\u2019Africa sub-equatoriale. Le centinaia di bird-watchers in tutto il paese che hanno seguito la migrazione in diretta via Internet\u2026","rel":"","context":"In &quot;Articoli&quot;","img":{"alt_text":"","src":"https:\/\/i0.wp.com\/www.turismoslovacchia.it\/wp-content\/uploads\/arnold_video_tanap.sk_.jpg?resize=350%2C200&ssl=1","width":350,"height":200},"classes":[]}],"jetpack_shortlink":"https:\/\/wp.me\/p1oiY9-U9","_links":{"self":[{"href":"https:\/\/www.turismoslovacchia.it\/index.php?rest_route=\/wp\/v2\/posts\/3481"}],"collection":[{"href":"https:\/\/www.turismoslovacchia.it\/index.php?rest_route=\/wp\/v2\/posts"}],"about":[{"href":"https:\/\/www.turismoslovacchia.it\/index.php?rest_route=\/wp\/v2\/types\/post"}],"author":[{"embeddable":true,"href":"https:\/\/www.turismoslovacchia.it\/index.php?rest_route=\/wp\/v2\/users\/2"}],"replies":[{"embeddable":true,"href":"https:\/\/www.turismoslovacchia.it\/index.php?rest_route=%2Fwp%2Fv2%2Fcomments&post=3481"}],"version-history":[{"count":0,"href":"https:\/\/www.turismoslovacchia.it\/index.php?rest_route=\/wp\/v2\/posts\/3481\/revisions"}],"wp:featuredmedia":[{"embeddable":true,"href":"https:\/\/www.turismoslovacchia.it\/index.php?rest_route=\/wp\/v2\/media\/3482"}],"wp:attachment":[{"href":"https:\/\/www.turismoslovacchia.it\/index.php?rest_route=%2Fwp%2Fv2%2Fmedia&parent=3481"}],"wp:term":[{"taxonomy":"category","embeddable":true,"href":"https:\/\/www.turismoslovacchia.it\/index.php?rest_route=%2Fwp%2Fv2%2Fcategories&post=3481"},{"taxonomy":"post_tag","embeddable":true,"href":"https:\/\/www.turismoslovacchia.it\/index.php?rest_route=%2Fwp%2Fv2%2Ftags&post=3481"}],"curies":[{"name":"wp","href":"https:\/\/api.w.org\/{rel}","templated":true}]}}