{"id":2930,"date":"2013-11-21T20:36:50","date_gmt":"2013-11-21T19:36:50","guid":{"rendered":"http:\/\/www.turismoslovacchia.it\/?p=2930"},"modified":"2015-05-15T17:10:20","modified_gmt":"2015-05-15T15:10:20","slug":"milano-viaggio-alla-scoperta-di-slovacchia-e-repubblica-cecaslo","status":"publish","type":"post","link":"https:\/\/www.turismoslovacchia.it\/?p=2930","title":{"rendered":"Milano. Viaggio alla scoperta di Slovacchia e Repubblica Ceca"},"content":{"rendered":"<p style=\"text-align: justify;\"><a href=\"http:\/\/www.turismoslovacchia.it\/?attachment_id=2935\" rel=\"attachment wp-att-2935\"><img decoding=\"async\" loading=\"lazy\" class=\"alignnone size-full wp-image-2935\" title=\"Slovakia, Ve\u013ek\u00e1 Fatra Mts.\" src=\"http:\/\/www.turismoslovacchia.it\/wp-content\/uploads\/slovakia_vek_fatra_mts-e1385149223429.jpg\" alt=\"\" width=\"520\" height=\"292\" srcset=\"https:\/\/www.turismoslovacchia.it\/wp-content\/uploads\/slovakia_vek_fatra_mts-e1385149223429.jpg 520w, https:\/\/www.turismoslovacchia.it\/wp-content\/uploads\/slovakia_vek_fatra_mts-e1385149223429-300x168.jpg 300w, https:\/\/www.turismoslovacchia.it\/wp-content\/uploads\/slovakia_vek_fatra_mts-e1385149223429-400x225.jpg 400w, https:\/\/www.turismoslovacchia.it\/wp-content\/uploads\/slovakia_vek_fatra_mts-e1385149223429-100x56.jpg 100w, https:\/\/www.turismoslovacchia.it\/wp-content\/uploads\/slovakia_vek_fatra_mts-e1385149223429-200x112.jpg 200w, https:\/\/www.turismoslovacchia.it\/wp-content\/uploads\/slovakia_vek_fatra_mts-e1385149223429-150x84.jpg 150w\" sizes=\"(max-width: 520px) 100vw, 520px\" \/><\/a><\/p>\n<p style=\"text-align: justify;\">\u201cAlla scoperta di Slovacchia e Repubblica Ceca\u201d, un racconto di viaggio per immagini, parole e musica. Itinerario nel territorio boscoso della Slovacchia tra cui si nascondono caratteristici villaggi e antiche chiese in legno, e attraverso la Repubblica Ceca con le sue citta&#8217; ricche di storia e architetture particolari, i numerosi castelli e le abbazie sparse tra le campagne. Di Adriana Mattei e Marco Ondertoller. Venerd\u00ec 29 novembre 2013, ore 20:45. Biblioteca Dergano-Bovisa, Via Baldinucci 76, info, tel. 0288465807. Ingresso libero sino a esaurimento posti.<\/p>\n<p style=\"text-align: justify;\">(Red)<\/p>\n<p style=\"text-align: right;\"><span style=\"color: #888888;\">Foto <a href=\"http:\/\/www.flickr.com\/photos\/52331890@N08\/7846394716\" target=\"_blank\"><span style=\"color: #888888;\">ksenia-sm\/flickr<\/span><\/a><\/span><\/p>\n<p style=\"text-align: justify;\">\n","protected":false},"excerpt":{"rendered":"<p>\u201cAlla scoperta di Slovacchia e Repubblica Ceca\u201d, un racconto di viaggio per immagini, parole e musica. Itinerario nel territorio boscoso della Slovacchia tra cui si nascondono caratteristici villaggi e antiche chiese in legno, e attraverso la Repubblica Ceca con le sue citta&#8217; ricche di storia e architetture particolari, i numerosi castelli e le abbazie sparse [&hellip;]<\/p>\n","protected":false},"author":2,"featured_media":2935,"comment_status":"open","ping_status":"open","sticky":false,"template":"","format":"standard","meta":[],"categories":[5,1],"tags":[492,491,111,257],"aioseo_notices":[],"jetpack_featured_media_url":"https:\/\/www.turismoslovacchia.it\/wp-content\/uploads\/slovakia_vek_fatra_mts-e1385149223429.jpg","jetpack_sharing_enabled":true,"jetpack-related-posts":[{"id":2766,"url":"https:\/\/www.turismoslovacchia.it\/?p=2766","url_meta":{"origin":2930,"position":0},"title":"Slovacchia: il museo delle chiesette di legno","date":"10 Settembre 2013","format":false,"excerpt":"La seconda fase del progetto internazionale \u201cMini museo all\u2019aperto delle chiese di legno\u201d si \u00e8 recentemente conclusa a Lutina, Slovacchia. Era stato ufficialmente presentato la settimana scorsa da mons. J\u00e1n Babjak, arcivescovo metropolita greco-cattolico di Presov, come parte del programma di cooperazione transfrontaliera tra la Polonia e la Repubblica Slovacca\u2026","rel":"","context":"In &quot;Articoli&quot;","img":{"alt_text":"","src":"https:\/\/i0.wp.com\/www.turismoslovacchia.it\/wp-content\/uploads\/museo-mini-chiese_bazilikalutina.sk_.jpg?resize=350%2C200&ssl=1","width":350,"height":200},"classes":[]},{"id":8617,"url":"https:\/\/www.turismoslovacchia.it\/?p=8617","url_meta":{"origin":2930,"position":1},"title":"Firenze: storia del calcio in Ceco-Slovacchia e dopo la separazione","date":"24 Novembre 2018","format":false,"excerpt":"C\u2019era una volta la Cecoslovacchia; e c\u2019era il suo calcio, nato grazie all\u2019influenza scozzese e consolidatosi nella \u201cscuola danubiana\u201d di matrice mitteleuropea e nella nazionale dei cosiddetti \u201cmaestri\u201d degli anni Trenta. Una miscela esplosiva di talento e organizzazione che si \u00e8 evoluta nel tempo in diverse forme e direzioni mantenendo\u2026","rel":"","context":"In &quot;Articoli&quot;","img":{"alt_text":"","src":"https:\/\/i0.wp.com\/www.turismoslovacchia.it\/wp-content\/uploads\/cecoslov1976.jpg?resize=350%2C200&ssl=1","width":350,"height":200},"classes":[]},{"id":3903,"url":"https:\/\/www.turismoslovacchia.it\/?p=3903","url_meta":{"origin":2930,"position":2},"title":"Milano 27 maggio: Cirillo e Metodio, il film tv sulle origini del cristianesimo slovacco e ceco","date":"23 Maggio 2014","format":false,"excerpt":"Marted\u00ec 27 maggio presso il Cinema Palestrina a Milano viene presentato \u2013 in visione unica \u2013 il film televisivo \u201cCirillo e Metodio \u2013 Gli Apostoli degli Slavi\u201d, del regista ceco Petr Nikolaev. La doppia proiezione delle prime due puntate della serie TV si tiene marted\u00ec 27 maggio alle 16:30 ed\u2026","rel":"","context":"In &quot;Eventi&quot;","img":{"alt_text":"","src":"https:\/\/i0.wp.com\/www.turismoslovacchia.it\/wp-content\/uploads\/2010\/10\/Eventi-in-Slovacchia.jpg?resize=350%2C200&ssl=1","width":350,"height":200},"classes":[]},{"id":8468,"url":"https:\/\/www.turismoslovacchia.it\/?p=8468","url_meta":{"origin":2930,"position":3},"title":"Tutti i collegamenti aerei per la Slovacchia dall&#8217;Italia","date":"22 Marzo 2018","format":false,"excerpt":"Con l'arrivo della bella stagione, anche il trasporto aereo cambia il suo programma di volo e aggiunge diverse destinazioni tipicamente vacanziere. L'aeroporto di Bratislava M.R. Stefanik, il pi\u00f9\u00a0 importante della Slovacchia e l'ottavo nella regione del centro-est Europa quanto a performance, offre per l'estate con il nuovo orario estivo valido\u2026","rel":"","context":"In &quot;Articoli&quot;","img":{"alt_text":"","src":"https:\/\/i0.wp.com\/www.turismoslovacchia.it\/wp-content\/uploads\/aerop-voli_pix-Gellinger.jpg?resize=350%2C200&ssl=1","width":350,"height":200},"classes":[]},{"id":681,"url":"https:\/\/www.turismoslovacchia.it\/?p=681","url_meta":{"origin":2930,"position":4},"title":"Aperte ieri a Bratislava le fiere internazionali ITF Slovakiatour e Danubius Gastro","date":"21 Gennaio 2011","format":false,"excerpt":"Sono state aperte ieri mattina 20 Gennaio al centro fiere Incheba di Bratislava, e chiuderanno Domenica 23, due fra le fiere pi\u00f9 internazionali in Slovacchia, la ITF SlovakiaTour dedicata al turismo, e la Danubius Gastro, dedicata invece a cibi e gastronomia. Sono 702 gli espositori presenti a questa edizione della\u2026","rel":"","context":"In &quot;Articoli&quot;","img":{"alt_text":"","src":"https:\/\/i0.wp.com\/www.turismoslovacchia.it\/wp-content\/uploads\/Slovakiatour_fiera_2011.jpg?resize=350%2C200&ssl=1","width":350,"height":200},"classes":[]},{"id":3599,"url":"https:\/\/www.turismoslovacchia.it\/?p=3599","url_meta":{"origin":2930,"position":5},"title":"Un Cammino di Santiago con itinerario Kosice-Levoca. Sar\u00e0 il pi\u00f9 ad est d\u2019Europa","date":"5 Aprile 2014","format":false,"excerpt":"Alla fine di marzo sono stati presentati in Slovacchia, Repubblica Ceca e Austria tre nuovi \u201cCammini di Santiago\" (San Giacomo) per l\u2019anno 2014, con un calendario di eventi per il 2014 e si \u00e8 fatto il punto sulla cooperazione transfrontaliera in opera. I tre itinerari principali sono Ko\u0161ice-Levo\u010da nella Slovacchia\u2026","rel":"","context":"In &quot;Articoli&quot;","img":{"alt_text":"","src":"https:\/\/i0.wp.com\/www.turismoslovacchia.it\/wp-content\/uploads\/camminosantiago_jakubska-e1396799106504.jpg?resize=350%2C200&ssl=1","width":350,"height":200},"classes":[]}],"jetpack_shortlink":"https:\/\/wp.me\/p1oiY9-Lg","_links":{"self":[{"href":"https:\/\/www.turismoslovacchia.it\/index.php?rest_route=\/wp\/v2\/posts\/2930"}],"collection":[{"href":"https:\/\/www.turismoslovacchia.it\/index.php?rest_route=\/wp\/v2\/posts"}],"about":[{"href":"https:\/\/www.turismoslovacchia.it\/index.php?rest_route=\/wp\/v2\/types\/post"}],"author":[{"embeddable":true,"href":"https:\/\/www.turismoslovacchia.it\/index.php?rest_route=\/wp\/v2\/users\/2"}],"replies":[{"embeddable":true,"href":"https:\/\/www.turismoslovacchia.it\/index.php?rest_route=%2Fwp%2Fv2%2Fcomments&post=2930"}],"version-history":[{"count":0,"href":"https:\/\/www.turismoslovacchia.it\/index.php?rest_route=\/wp\/v2\/posts\/2930\/revisions"}],"wp:featuredmedia":[{"embeddable":true,"href":"https:\/\/www.turismoslovacchia.it\/index.php?rest_route=\/wp\/v2\/media\/2935"}],"wp:attachment":[{"href":"https:\/\/www.turismoslovacchia.it\/index.php?rest_route=%2Fwp%2Fv2%2Fmedia&parent=2930"}],"wp:term":[{"taxonomy":"category","embeddable":true,"href":"https:\/\/www.turismoslovacchia.it\/index.php?rest_route=%2Fwp%2Fv2%2Fcategories&post=2930"},{"taxonomy":"post_tag","embeddable":true,"href":"https:\/\/www.turismoslovacchia.it\/index.php?rest_route=%2Fwp%2Fv2%2Ftags&post=2930"}],"curies":[{"name":"wp","href":"https:\/\/api.w.org\/{rel}","templated":true}]}}