{"id":2915,"date":"2013-11-26T20:21:40","date_gmt":"2013-11-26T19:21:40","guid":{"rendered":"http:\/\/www.turismoslovacchia.it\/?p=2915"},"modified":"2015-05-15T17:10:06","modified_gmt":"2015-05-15T15:10:06","slug":"mese-della-fotografia-2013-proseguono-le-mostre-di-artisti-internazionali-a-bratislava","status":"publish","type":"post","link":"https:\/\/www.turismoslovacchia.it\/?p=2915","title":{"rendered":"Mese della Fotografia 2013, proseguono le mostre di artisti internazionali a Bratislava"},"content":{"rendered":"<p style=\"text-align: justify;\"><a href=\"http:\/\/www.turismoslovacchia.it\/?attachment_id=3008\" rel=\"attachment wp-att-3008\"><img decoding=\"async\" loading=\"lazy\" class=\"alignnone size-full wp-image-3008\" title=\"mese-foto-13\" src=\"http:\/\/www.turismoslovacchia.it\/wp-content\/uploads\/mese-foto-13.jpg\" alt=\"\" width=\"520\" height=\"320\" srcset=\"https:\/\/www.turismoslovacchia.it\/wp-content\/uploads\/mese-foto-13.jpg 520w, https:\/\/www.turismoslovacchia.it\/wp-content\/uploads\/mese-foto-13-300x185.jpg 300w, https:\/\/www.turismoslovacchia.it\/wp-content\/uploads\/mese-foto-13-400x246.jpg 400w, https:\/\/www.turismoslovacchia.it\/wp-content\/uploads\/mese-foto-13-100x62.jpg 100w, https:\/\/www.turismoslovacchia.it\/wp-content\/uploads\/mese-foto-13-200x123.jpg 200w, https:\/\/www.turismoslovacchia.it\/wp-content\/uploads\/mese-foto-13-150x92.jpg 150w\" sizes=\"(max-width: 520px) 100vw, 520px\" \/><\/a><\/p>\n<p style=\"text-align: justify;\">Prosegue a Bratislava il Mese della Fotografia, manifestazione annuale che porta nella capitale slovacca ogni novembre tre decine di mostre di autori slovacchi, europei ed extra-europei. Tra gli appuntamenti pi\u00f9 interessanti sono forse quelli con la mostra della messicana Graciela Iturbide \u201cFiesta and death\u201d, oggi una delle pi\u00f9 importanti personalit\u00e0 del mondo\u00a0della fotografia e vincitore del premio Hasselblad (il \u201cNobel fotografico\u201d), e, per la prima volta in Slovacchia, le immagini premiate al Sony World Photography Awards, che offrono uno spaccato dello \u201cstato dell\u2019arte\u201d nei vari generi fotografici, dall\u2019attualit\u00e0 al ritratto, dallo sport alla natura. Poi un vivo consiglio di vedere l\u2019omaggio a Tibor Huszar, grande fotografo documentarista slovacco scomparso poche settimane fa, gli esperimenti sul corpo (il suo) del coreano Youngho Kang, e il bel lavoro del polacco Rafal Milach.<br \/>\nIl festival 2013 apre una delle sue finestre anche sulla \u201cnoble print\u201d, la tecnica di stampa fotografica in vigore nel XIX secolo. Nella mostra \u201cZrkadlo s pam\u00e4\u0165ou\u201d (Mirror with a memory) vengono esposti dagherrotipi originali slovacchi di ritrattistica degli anni 1840-1850, ma anche ferrotipi di Vladimir \u017didlicky (Repubblica Ceca) e stampe al palladio\/gomma bicromata dal lavoro di Anna Strickland (Usa). Altro tema principale, una mostra slovacca sul rapporto tra fotografia e societ\u00e0 negli anni \u201950 del secolo scorso, nel momento pi\u00f9 duro della dittatura comunista.<\/p>\n<p style=\"text-align: justify;\">Maggiori informazioni, programma,\u00a0eventi: <a href=\"http:\/\/www.mesiacfotografie.sk\" target=\"_blank\">www.mesiacfotografie.sk<\/a>.<\/p>\n<p style=\"text-align: justify;\"><img decoding=\"async\" loading=\"lazy\" class=\"alignnone size-full wp-image-2840\" title=\"festival-foto-2013\" src=\"http:\/\/www.turismoslovacchia.it\/wp-content\/uploads\/festival-foto-2013.jpg\" alt=\"\" width=\"520\" height=\"320\" srcset=\"https:\/\/www.turismoslovacchia.it\/wp-content\/uploads\/festival-foto-2013.jpg 520w, https:\/\/www.turismoslovacchia.it\/wp-content\/uploads\/festival-foto-2013-300x185.jpg 300w, https:\/\/www.turismoslovacchia.it\/wp-content\/uploads\/festival-foto-2013-400x246.jpg 400w, https:\/\/www.turismoslovacchia.it\/wp-content\/uploads\/festival-foto-2013-100x62.jpg 100w, https:\/\/www.turismoslovacchia.it\/wp-content\/uploads\/festival-foto-2013-200x123.jpg 200w, https:\/\/www.turismoslovacchia.it\/wp-content\/uploads\/festival-foto-2013-150x92.jpg 150w\" sizes=\"(max-width: 520px) 100vw, 520px\" \/><\/p>\n<p>&nbsp;<\/p>\n<p>Qui tutte le mostre, un certo numero delle quali chiudono entro questo fine settimana, mentre altre proseguono anche fino a gennaio del prossimo anno.<\/p>\n<p style=\"text-align: justify;\">Fino al 2.2.2014<br \/>\n<strong>Galleria Nazionale Slovacca<\/strong> (SNG) &#8211; Slovensk\u00e1 n\u00e1rodn\u00e1 galleria, N\u00e1m. \u013d.\u0160t\u00fara 4<br \/>\nPreoccupied with beauty. 50\u2019sin documentary photography<\/p>\n<p style=\"text-align: justify;\">Fino al 20.1.2014<br \/>\n<strong>Museo Nazionale Slovacco<\/strong> (SNM), Castello di Bratislava<br \/>\nMirror with a memory (The oldest photographs in Slovakia)<\/p>\n<p style=\"text-align: justify;\">Fino al 15.12.2013<br \/>\n<strong>Central European House of Photography<\/strong> &#8211; SEDF, Prepo\u0161tsk\u00e1 4<br \/>\nAnton Podstrask\u00fd (SK) \/ A realistic picture of \u201eReal socialism\u201c from the 60\u2019s to the 80\u2019s in Czechoslovakia<\/p>\n<p style=\"text-align: justify;\">Fino al 15.12.2013<br \/>\n<strong>Central European House of Photography<\/strong> &#8211; SEDF, Prepo\u0161tsk\u00e1 4<br \/>\nGraciela Iturbide (MEX) \/ Fiesta and death<\/p>\n<p style=\"text-align: justify;\">Fino al 1.12.2013<br \/>\n<strong>Casa delle arti &#8211; Dom umenia<\/strong>, N\u00e1mestie SNP 12<br \/>\nKarel Nov\u00e1k (CZ) \u2013 Jock Sturges (USA) \/ Naturally<\/p>\n<p style=\"text-align: justify;\">Fino al 1.12.2013<br \/>\n<strong>Casa delle arti &#8211; Dom umenia<\/strong>, N\u00e1mestie SNP 12<br \/>\nSony World Photography Awards 2013<\/p>\n<p style=\"text-align: justify;\">Fino al 1.12.2013<br \/>\n<strong>Casa delle arti &#8211; Dom umenia<\/strong>, N\u00e1mestie SNP 12<br \/>\nTibor Husz\u00e1r (SK) \/ Paris portraits of artists from all around the world<\/p>\n<p style=\"text-align: justify;\">Fino al 1.12.2013<br \/>\n<strong>Casa delle arti &#8211; Dom umenia<\/strong>, N\u00e1mestie SNP 12<br \/>\nThe intimate circle in comtemporary Czech photography<\/p>\n<p style=\"text-align: justify;\">Fino al 1.12.2013<br \/>\n<strong>Casa delle arti &#8211; Dom umenia<\/strong>, N\u00e1mestie SNP 12<br \/>\nYoungho Kang (KOR) \/ The dancing photographer\u2019s self-portraits<\/p>\n<p style=\"text-align: justify;\">Fino al 1.12.2013<br \/>\n<strong>Open Gallery<\/strong>, Ba\u0161tov\u00e1 5<br \/>\nLibu\u0161e Jarcovjakov\u00e1 (CZ) \/ Different language<\/p>\n<p style=\"text-align: justify;\">Fino al 30.11.2013<br \/>\n<strong>Gal\u00e9ria Michalsk\u00fd dvor<\/strong>, Michalsk\u00e1 3<br \/>\nVladim\u00edr \u017didlick\u00fd (CZ) \/ Ferrotype technology displays taboo topics \u2013 Body language<\/p>\n<p style=\"text-align: justify;\">Fino al 29.11.2013<br \/>\nCentro culturale austriaco &#8211; Rak\u00faske kult\u00farnef\u00f3rum, Hod\u017eovo n\u00e1m. 1\/A<br \/>\nG.R.A.M (AT) \/ Parlament<\/p>\n<p style=\"text-align: justify;\">Fino al 29.11.2013<br \/>\n<strong>Gal\u00e9ria Artot\u00e9ka<\/strong>, Kapuc\u00ednska 1<br \/>\nFrame\u00b412 (CZ) \/ The 8th International Photo contest winners<\/p>\n<p style=\"text-align: justify;\">Fino al 29.11.2013<br \/>\n<strong>Sala espositiva Palffy<\/strong> &#8211; V\u00fdstavn\u00e1 sie\u0148, P\u00e1lffyho letn\u00e9 s\u00eddlo, Z\u00e1mock\u00e1 47<br \/>\nUlrich Seidl (AT) \/ The loneliness of outsiders in the trilogy &#8220;Paradise&#8221;<\/p>\n<p style=\"text-align: justify;\">Fino al 29.11.2013<br \/>\n<strong>Ambasciata Slovenia<\/strong> &#8211; Ve\u013evyslanectvo Slovinskej republiky, Vent\u00farska 5<br \/>\nRajko Bizjak (SI) \/ An obsessive visual examination of the female body<\/p>\n<p style=\"text-align: justify;\">Fino al 1.12.2013<br \/>\n<strong>Cappella S.Giovanni Evangelista<\/strong> &#8211; Kaplnka sv. J\u00e1na Evanjelistu, Franti\u0161k\u00e1nska 1<br \/>\nVadim Gushchin (RU) \/ On a rigorous purity of aesthetic form<\/p>\n<p style=\"text-align: justify;\">Fino al 29.11.2013<br \/>\n<strong>Istituto di cultura ungherese<\/strong> &#8211; Ma\u010farsk\u00fd in\u0161tit\u00fat v Bratislave<br \/>\nLuca G\u00f6b\u0151ly\u00f6s (HU)\/ Background<\/p>\n<p style=\"text-align: justify;\">Fino al 31.1.2014<br \/>\n<strong>Museo dei Croati in Slovacchia<\/strong> (SNM), \u017di\u017ekova 18<br \/>\nCodes of reality (HU)<\/p>\n<p style=\"text-align: justify;\">Fino al 29.11.2013<br \/>\n<strong>Istituto di cultura polacco<\/strong> &#8211; Po\u013esk\u00fd in\u0161tit\u00fat, N\u00e1mestie SNP 27<br \/>\nRafa\u0141 Milach (PL) \/ The present day at the Black Sea<\/p>\n<p style=\"text-align: justify;\">Fino al 29.11.2013<br \/>\n<strong>Biblioteca universitaria<\/strong> &#8211; Univerzitnej kni\u017enice, Michalsk\u00e1 1<br \/>\nJulia Pirotte (PL) \/ Faces and hands by a forgotten photographer of the 40\u2019s &amp; 50\u2019s<\/p>\n<p style=\"text-align: justify;\">Fino al 26.11.2013<br \/>\n<strong>Gal\u00e9ria F7<\/strong>, Franti\u0161k\u00e1nske n\u00e1m. 7<br \/>\nJan Brykczy\u0144ski (PL) \/ The world of the Boiko village in the Ukrainian Carphatians<\/p>\n<p style=\"text-align: justify;\">Fino al 30.11.2013<br \/>\n<strong>Gal\u00e9ria Na poschod\u00ed<\/strong>, Michalsk\u00e1 5<br \/>\nClaudio Hills (DE) \/ Abseits \u2013 Aside \u2013 \u00c0 l\u2018\u00e9cart<\/p>\n<p style=\"text-align: justify;\">Fino al 30.11.2013<br \/>\n<strong>Castello, Terrazza ovest \u2013 Z\u00e1p.terasa Bratisl.hradu<\/strong>, N\u00e1m. A. Dub\u010deka 1<br \/>\nAftermath (SI) \/ Changing cultural landscape<\/p>\n<p style=\"text-align: justify;\">Fino al 6.12.2013<br \/>\n<strong>Centro culturale bulgaro<\/strong> &#8211; Bulharsk\u00e9 kult\u00farne centrum, Jesensk\u00e9ho 7<br \/>\nArslan Ahmedov (BG) \/ Portraits and still lifes affected by pictorialism<\/p>\n<p style=\"text-align: justify;\">Fino al 20.12.2013<br \/>\n<strong>Istituto di cultura francese<\/strong> &#8211; Franc\u00fazsky in\u0161tit\u00fat, Sedl\u00e1rska 7<br \/>\nOlivier Ciappa (FR) \/ Imaginary couples<\/p>\n<p style=\"text-align: justify;\">Fino al 30.11.2013<br \/>\n<strong>Gal\u00e9ria Z, Zichyho pal\u00e1c<\/strong>, Vent\u00farska 9<br \/>\nGennady Meergus (IL) \/ Travel of light through centuries of world architecture<\/p>\n<p style=\"text-align: justify;\">Fino al 1.12.2013<br \/>\n<strong>Gal\u00e9ria M\u00e9dium<\/strong>, Hviezdoslavovo n\u00e1m. 18<br \/>\nAnna Strickland (USA) \/ The hands offerings<\/p>\n","protected":false},"excerpt":{"rendered":"<p>Prosegue a Bratislava il Mese della Fotografia, manifestazione annuale che porta nella capitale slovacca ogni novembre tre decine di mostre di autori slovacchi, europei ed extra-europei. Tra gli appuntamenti pi\u00f9 interessanti sono forse quelli con la mostra della messicana Graciela Iturbide \u201cFiesta and death\u201d, oggi una delle pi\u00f9 importanti personalit\u00e0 del mondo\u00a0della fotografia e vincitore [&hellip;]<\/p>\n","protected":false},"author":2,"featured_media":3008,"comment_status":"open","ping_status":"open","sticky":false,"template":"","format":"standard","meta":[],"categories":[5,1],"tags":[9,30,225],"aioseo_notices":[],"jetpack_featured_media_url":"https:\/\/www.turismoslovacchia.it\/wp-content\/uploads\/mese-foto-13.jpg","jetpack_sharing_enabled":true,"jetpack-related-posts":[{"id":4269,"url":"https:\/\/www.turismoslovacchia.it\/?p=4269","url_meta":{"origin":2915,"position":0},"title":"A Bratislava \u00e8 novembre il Mese della Fotografia","date":"7 Novembre 2014","format":false,"excerpt":"Ha avuto inizio da poco pi\u00f9 di una settimana, e si svolger\u00e0 fino al 30 novembre a Bratislava, la 24esima edizione del Festival internazionaleMesiac fotografie\u00a0(Mese della fotografia). Divenuto nel corso del tempo uno dei pi\u00f9 importanti eventi culturali d\u2019autunno dell\u2019intera regione, il festival vede nel corso del mese decine di\u2026","rel":"","context":"In &quot;Articoli&quot;","img":{"alt_text":"","src":"https:\/\/i0.wp.com\/www.turismoslovacchia.it\/wp-content\/uploads\/mesefotogr-koppitz-2014.jpg?resize=350%2C200&ssl=1","width":350,"height":200},"classes":[]},{"id":1092,"url":"https:\/\/www.turismoslovacchia.it\/?p=1092","url_meta":{"origin":2915,"position":1},"title":"La fotografia come ogni novembre invade Bratislava","date":"12 Novembre 2011","format":false,"excerpt":"La 21\u00b0 edizione del Mese della Fotografia di Bratislava mette insieme diversi generi, fotografi e paesi per un totale di 26 mostre, che sono state aperte all'inizio del mese e sono sparse in tutta la citta' dalle grandi alle piccole gallerie. Parte del circuito sono anche la Galleria Nazionale Slovacca\u2026","rel":"","context":"In &quot;Articoli&quot;","img":{"alt_text":"","src":"https:\/\/i0.wp.com\/www.turismoslovacchia.it\/wp-content\/uploads\/mesiacfotografie-JanSaudek_ps03.jpg?resize=350%2C200&ssl=1","width":350,"height":200},"classes":[]},{"id":1575,"url":"https:\/\/www.turismoslovacchia.it\/?p=1575","url_meta":{"origin":2915,"position":2},"title":"Mese della Fotografia: aperta la rassegna fotografica clou dell\u2019anno a Bratislava","date":"31 Ottobre 2012","format":false,"excerpt":"La ventiduesima edizione del Mese della Fotografia (Mesiac fotografie) ha preso avvio con la bella mostra di Robert Capa alla Galleria Nazionale Slovacca (SNG) ed \u00e8 proseguita con l'apertura della mostra National Geographic, mentre oggi apre presso la Galleria Civica di Bratislava (GMB) la rassegna di Lewis Hine. Un altro\u2026","rel":"","context":"In &quot;Articoli&quot;","img":{"alt_text":"","src":"https:\/\/i0.wp.com\/www.turismoslovacchia.it\/wp-content\/uploads\/mese-fotografia-2012.jpg?resize=350%2C200&ssl=1","width":350,"height":200},"classes":[]},{"id":9222,"url":"https:\/\/www.turismoslovacchia.it\/?p=9222","url_meta":{"origin":2915,"position":3},"title":"Bratislava, ritorna il Mese della fotografia","date":"1 Novembre 2019","format":false,"excerpt":"Ritorna per la ventinovesima volta il festival annuale Mesiac Fotografie \u2013 Month of Photography che ancora una volta porta a Bratislava star internazionali della fotografia contemporanea come AES + F e Joan Fountcouberta (vincitore del Premio Hasselblad, l'equivalente fotografico del Premio Nobel), insieme a vecchie glorie che dell'ottava arte hanno\u2026","rel":"","context":"In &quot;Articoli&quot;","img":{"alt_text":"","src":"https:\/\/i0.wp.com\/www.turismoslovacchia.it\/wp-content\/uploads\/mesiac-fotograf-19_1.jpg?resize=350%2C200&ssl=1","width":350,"height":200},"classes":[]},{"id":8297,"url":"https:\/\/www.turismoslovacchia.it\/?p=8297","url_meta":{"origin":2915,"position":4},"title":"Il Mese della fotografia 2017 a Bratislava","date":"27 Ottobre 2017","format":false,"excerpt":"Con il mese di novembre ritorna a Bratislava il Mese della fotografia - Mesiac fotografie, il pi\u00f9 grande evento di fotografia in Slovacchia, arrivato quest\u2019anno alla sua 27esima edizione. Saranno aperte 26 mostre con opere di artisti da 18 paesi del mondo. Il festival slovacco, che dal 2004 \u00e8 stato\u2026","rel":"","context":"In &quot;Articoli&quot;","img":{"alt_text":"","src":"https:\/\/i0.wp.com\/www.turismoslovacchia.it\/wp-content\/uploads\/mesiacfotografie-2017.jpg?resize=350%2C200&ssl=1","width":350,"height":200},"classes":[]},{"id":6848,"url":"https:\/\/www.turismoslovacchia.it\/?p=6848","url_meta":{"origin":2915,"position":5},"title":"Mese della Fotografia 2016, a Bratislava anche i grandi maestri italiani","date":"3 Novembre 2016","format":false,"excerpt":"Dal 4 novembre a Bratislava parte la rassegna internazionale annuale Mese della Fotografia (Mesiac fotografie) con numerose mostre\u00a0che inonderanno la capitale slovacca di immagini e\u00a0autori di alto profilo, slovacchi e internazionali. Alla sua 26esima\u00a0edizione\u00a0la rassegna presenta anche il terzo volume\u00a0della \u201cStoria della fotografia europea del XX secolo\u201d, un lavoro di\u2026","rel":"","context":"In &quot;Articoli&quot;","img":{"alt_text":"","src":"https:\/\/i0.wp.com\/www.turismoslovacchia.it\/wp-content\/uploads\/mesiacfotogr2016_poster.jpg?resize=350%2C200&ssl=1","width":350,"height":200},"classes":[]}],"jetpack_shortlink":"https:\/\/wp.me\/p1oiY9-L1","_links":{"self":[{"href":"https:\/\/www.turismoslovacchia.it\/index.php?rest_route=\/wp\/v2\/posts\/2915"}],"collection":[{"href":"https:\/\/www.turismoslovacchia.it\/index.php?rest_route=\/wp\/v2\/posts"}],"about":[{"href":"https:\/\/www.turismoslovacchia.it\/index.php?rest_route=\/wp\/v2\/types\/post"}],"author":[{"embeddable":true,"href":"https:\/\/www.turismoslovacchia.it\/index.php?rest_route=\/wp\/v2\/users\/2"}],"replies":[{"embeddable":true,"href":"https:\/\/www.turismoslovacchia.it\/index.php?rest_route=%2Fwp%2Fv2%2Fcomments&post=2915"}],"version-history":[{"count":0,"href":"https:\/\/www.turismoslovacchia.it\/index.php?rest_route=\/wp\/v2\/posts\/2915\/revisions"}],"wp:featuredmedia":[{"embeddable":true,"href":"https:\/\/www.turismoslovacchia.it\/index.php?rest_route=\/wp\/v2\/media\/3008"}],"wp:attachment":[{"href":"https:\/\/www.turismoslovacchia.it\/index.php?rest_route=%2Fwp%2Fv2%2Fmedia&parent=2915"}],"wp:term":[{"taxonomy":"category","embeddable":true,"href":"https:\/\/www.turismoslovacchia.it\/index.php?rest_route=%2Fwp%2Fv2%2Fcategories&post=2915"},{"taxonomy":"post_tag","embeddable":true,"href":"https:\/\/www.turismoslovacchia.it\/index.php?rest_route=%2Fwp%2Fv2%2Ftags&post=2915"}],"curies":[{"name":"wp","href":"https:\/\/api.w.org\/{rel}","templated":true}]}}