{"id":2910,"date":"2013-11-22T20:07:46","date_gmt":"2013-11-22T19:07:46","guid":{"rendered":"http:\/\/www.turismoslovacchia.it\/?p=2910"},"modified":"2016-09-17T21:15:43","modified_gmt":"2016-09-17T19:15:43","slug":"one-world-film-festival-bratislava","status":"publish","type":"post","link":"https:\/\/www.turismoslovacchia.it\/?p=2910","title":{"rendered":"One World Film Festival, Bratislava"},"content":{"rendered":"<p style=\"text-align: justify;\"><a href=\"http:\/\/www.turismoslovacchia.it\/?attachment_id=2916\" rel=\"attachment wp-att-2916\"><img decoding=\"async\" loading=\"lazy\" class=\"alignnone size-full wp-image-2916\" title=\"jedensvet-oneworld-filmfest\" src=\"http:\/\/www.turismoslovacchia.it\/wp-content\/uploads\/jedensvet-oneworld-filmfest.jpg\" alt=\"\" width=\"520\" height=\"320\" srcset=\"https:\/\/www.turismoslovacchia.it\/wp-content\/uploads\/jedensvet-oneworld-filmfest.jpg 520w, https:\/\/www.turismoslovacchia.it\/wp-content\/uploads\/jedensvet-oneworld-filmfest-300x185.jpg 300w, https:\/\/www.turismoslovacchia.it\/wp-content\/uploads\/jedensvet-oneworld-filmfest-400x246.jpg 400w, https:\/\/www.turismoslovacchia.it\/wp-content\/uploads\/jedensvet-oneworld-filmfest-100x62.jpg 100w, https:\/\/www.turismoslovacchia.it\/wp-content\/uploads\/jedensvet-oneworld-filmfest-200x123.jpg 200w, https:\/\/www.turismoslovacchia.it\/wp-content\/uploads\/jedensvet-oneworld-filmfest-150x92.jpg 150w\" sizes=\"(max-width: 520px) 100vw, 520px\" \/><\/a><\/p>\n<p style=\"text-align: justify;\">\u2018We are changing the world\u2019 \u00e8 il tema principale dell\u2019One World Film Festival che si \u00e8 aperto ieri a Bratislava. Jeden Svet, questo il titolo slovacco, parla quest\u2019anno di attivismo civile che in tutto il mondo (anche in Slovacchia) \u00e8 in aumento, come segno dei tempi \u2013 tempi in cui siamo arrivati a comprendere (finalmente, dicono gli organizzatori) che i governi non risolveranno i nostri problemi. Per quelli ci dobbiamo pensare noi, e cercare di cambiare il mondo, o almeno quello che non va, partendo dal basso. Proprio quest\u2019anno \u00e8 l\u2019Anno europeo dei cittadini.<\/p>\n<p style=\"text-align: justify;\">Anche in Slovacchia ci sono organizzazioni civili attive nella difesa degli interessi dei cittadini, senza le quali la societ\u00e0 sarebbe pi\u00f9 povera. \u00c8 grazie alle associazioni, per esempio, che \u00e8 stata rinnovata la Sinagoga di Zilina per farne un centro culturale, o \u00e8 tenuto in attivit\u00e0 l\u2019edificio del Mercato Vecchio (Star\u00e1 Tr\u017enica) a Bratislava per eventi pubblici come mercati o concerti o, sempre nella capitale, \u00e8 grazie agli attivisti che si \u00e8 aperto un dibattito pubblico sulla trasformazione di Kamenn\u00e9 N\u00e1mestie, uno spazio del centro storico che il comune aveva intenzione di cedere a privati senza discussione.<\/p>\n<p style=\"text-align: justify;\">Al festival si proiettano film, ma il programma include incontri e dibattiti con ospiti interessanti del mondo dell\u2019attivismo civile, slovacchi e stranieri, spesso provenienti da paesi ove serve un certo coraggio per difendere le proprie idee. Si parler\u00e0 di blogger in paesi con regimi autoritari, e di hacker che fanno capo al movimento Anonymous. E poi, si parler\u00e0 di Slow Food, il movimento inventato da zero da Carlo Petrini 27 anni fa in netto contrasto con l\u2019allora imperante abitudine (nuova per l\u2019Italia) del fast food di origine americana. Petrini, recentemente onorato come \u2018Champion of the Earth\u2019 dal Programma ONU per l\u2019Ambiente, sar\u00e0 protagonista del film \u201cSlowfood Story\u201d di Stefano Sardo. L\u2019altra pellicola italiana presente sar\u00e0 \u201cJeans a Mart\u00f3\u201d di Clio Sozzani e Claudia Palazzi, incentrata sulla figura di un pastore etiope che si ribella al destino preparato dalla famiglia per studiare e seguire i suoi sogni.<\/p>\n<p style=\"text-align: justify;\">A questo link il programma degli eventi dell\u2019One World Film Festival Bratislava, che si chiude marted\u00ec 26 novembre. Dopo la capitale, i film circuiteranno in cinema di venti altre citt\u00e0 in Slovacchia, dando la possibilit\u00e0 a un pubblico pi\u00f9 numeroso di visionare i film. Il festival, con la sua attenzione per i diritti umani e questioni globali, ha il patrocinio del Ministro degli Affari esteri ed Europei Miroslav Lajcak.<br \/>\nDa segnalare, tra gli altri (oltre ai due film italiani), \u2018Aj Wej Wej \u2013 no sorry\u2019 sull\u2019onomino artista a lungo imprigionato in Cina, \u2018The Ambassador\u2019, \u2018High Tech, Low Life\u2019.<\/p>\n<p style=\"text-align: justify;\">L\u2019Istituto Italiano di Cultura di Bratislava \u00e8 partner del festival. Maggiori informazioni: http:\/\/jedensvet.sk. Biglietti: 3 euro, abbonamento 7 o 12 euro.<\/p>\n<p style=\"text-align: justify;\">Qui gli orari di proiezione dei film italiani:<\/p>\n<p style=\"text-align: justify;\">\u201c<strong>Slowfood Story<\/strong>\u201d di Stefano Sardo (2013), 58\u2019<br \/>\n23.11.2013 \u2013 ore 16:00 \u2013 KC Dunaj Bratislava<br \/>\n26.11.2013 \u2013 ore 16:30 \u2013 KC Dunaj Bratislava<\/p>\n<p style=\"text-align: justify;\">\u201c<strong>Jeans &amp; Mart\u00f3<\/strong>\u201d di Clio Sozzani e Claudia Palazzi (2011), 52\u2019<br \/>\n23.11.2013 \u2013 ore 18:10 \u2013 KC Dunaj Bratislava<\/p>\n<p><span class=\"embed-youtube\" style=\"text-align:center; display: block;\"><iframe loading=\"lazy\" class=\"youtube-player\" width=\"1140\" height=\"642\" src=\"https:\/\/www.youtube.com\/embed\/Iyjpck1j880?version=3&#038;rel=1&#038;showsearch=0&#038;showinfo=1&#038;iv_load_policy=1&#038;fs=1&#038;hl=it-IT&#038;autohide=2&#038;wmode=transparent\" allowfullscreen=\"true\" style=\"border:0;\" sandbox=\"allow-scripts allow-same-origin allow-popups allow-presentation\"><\/iframe><\/span><\/p>\n<p><span class=\"embed-youtube\" style=\"text-align:center; display: block;\"><iframe loading=\"lazy\" class=\"youtube-player\" width=\"1140\" height=\"642\" src=\"https:\/\/www.youtube.com\/embed\/9exM-H0n3OA?version=3&#038;rel=1&#038;showsearch=0&#038;showinfo=1&#038;iv_load_policy=1&#038;fs=1&#038;hl=it-IT&#038;autohide=2&#038;wmode=transparent\" allowfullscreen=\"true\" style=\"border:0;\" sandbox=\"allow-scripts allow-same-origin allow-popups allow-presentation\"><\/iframe><\/span><\/p>\n<p style=\"text-align: justify;\">(Buongiorno Slovacchia)<\/p>\n","protected":false},"excerpt":{"rendered":"<p>\u2018We are changing the world\u2019 \u00e8 il tema principale dell\u2019One World Film Festival che si \u00e8 aperto ieri a Bratislava. Jeden Svet, questo il titolo slovacco, parla quest\u2019anno di attivismo civile che in tutto il mondo (anche in Slovacchia) \u00e8 in aumento, come segno dei tempi \u2013 tempi in cui siamo arrivati a comprendere (finalmente, [&hellip;]<\/p>\n","protected":false},"author":2,"featured_media":2916,"comment_status":"open","ping_status":"open","sticky":false,"template":"","format":"standard","meta":[],"categories":[5,1],"tags":[9,365,30,34,283,489],"aioseo_notices":[],"jetpack_featured_media_url":"https:\/\/www.turismoslovacchia.it\/wp-content\/uploads\/jedensvet-oneworld-filmfest.jpg","jetpack_sharing_enabled":true,"jetpack-related-posts":[{"id":8279,"url":"https:\/\/www.turismoslovacchia.it\/?p=8279","url_meta":{"origin":2910,"position":0},"title":"Ottobre 2017: gli eventi a Bratislava e dintorni","date":"28 Settembre 2017","format":false,"excerpt":"Tra\u00a0gli eventi pi\u00f9 rilevanti del mese di\u00a0ottobre 2017 nella citt\u00e0 e regione di Bratislava, continuano gli appuntamenti gastronomici\u00a0in regione, come il Festival del cavolo di Stupava, l'Oktoberfest dei produttori di birra artigianale nella capitale, e poi\u00a0il\u00a0Bratislava Music Festival, il pi\u00f9 antico e prestigioso festival musicale internazionale in Slovacchia, la Notte\u2026","rel":"","context":"In &quot;Articoli&quot;","img":{"alt_text":"","src":"https:\/\/i0.wp.com\/www.turismoslovacchia.it\/wp-content\/uploads\/eventi_00.jpg?resize=350%2C200&ssl=1","width":350,"height":200},"classes":[]},{"id":8295,"url":"https:\/\/www.turismoslovacchia.it\/?p=8295","url_meta":{"origin":2910,"position":1},"title":"Novembre 2017: gli eventi a Bratislava e dintorni","date":"28 Ottobre 2017","format":false,"excerpt":"Tra\u00a0gli eventi pi\u00f9 rilevanti del novembre 2017 nella citt\u00e0 e regione di Bratislava\u00a0vanno ricordati nella capitale il Mese della Fotografia e lo Slovak Press Photo,\u00a0 appuntamenti che da tempo sono ormai diventati un must del mese di novembre, e poi il Festival della Libert\u00e0, che si tiene nelle date intorno\u2026","rel":"","context":"In &quot;Articoli&quot;","img":{"alt_text":"","src":"https:\/\/i0.wp.com\/www.turismoslovacchia.it\/wp-content\/uploads\/eventi_00.jpg?resize=350%2C200&ssl=1","width":350,"height":200},"classes":[]},{"id":9043,"url":"https:\/\/www.turismoslovacchia.it\/?p=9043","url_meta":{"origin":2910,"position":2},"title":"Luglio 2019: gli eventi a Bratislava e in Slovacchia","date":"2 Luglio 2019","format":false,"excerpt":"Estate culturale di Bratislava 2019 \u2013 Bratislava giugno\u00a0\u2013 settembre\u00a02019 La rassegna\u00a0\u201cEstate culturale di Bratislava\u201d \u00e8 il pi\u00f9 grande evento estivo in Slovacchia che, nel corso dei mesi d\u2019estate propone nella capitale centinaia di appuntamenti culturali, musicali, letterari, teatrali, e attivit\u00e0 per il tempo libero\u00a0per i residenti e i tanti turisti.\u2026","rel":"","context":"In &quot;Eventi&quot;","img":{"alt_text":"","src":"https:\/\/i0.wp.com\/www.turismoslovacchia.it\/wp-content\/uploads\/vychodna-festiv-folk.jpg?resize=350%2C200&ssl=1","width":350,"height":200},"classes":[]},{"id":8864,"url":"https:\/\/www.turismoslovacchia.it\/?p=8864","url_meta":{"origin":2910,"position":3},"title":"Aprile 2019: gli eventi a Bratislava e dintorni","date":"2 Aprile 2019","format":false,"excerpt":"Giornata delle cantine di Modra 6 aprile 2019 Le cantine di Modra, la nobile cittadina viticola ai piedi dei Piccoli Carpazi, apriranno le porte\u00a0agli appassionati per la sedicesima volta anche quest'anno, un evento da vivere con la famiglia o gli amici. Il numero di biglietti dispomibili \u00e8 limitato, una scelta\u2026","rel":"","context":"In &quot;Eventi&quot;","img":{"alt_text":"","src":"https:\/\/i0.wp.com\/www.turismoslovacchia.it\/wp-content\/uploads\/eventi_00.jpg?resize=350%2C200&ssl=1","width":350,"height":200},"classes":[]},{"id":8236,"url":"https:\/\/www.turismoslovacchia.it\/?p=8236","url_meta":{"origin":2910,"position":4},"title":"Giugno 2017: gli eventi a Bratislava e dintorni","date":"22 Maggio 2017","format":false,"excerpt":"Segnaliamo qui gli eventi pi\u00f9 rilevanti del mese di giugno\u00a02017 nella citt\u00e0 e regione di Bratislava.\u00a0Tra quelli da segnalare ci sono l'estate culturale di Bratislava, che durer\u00e0 con centinaia di appuntamenti fino a settembre, il festival Viva Musica!, il grande Mercato della Ceramica di Pezinok, ma anche\u00a0la festa dell'incoronazione, che\u2026","rel":"","context":"In &quot;Articoli&quot;","img":{"alt_text":"","src":"https:\/\/i0.wp.com\/www.turismoslovacchia.it\/wp-content\/uploads\/eventi_00.jpg?resize=350%2C200&ssl=1","width":350,"height":200},"classes":[]},{"id":8421,"url":"https:\/\/www.turismoslovacchia.it\/?p=8421","url_meta":{"origin":2910,"position":5},"title":"Febbraio 2018: gli eventi a Bratislava e dintorni","date":"28 Gennaio 2018","format":false,"excerpt":"Tra\u00a0gli eventi pi\u00f9 rilevanti del febbraio 2010 nella citt\u00e0 e regione di Bratislava\u00a0vanno ricordati la stagione dei balli che come tutti gli anni riporta in Slovacchia un po' dell'atmosfera delle serate danzanti d'epoca asburgica, l'opportunit\u00e0 di assaggiare piatti di stagione dei migliori chef slovacchi a costi accessibili, o di\u00a0godere della\u2026","rel":"","context":"In &quot;Articoli&quot;","img":{"alt_text":"","src":"https:\/\/i0.wp.com\/www.turismoslovacchia.it\/wp-content\/uploads\/music-concer_pix.jpg?resize=350%2C200&ssl=1","width":350,"height":200},"classes":[]}],"jetpack_shortlink":"https:\/\/wp.me\/p1oiY9-KW","_links":{"self":[{"href":"https:\/\/www.turismoslovacchia.it\/index.php?rest_route=\/wp\/v2\/posts\/2910"}],"collection":[{"href":"https:\/\/www.turismoslovacchia.it\/index.php?rest_route=\/wp\/v2\/posts"}],"about":[{"href":"https:\/\/www.turismoslovacchia.it\/index.php?rest_route=\/wp\/v2\/types\/post"}],"author":[{"embeddable":true,"href":"https:\/\/www.turismoslovacchia.it\/index.php?rest_route=\/wp\/v2\/users\/2"}],"replies":[{"embeddable":true,"href":"https:\/\/www.turismoslovacchia.it\/index.php?rest_route=%2Fwp%2Fv2%2Fcomments&post=2910"}],"version-history":[{"count":0,"href":"https:\/\/www.turismoslovacchia.it\/index.php?rest_route=\/wp\/v2\/posts\/2910\/revisions"}],"wp:featuredmedia":[{"embeddable":true,"href":"https:\/\/www.turismoslovacchia.it\/index.php?rest_route=\/wp\/v2\/media\/2916"}],"wp:attachment":[{"href":"https:\/\/www.turismoslovacchia.it\/index.php?rest_route=%2Fwp%2Fv2%2Fmedia&parent=2910"}],"wp:term":[{"taxonomy":"category","embeddable":true,"href":"https:\/\/www.turismoslovacchia.it\/index.php?rest_route=%2Fwp%2Fv2%2Fcategories&post=2910"},{"taxonomy":"post_tag","embeddable":true,"href":"https:\/\/www.turismoslovacchia.it\/index.php?rest_route=%2Fwp%2Fv2%2Ftags&post=2910"}],"curies":[{"name":"wp","href":"https:\/\/api.w.org\/{rel}","templated":true}]}}