{"id":2874,"date":"2013-11-20T01:14:12","date_gmt":"2013-11-20T00:14:12","guid":{"rendered":"http:\/\/www.turismoslovacchia.it\/?p=2874"},"modified":"2016-09-15T20:16:01","modified_gmt":"2016-09-15T18:16:01","slug":"fellini-i-sogni-e-le-donne-una-retrospettiva-a-bratislava","status":"publish","type":"post","link":"https:\/\/www.turismoslovacchia.it\/?p=2874","title":{"rendered":"Fellini, i sogni e le donne. Una retrospettiva a Bratislava"},"content":{"rendered":"<p style=\"text-align: justify;\"><a href=\"http:\/\/www.turismoslovacchia.it\/?attachment_id=2875\" rel=\"attachment wp-att-2875\"><img decoding=\"async\" loading=\"lazy\" class=\"alignnone size-full wp-image-2875\" title=\"fellini-fondazione\" src=\"http:\/\/www.turismoslovacchia.it\/wp-content\/uploads\/fellini-fondazione.jpg\" alt=\"\" width=\"520\" height=\"320\" srcset=\"https:\/\/www.turismoslovacchia.it\/wp-content\/uploads\/fellini-fondazione.jpg 520w, https:\/\/www.turismoslovacchia.it\/wp-content\/uploads\/fellini-fondazione-300x185.jpg 300w, https:\/\/www.turismoslovacchia.it\/wp-content\/uploads\/fellini-fondazione-400x246.jpg 400w, https:\/\/www.turismoslovacchia.it\/wp-content\/uploads\/fellini-fondazione-100x62.jpg 100w, https:\/\/www.turismoslovacchia.it\/wp-content\/uploads\/fellini-fondazione-200x123.jpg 200w, https:\/\/www.turismoslovacchia.it\/wp-content\/uploads\/fellini-fondazione-150x92.jpg 150w\" sizes=\"(max-width: 520px) 100vw, 520px\" \/><\/a><\/p>\n<p style=\"text-align: justify;\">A 20 anni dalla sua scomparsa, Bratislava celebra Federico Fellini grazie a una collaborazione tra l\u2019Istituto Italiano di Cultura e la Cineteca nazionale slovacca (Slovensk\u00fd filmov\u00fd \u00fastav\/SFU). Tra il 27novembre e l\u20191 dicembre 2013 si tiene al Kino Lumi\u00e9re una retrospettiva dedicata ad alcuni dei suoi film indimenticabili, in lingua italiana, preceduta da un concerto delle leggendarie musiche che il compositore Nino Rota ha scritto appositamente per le opere di Fellini.<\/p>\n<p style=\"text-align: justify;\">Fellini \u00e8 stato vignettista satirico, sceneggiatore e solo in seguito anche regista. Nato a Rimini nel 1920, si trasferisce nella capitale per inseguire i suoi sogni, ma rimarr\u00e0 sempre legato a doppio filo alla sua terra d\u2019origine, alla quale saranno ispirate alcune delle sue storie e molti personaggi. Debutta alla regia nel 1952 con \u201cLo sceicco bianco\u201d, protagonista un inaspettato Alberto Sordi. Poi in rapida sequenza \u201cI vitelloni\u201d, \u201cLa strada\u201d, \u201cIl bidone\u201d e \u201cLe notti di Cabiria\u201d, tutti memorabili. Tre anni di attesa, e nel 1960 esce \u201cLa dolce vita\u201d, un capolavoro. Altri tre anni e, dopo il godibilissimo episodio \u201cLe tentazioni del dottor Antonio\u201d del film collettivo Boccaccio \u201970, esce \u201c8 \u00bd\u201c, acclamatissimo, un altro capolavoro, premio Oscar, il suo terzo; Fellini \u00e8 al massimo della carriera, tutti lo adorano, gli americani ne vanno matti, \u00e8 ormai una star. Potrebbe anche mettersi in pensione, e invece continua, e per molti altri anni rimane l\u2019idolo di un vasto pubblico mondiale, anche se con risultati alterni ma con picchi di altissima creativit\u00e0 quali \u201cAmarcord\u201d, \u201cLa citt\u00e0 delle donne\u201d, \u201cGinger e Fred\u201d, \u201cLa voce della luna\u201d, il suo testamento. Gi\u00e0 famosissimo, e in qualche modo rappresentante \u201cufficiale\u201d della Roma godereccia e decadente degli anni Sessanta, Fellini si concede anche ad altri registi in brevi camei, come all\u2019Ettore Scola di \u201cC\u2019eravamo tanto amati\u201d o al Sordi di \u201cIl tassinaro\u201d. Noto per i suoi accurati disegni di scena e i taccuini di appunti, si divert\u00ec a fare anche lo scenografo e il costumista nel suo \u201cCasanova\u201d.<\/p>\n<p style=\"text-align: justify;\">Per trasmettere il suo genio sognante nelle pellicole, con scenografie spesso ricostruite a Cinecitt\u00e0 con grande spreco di lavoranti, si serv\u00ec di alcuni direttori della fotografia, italiani ma conosciuti anche all\u2019estero, tra i pi\u00f9 noti del loro tempo: Giuseppe Rotunno e Tonino Delli Colli sopra tutti.<\/p>\n<p style=\"text-align: justify;\">\u00c8 considerato universalmente uno dei pi\u00f9 grandi ed influenti cineasti della storia del cinema mondiale. Muore a Roma il 31 ottobre del 1993, pochi mesi dopo aver ricevuto l\u2019Oscar alla carriera, quinta statuetta nel suo carnet. Le altre quattro vinte per il miglior film straniero: \u00abLa strada\u00bb (1954), \u00abLe notti di Cabiria\u00bb (1957), \u00ab8 \u00bd\u00bb (1963) e \u00abAmarcord\u00bb (1974). A queste si vanno a sommare, tra i tanti riconoscimenti, una Palma d\u2019Oro per \u00abLa dolce vita\u00bb (1960) e il Leone d\u2019Oro alla carriera tributatogli dalla Mostra di Venezia nel 1985.<\/p>\n<p style=\"text-align: justify;\">Il suo cinema ritrae la realt\u00e0 sociale dell\u2019epoca (gli anni \u201960-\u201970-\u201980) mescolata alle sue fantasie e al suo universo personale: clown, prelati, aristocratici corrotti e giullari di ogni tipo sono soltanto alcuni dei personaggi che attraverseranno l\u2019intera opera di un regista che non ha mai dimenticato il suo passato \u2018provinciale\u2019 e i sogni della sua infanzia.<\/p>\n<p style=\"text-align: justify;\">A inaugurare la rassegna saranno il 27 novembre \u201cLa strada\u201d e \u201cLe notti di Cabiria\u201d, i suoi primi due Oscar, con la moglie bolognese Giulietta Masina protagonista assoluta. I ruoli di Gelsomina e della prostituta Cabiria (che ottene il premio come miglior attrice a Cannes) proietteranno la Masina tra le star a livello planetario. A fine carriera sar\u00e0 proprio Giulietta Masina che sigler\u00e0 l\u2019amicizia tra il Fellini \u2018originale\u2019 e il suo alter-ego centro-europeo, il regista slovacco Juraj Jakubisko, quando il primo \u2018prester\u00e0\u2019 al secondo Giulietta per il ruolo di \u201cFrau Holle\u201d (La signora della neve) nell\u2019omonima fiaba girata nel 1986, in un momento nel quale la carriera di Jakubisko era strettamente controllata dal regime comunista, crollato pochi anni dopo.<\/p>\n<p style=\"text-align: justify;\">Tutti i film saranno proiettati da copie autentiche d\u2019archivio, in pellicola 35 mm, detenute dalla Cineteca nazionale slovacca di Bratislava, che quest\u2019anno compie 50 anni, proprio come 8 \u00bd .<\/p>\n<p style=\"text-align: justify;\"><strong>Il programma della rassegna:<\/strong><\/p>\n<p style=\"text-align: justify;\"><strong>25\/11\/2013<\/strong>, luned\u00ec, ore 18:00<br \/>\n<strong>Concerto \u2013 Nino Rota e Federico Fellini<\/strong>, due leggende a confronto<br \/>\nEnsemble Pierluigi Ruggero, violoncello | Andras Szabo, clarinetto | Raffaele La Ragione, mandolino | Giacomo Ferrari, piano<br \/>\n<strong>Palazzo Palffy, Z\u00e1mock\u00e1 ulica 47, Bratislava<\/strong><br \/>\nIngresso libero<\/p>\n<p style=\"text-align: justify;\"><strong>27\/11\/2013<\/strong>, mercoled\u00ec<br \/>\nore 18:00 <strong>Lo sceicco bianco<\/strong> | Biely \u0161ejk (1952)<br \/>\nore 20:00 <strong>Le notti di Cabiria<\/strong> | Cabiirine noci (1957)<\/p>\n<p style=\"text-align: justify;\"><strong>28\/11\/2013<\/strong>, gioved\u00ec<br \/>\nore 20:00 <strong>La dolce vita<\/strong> | Sladk\u00fd \u017eivot (1960)<\/p>\n<p style=\"text-align: justify;\"><strong>29\/11\/2013<\/strong>, venerd\u00ec<br \/>\nore 18:00 <strong>Otto e mezzo<\/strong> | 8 \u00bd (1963)<br \/>\nore 20:30 <strong>La strada<\/strong> | Cesta (1954)<\/p>\n<p style=\"text-align: justify;\"><strong>30\/11\/2013<\/strong>, sabato<br \/>\nore 18:00 <strong>I clown<\/strong> | Klauni (1970)<br \/>\nore 20:00 <strong>Giulietta degli spiriti<\/strong> | Giulietta a duchovia (1965)<\/p>\n<p style=\"text-align: justify;\"><strong>01\/12\/2013<\/strong>, domenica<br \/>\nore 17:30 <strong>Prova d\u2019orchestra<\/strong> | Sk\u00fa\u0161ka orchestra (1979)<br \/>\nore 20:00 <strong>E la nave va<\/strong> | A lo\u010f pl\u00e1va (1983)<br \/>\n<strong><\/strong><\/p>\n<p style=\"text-align: justify;\"><strong>Kino Lumi\u00e8re, \u0160pit\u00e1lska 4, Bratislava<\/strong><br \/>\nIngresso: ingresso: 3 \u20ac (ridotto 2 \u20ac). Prevendita: www.ticketportal.sk<\/p>\n<p style=\"text-align: justify;\">Ulteriori informazioni sul sito di IIC Bratislava.<\/p>\n<p style=\"text-align: justify;\">(La Redazione)<\/p>\n<p style=\"text-align: justify;\">Video: I vitelloni<br \/>\n<iframe loading=\"lazy\" src=\"http:\/\/www.youtube.com\/embed\/UKQdzDQqJ_U?wmode=transparent&amp;fs=1&amp;hl=en&amp;modestbranding=1&amp;iv_load_policy=3&amp;showsearch=0&amp;rel=0&amp;theme=dark\" frameborder=\"0\" width=\"523\" height=\"425\"><\/iframe><\/p>\n<p style=\"text-align: justify;\">Video: La dolce vita<br \/>\n<iframe loading=\"lazy\" src=\"http:\/\/www.youtube.com\/embed\/YEbYOtex2vI?wmode=transparent&amp;fs=1&amp;hl=en&amp;modestbranding=1&amp;iv_load_policy=3&amp;showsearch=0&amp;rel=0&amp;theme=dark\" frameborder=\"0\" width=\"523\" height=\"425\"><\/iframe><\/p>\n<p style=\"text-align: justify;\">Video: Nino Rota, tema di Amarcord<br \/>\n<iframe loading=\"lazy\" src=\"http:\/\/www.youtube.com\/embed\/us3Kgy52XAg?wmode=transparent&amp;fs=1&amp;hl=en&amp;modestbranding=1&amp;iv_load_policy=3&amp;showsearch=0&amp;rel=0&amp;theme=dark\" frameborder=\"0\" width=\"523\" height=\"425\"><\/iframe><\/p>\n<p style=\"text-align: justify;\">Video: Nino Rota, tema di Otto e mezzo<br \/>\n<iframe loading=\"lazy\" src=\"http:\/\/www.youtube.com\/embed\/nWqC6kRCLjI?wmode=transparent&amp;fs=1&amp;hl=en&amp;modestbranding=1&amp;iv_load_policy=3&amp;showsearch=0&amp;rel=0&amp;theme=dark\" frameborder=\"0\" width=\"523\" height=\"425\"><\/iframe><\/p>\n<p style=\"text-align: justify;\">Foto: Fondazione <a href=\"http:\/\/www.federicofellini.it\/\" target=\"_blank\">Federico Fellini<\/a><\/p>\n","protected":false},"excerpt":{"rendered":"<p>A 20 anni dalla sua scomparsa, Bratislava celebra Federico Fellini grazie a una collaborazione tra l\u2019Istituto Italiano di Cultura e la Cineteca nazionale slovacca (Slovensk\u00fd filmov\u00fd \u00fastav\/SFU). Tra il 27novembre e l\u20191 dicembre 2013 si tiene al Kino Lumi\u00e9re una retrospettiva dedicata ad alcuni dei suoi film indimenticabili, in lingua italiana, preceduta da un concerto [&hellip;]<\/p>\n","protected":false},"author":2,"featured_media":2875,"comment_status":"open","ping_status":"open","sticky":false,"template":"","format":"standard","meta":[],"categories":[5,1],"tags":[9,339,486,42],"aioseo_notices":[],"jetpack_featured_media_url":"https:\/\/www.turismoslovacchia.it\/wp-content\/uploads\/fellini-fondazione.jpg","jetpack_sharing_enabled":true,"jetpack-related-posts":[{"id":2912,"url":"https:\/\/www.turismoslovacchia.it\/?p=2912","url_meta":{"origin":2874,"position":0},"title":"Le immortali armonie felliniane di Nino Rota a Bratislava","date":"22 Novembre 2013","format":false,"excerpt":"Alla vigilia della retrospettiva su Federico Fellini, luned\u00ec 25 novembre a Bratislava va in scena un concerto delle indimenticabili musiche da film di Nino Rota, un autore che del successo delle pellicole di Fellini \u00e8 stato fin dall\u2019inizio un protagonista insieme dominante e garbato con il suo riconoscibile marchio di\u2026","rel":"","context":"In &quot;Articoli&quot;","img":{"alt_text":"","src":"https:\/\/i0.wp.com\/www.turismoslovacchia.it\/wp-content\/uploads\/amarcord-e1385147003879.jpg?resize=350%2C200&ssl=1","width":350,"height":200},"classes":[]},{"id":8598,"url":"https:\/\/www.turismoslovacchia.it\/?p=8598","url_meta":{"origin":2874,"position":1},"title":"A Bratislava gli scatti ritrovati della Dolce vita romana","date":"9 Novembre 2018","format":false,"excerpt":"\u00c8\u00a0stata inaugurata ieri a Bratislava la mostra di fotografie storiche provenienti dalla Roma della Dolce vita. Scatti degli anni Cinquanta e Sessanta, quando la capitale del Belpaese era frequentata dai divi dello spettacolo, della cultura e dal\u00a0jet set\u00a0internazionale. Nelle immagini si riconoscono personaggi come\u00a0Sophia Loren, Audrey Hepburn, Jean-Paul Sartre, Simone\u2026","rel":"","context":"In &quot;Articoli&quot;","img":{"alt_text":"","src":"https:\/\/i0.wp.com\/www.turismoslovacchia.it\/wp-content\/uploads\/valig.jpg?resize=350%2C200&ssl=1","width":350,"height":200},"classes":[]},{"id":9222,"url":"https:\/\/www.turismoslovacchia.it\/?p=9222","url_meta":{"origin":2874,"position":2},"title":"Bratislava, ritorna il Mese della fotografia","date":"1 Novembre 2019","format":false,"excerpt":"Ritorna per la ventinovesima volta il festival annuale Mesiac Fotografie \u2013 Month of Photography che ancora una volta porta a Bratislava star internazionali della fotografia contemporanea come AES + F e Joan Fountcouberta (vincitore del Premio Hasselblad, l'equivalente fotografico del Premio Nobel), insieme a vecchie glorie che dell'ottava arte hanno\u2026","rel":"","context":"In &quot;Articoli&quot;","img":{"alt_text":"","src":"https:\/\/i0.wp.com\/www.turismoslovacchia.it\/wp-content\/uploads\/mesiac-fotograf-19_1.jpg?resize=350%2C200&ssl=1","width":350,"height":200},"classes":[]},{"id":9242,"url":"https:\/\/www.turismoslovacchia.it\/?p=9242","url_meta":{"origin":2874,"position":3},"title":"Novembre 2019: gli eventi a Bratislava e dintorni","date":"30 Ottobre 2019","format":false,"excerpt":"Mozart Festival, Bratislava 25 ottobre - 10 novembre 2019 Sesta edizione del\u00a0Bratislava Mozart Festival 2019, con\u00a0quattro concerti interpretati da grandi artisti slovacchi ed europei.\u00a0Apertura con l'eccezionale Opus\u00a0Requiem KV 626.\u00a0Seguir\u00e0 una selezione di quartetti di oboe di\u00a0Mozart\u00a0e del contemporaneo\u00a0Georg Druschetzky, di cui ricorre quest'anno\u00a0il\u00a0bicentenario della morte.\u00a0Verr\u00e0 eseguito\u00a0anche il trio d'archi di\u00a0Johann\u2026","rel":"","context":"In &quot;Eventi&quot;","img":{"alt_text":"","src":"https:\/\/i0.wp.com\/www.turismoslovacchia.it\/wp-content\/uploads\/tennis-sport@pix.jpg?resize=350%2C200&ssl=1","width":350,"height":200},"classes":[]},{"id":4269,"url":"https:\/\/www.turismoslovacchia.it\/?p=4269","url_meta":{"origin":2874,"position":4},"title":"A Bratislava \u00e8 novembre il Mese della Fotografia","date":"7 Novembre 2014","format":false,"excerpt":"Ha avuto inizio da poco pi\u00f9 di una settimana, e si svolger\u00e0 fino al 30 novembre a Bratislava, la 24esima edizione del Festival internazionaleMesiac fotografie\u00a0(Mese della fotografia). Divenuto nel corso del tempo uno dei pi\u00f9 importanti eventi culturali d\u2019autunno dell\u2019intera regione, il festival vede nel corso del mese decine di\u2026","rel":"","context":"In &quot;Articoli&quot;","img":{"alt_text":"","src":"https:\/\/i0.wp.com\/www.turismoslovacchia.it\/wp-content\/uploads\/mesefotogr-koppitz-2014.jpg?resize=350%2C200&ssl=1","width":350,"height":200},"classes":[]},{"id":3410,"url":"https:\/\/www.turismoslovacchia.it\/?p=3410","url_meta":{"origin":2874,"position":5},"title":"Regione di Bratislava, invito alla visita. I nuovi video promozionali","date":"11 Febbraio 2014","format":false,"excerpt":"Sono stati presentati pochi giorni fa tre nuovi video promozionali della Regione di Bratislava, pronti ad invitare nuovi turisti e viaggiatori per la primavera - estate 2014. I video sono focalizzati su tematiche diverse; il primo sulla capitale Bratislava, i suoi angoli pittoreschi e i monumenti, il Teatro Nazionale e\u2026","rel":"","context":"In &quot;Articoli&quot;","img":{"alt_text":"","src":"https:\/\/i0.wp.com\/www.turismoslovacchia.it\/wp-content\/uploads\/brati-vide.jpg?resize=350%2C200&ssl=1","width":350,"height":200},"classes":[]}],"jetpack_shortlink":"https:\/\/wp.me\/p1oiY9-Km","_links":{"self":[{"href":"https:\/\/www.turismoslovacchia.it\/index.php?rest_route=\/wp\/v2\/posts\/2874"}],"collection":[{"href":"https:\/\/www.turismoslovacchia.it\/index.php?rest_route=\/wp\/v2\/posts"}],"about":[{"href":"https:\/\/www.turismoslovacchia.it\/index.php?rest_route=\/wp\/v2\/types\/post"}],"author":[{"embeddable":true,"href":"https:\/\/www.turismoslovacchia.it\/index.php?rest_route=\/wp\/v2\/users\/2"}],"replies":[{"embeddable":true,"href":"https:\/\/www.turismoslovacchia.it\/index.php?rest_route=%2Fwp%2Fv2%2Fcomments&post=2874"}],"version-history":[{"count":0,"href":"https:\/\/www.turismoslovacchia.it\/index.php?rest_route=\/wp\/v2\/posts\/2874\/revisions"}],"wp:featuredmedia":[{"embeddable":true,"href":"https:\/\/www.turismoslovacchia.it\/index.php?rest_route=\/wp\/v2\/media\/2875"}],"wp:attachment":[{"href":"https:\/\/www.turismoslovacchia.it\/index.php?rest_route=%2Fwp%2Fv2%2Fmedia&parent=2874"}],"wp:term":[{"taxonomy":"category","embeddable":true,"href":"https:\/\/www.turismoslovacchia.it\/index.php?rest_route=%2Fwp%2Fv2%2Fcategories&post=2874"},{"taxonomy":"post_tag","embeddable":true,"href":"https:\/\/www.turismoslovacchia.it\/index.php?rest_route=%2Fwp%2Fv2%2Ftags&post=2874"}],"curies":[{"name":"wp","href":"https:\/\/api.w.org\/{rel}","templated":true}]}}