{"id":2866,"date":"2013-11-17T01:01:43","date_gmt":"2013-11-17T00:01:43","guid":{"rendered":"http:\/\/www.turismoslovacchia.it\/?p=2866"},"modified":"2018-12-15T17:39:08","modified_gmt":"2018-12-15T16:39:08","slug":"17-novembre-giorno-della-lotta-per-la-liberta-e-la-democrazia","status":"publish","type":"post","link":"https:\/\/www.turismoslovacchia.it\/?p=2866","title":{"rendered":"17 novembre, Giorno della Lotta per la libert\u00e0 e la democrazia"},"content":{"rendered":"<p style=\"text-align: justify;\"><img decoding=\"async\" loading=\"lazy\" class=\"alignnone\" src=\"http:\/\/www.buongiornoslovacchia.sk\/wp-content\/uploads\/Rivoluzione-di-Velluto.jpg\" alt=\"\" width=\"520\" height=\"320\" \/><\/p>\n<p style=\"text-align: justify;\">Si celebra oggi, 17 novembre, il 24esimo anniversario della Rivoluzione di velluto del 1989, che port\u00f2 al crollo del regime comunista, una data ricordata in Slovacchia come Giorno della Lotta per la liberta&#8217; e la democrazia. Il giorno prima, il 16 novembre 1989, inizi\u00f2 tutto con una manifestazione pacifica a Bratislava organizzata in occasione del Giorno Internazionale degli Studenti, alla quale partecipavano studenti di scuole superiori e universit\u00e0 slovacche che chiedevano una riforma del sistema educazionale. Nonostante i timori delle autorit\u00e0 e lo spiegamento in forze della polizia, la manifestazione si concluse in pace.<\/p>\n<p style=\"text-align: justify;\">Il giorno dopo, a Praga, un raduno legale dell\u2019Unione Socialista della Giovent\u00f9 (l\u2019ala giovanile del Partito Comunista) per commemorare il cinquantesimo anniversario dell\u2019uccisione di uno studente ceco da parte dei nazisti nel 1939, radun\u00f2 50.000 persone, che reggevano striscioni e cantavano cori anti-comunisti e vennero caricati violentemente dalla polizia. Un fatto che scaten\u00f2 una serie di dimostrazioni popolari dal 19 novembre fino alla fine di dicembre contro il regime del Partito Comunista della Cecoslovacchia, che controllava il paese dal 1946.<\/p>\n<p style=\"text-align: justify;\">Entro il 20 novembre i dimostranti riunitisi a Praga passarono da 200.000 a quasi mezzo milione. Il segretario del Partito Comunista della Cecoslovacchia, Milo\u0161 Jake\u0161, si vide costretto a dimettersi.<\/p>\n<p style=\"text-align: justify;\">Le manifestazioni portarono al crollo definitivo del partito e traghettarono il Paese verso una repubblica parlamentare. Il 29 dicembre 1989 V\u00e1clav Havel venne nominato Presidente della Cecoslovacchia, lo slovacco Alexander Dub\u010dek fu eletto presidente della Camera e le prime elezioni democratiche si svolsero nel 1990.<\/p>\n<p style=\"text-align: justify;\">La manifestazione di Praga del 1939 voleva ricordare uno scontro tra studenti e forze tedesche d\u2019occupazione, avventuo il 28 ottobre, che port\u00f2 all\u2019uccisione di diverse persone tra cui lo studente di medicina all\u2019Universit\u00e0 di Carlo Jan Opletal, morto a seguito delle ferite tredici giorni dopo. In occasione del trasferimento della sua salma alla citt\u00e0 natale, in Moravia, gli studenti si riunirono a Praga in gran numero trasformando il corteo in una manifestazione anti-nazista che fu brutalmente attaccata dalle truppe tedesche e port\u00f2 all\u2019arresto di centinaia di studenti (si parla di 1.200) e alla loro deportazione in campi di concentramento. Nove tra studenti e professori furono giustiziati senza processo il 17 novembre. Quella data fu proclamata Giornata internazionale degli studenti a Londra nel 1941 dal Consiglio internazionale degli studenti.<\/p>\n<p style=\"text-align: justify;\">(Fonte Buongiorno Slovacchia)<\/p>\n","protected":false},"excerpt":{"rendered":"<p>Si celebra oggi, 17 novembre, il 24esimo anniversario della Rivoluzione di velluto del 1989, che port\u00f2 al crollo del regime comunista, una data ricordata in Slovacchia come Giorno della Lotta per la liberta&#8217; e la democrazia. Il giorno prima, il 16 novembre 1989, inizi\u00f2 tutto con una manifestazione pacifica a Bratislava organizzata in occasione del [&hellip;]<\/p>\n","protected":false},"author":2,"featured_media":0,"comment_status":"open","ping_status":"open","sticky":false,"template":"","format":"standard","meta":[],"categories":[3,1],"tags":[467,746,485],"aioseo_notices":[],"jetpack_featured_media_url":"","jetpack_sharing_enabled":true,"jetpack-related-posts":[{"id":9250,"url":"https:\/\/www.turismoslovacchia.it\/?p=9250","url_meta":{"origin":2866,"position":0},"title":"A Roma una mostra-anniversario della Rivoluzione: \u201c30 anni di libert\u00e0 cecoslovacca\u201d","date":"16 Ottobre 2019","format":false,"excerpt":"Due Paesi, la\u00a0Repubblica Ceca\u00a0e la\u00a0Repubblica Slovacca, vogliono insieme ricordare uno dei momenti salienti della storia recente cecoslovacca: la\u00a0fine della quarantennale dittatura comunista.\u00a0Sessanta scatti iconici, realizzati da quindici tra i migliori fotografi cechi, raccontano fatti ed emozioni di quel periodo nella mostra fotografica \u201c1989: Rivoluzione di velluto. 30 anni della libert\u00e0\u2026","rel":"","context":"In &quot;Articoli&quot;","img":{"alt_text":"","src":"https:\/\/i0.wp.com\/www.turismoslovacchia.it\/wp-content\/uploads\/30-1989.jpg?resize=350%2C200&ssl=1","width":350,"height":200},"classes":[]},{"id":1780,"url":"https:\/\/www.turismoslovacchia.it\/?p=1780","url_meta":{"origin":2866,"position":1},"title":"Museo del comunismo, apertura ufficiale il 25 marzo 2013","date":"11 Febbraio 2013","format":false,"excerpt":"Dopo un periodo di funzionamento sperimentale, il Museo dei crimini e delle vittime del comunismo viene ufficialmente inaugurato il 25 marzo, il giorno in cui in Slovacchia si va a commemorare il 25\u00b0 anniversario della manifestazione delle candele (svie\u010dkov\u00e1 demon\u0161tr\u00e1cia), l\u2019evento che dette inizio alle proteste contro il regime in\u2026","rel":"","context":"In &quot;Articoli&quot;","img":{"alt_text":"","src":"https:\/\/i0.wp.com\/www.turismoslovacchia.it\/wp-content\/uploads\/museo-comunismo-bratislava.jpg?resize=350%2C200","width":350,"height":200},"classes":[]},{"id":8657,"url":"https:\/\/www.turismoslovacchia.it\/?p=8657","url_meta":{"origin":2866,"position":2},"title":"Personalit\u00e0 e anniversari significativi: Alexander Dub\u010dek","date":"9 Ottobre 2018","format":false,"excerpt":"Alexander Dub\u010dek\u00a0(Uhrovec,\u00a027 novembre\u00a01921\u00a0\u2013\u00a0Praga,\u00a07 novembre\u00a01992) \u00c8 stato un\u00a0politico\u00a0cecoslovacco\u00a0rinomato per le sue azioni intese ad abbandonare il modello di socialismo di stampo sovietico. Dub\u010dek riun\u00ec intorno a s\u00e9 un gruppo di politici e intellettuali riformatori, diventando il maggiore interprete di una linea antiautoritaria \u2013 definita come \"socialismo\u00a0dal volto umano\" \u2013 e di\u2026","rel":"","context":"In &quot;Articoli&quot;","img":{"alt_text":"","src":"https:\/\/i0.wp.com\/www.turismoslovacchia.it\/wp-content\/uploads\/dubcek-havel1989.jpg?resize=350%2C200&ssl=1","width":350,"height":200},"classes":[]},{"id":9341,"url":"https:\/\/www.turismoslovacchia.it\/?p=9341","url_meta":{"origin":2866,"position":3},"title":"Al Castello di Bratislava la mostra \u2018N89 \u2013 Strada verso la libert\u00e0\u2019","date":"15 Novembre 2019","format":false,"excerpt":"Gioved\u00ec 14 novembre \u00e8 stata inaugurata nel castello di Bratislava la mostra \u201cN89 \u2013 Cesta k slobode\u201d (Strada verso la libert\u00e0) che racconta il periodo della Rivoluzione di velluto (1989). Alla cerimonia di apertura hanno partecipato diverse personalit\u00e0 della cultura e delle istituzioni, a partire dal presidente del Parlamento Andrei\u2026","rel":"","context":"In &quot;Articoli&quot;","img":{"alt_text":"","src":"https:\/\/i0.wp.com\/www.turismoslovacchia.it\/wp-content\/uploads\/n89.jpg?resize=350%2C200&ssl=1","width":350,"height":200},"classes":[]},{"id":9222,"url":"https:\/\/www.turismoslovacchia.it\/?p=9222","url_meta":{"origin":2866,"position":4},"title":"Bratislava, ritorna il Mese della fotografia","date":"1 Novembre 2019","format":false,"excerpt":"Ritorna per la ventinovesima volta il festival annuale Mesiac Fotografie \u2013 Month of Photography che ancora una volta porta a Bratislava star internazionali della fotografia contemporanea come AES + F e Joan Fountcouberta (vincitore del Premio Hasselblad, l'equivalente fotografico del Premio Nobel), insieme a vecchie glorie che dell'ottava arte hanno\u2026","rel":"","context":"In &quot;Articoli&quot;","img":{"alt_text":"","src":"https:\/\/i0.wp.com\/www.turismoslovacchia.it\/wp-content\/uploads\/mesiac-fotograf-19_1.jpg?resize=350%2C200&ssl=1","width":350,"height":200},"classes":[]},{"id":8295,"url":"https:\/\/www.turismoslovacchia.it\/?p=8295","url_meta":{"origin":2866,"position":5},"title":"Novembre 2017: gli eventi a Bratislava e dintorni","date":"28 Ottobre 2017","format":false,"excerpt":"Tra\u00a0gli eventi pi\u00f9 rilevanti del novembre 2017 nella citt\u00e0 e regione di Bratislava\u00a0vanno ricordati nella capitale il Mese della Fotografia e lo Slovak Press Photo,\u00a0 appuntamenti che da tempo sono ormai diventati un must del mese di novembre, e poi il Festival della Libert\u00e0, che si tiene nelle date intorno\u2026","rel":"","context":"In &quot;Articoli&quot;","img":{"alt_text":"","src":"https:\/\/i0.wp.com\/www.turismoslovacchia.it\/wp-content\/uploads\/eventi_00.jpg?resize=350%2C200&ssl=1","width":350,"height":200},"classes":[]}],"jetpack_shortlink":"https:\/\/wp.me\/p1oiY9-Ke","_links":{"self":[{"href":"https:\/\/www.turismoslovacchia.it\/index.php?rest_route=\/wp\/v2\/posts\/2866"}],"collection":[{"href":"https:\/\/www.turismoslovacchia.it\/index.php?rest_route=\/wp\/v2\/posts"}],"about":[{"href":"https:\/\/www.turismoslovacchia.it\/index.php?rest_route=\/wp\/v2\/types\/post"}],"author":[{"embeddable":true,"href":"https:\/\/www.turismoslovacchia.it\/index.php?rest_route=\/wp\/v2\/users\/2"}],"replies":[{"embeddable":true,"href":"https:\/\/www.turismoslovacchia.it\/index.php?rest_route=%2Fwp%2Fv2%2Fcomments&post=2866"}],"version-history":[{"count":1,"href":"https:\/\/www.turismoslovacchia.it\/index.php?rest_route=\/wp\/v2\/posts\/2866\/revisions"}],"predecessor-version":[{"id":8706,"href":"https:\/\/www.turismoslovacchia.it\/index.php?rest_route=\/wp\/v2\/posts\/2866\/revisions\/8706"}],"wp:attachment":[{"href":"https:\/\/www.turismoslovacchia.it\/index.php?rest_route=%2Fwp%2Fv2%2Fmedia&parent=2866"}],"wp:term":[{"taxonomy":"category","embeddable":true,"href":"https:\/\/www.turismoslovacchia.it\/index.php?rest_route=%2Fwp%2Fv2%2Fcategories&post=2866"},{"taxonomy":"post_tag","embeddable":true,"href":"https:\/\/www.turismoslovacchia.it\/index.php?rest_route=%2Fwp%2Fv2%2Ftags&post=2866"}],"curies":[{"name":"wp","href":"https:\/\/api.w.org\/{rel}","templated":true}]}}