{"id":2843,"date":"2013-11-08T00:39:17","date_gmt":"2013-11-07T23:39:17","guid":{"rendered":"http:\/\/www.turismoslovacchia.it\/?p=2843"},"modified":"2015-05-15T17:10:37","modified_gmt":"2015-05-15T15:10:37","slug":"melos-etos-a-bratislava-il-festival-della-musica-di-oggi-anzi-di-domani","status":"publish","type":"post","link":"https:\/\/www.turismoslovacchia.it\/?p=2843","title":{"rendered":"Melos-\u00c9tos, a Bratislava il festival della musica di oggi \u2013 anzi, di domani"},"content":{"rendered":"<p style=\"text-align: justify;\"><a href=\"http:\/\/www.turismoslovacchia.it\/?attachment_id=2844\" rel=\"attachment wp-att-2844\"><img decoding=\"async\" loading=\"lazy\" class=\"alignnone size-full wp-image-2844\" title=\"melos-etos\" src=\"http:\/\/www.turismoslovacchia.it\/wp-content\/uploads\/melos-etos.jpg\" alt=\"\" width=\"520\" height=\"320\" srcset=\"https:\/\/www.turismoslovacchia.it\/wp-content\/uploads\/melos-etos.jpg 520w, https:\/\/www.turismoslovacchia.it\/wp-content\/uploads\/melos-etos-300x185.jpg 300w, https:\/\/www.turismoslovacchia.it\/wp-content\/uploads\/melos-etos-400x246.jpg 400w, https:\/\/www.turismoslovacchia.it\/wp-content\/uploads\/melos-etos-100x62.jpg 100w, https:\/\/www.turismoslovacchia.it\/wp-content\/uploads\/melos-etos-200x123.jpg 200w, https:\/\/www.turismoslovacchia.it\/wp-content\/uploads\/melos-etos-150x92.jpg 150w\" sizes=\"(max-width: 520px) 100vw, 520px\" \/><\/a><\/p>\n<p style=\"text-align: justify;\">Si apre oggi 8 novembre, con un concerto di sole prime esecuzioni, il Festival Internazionale di Musica Contemporanea Melos-\u00c9tos (anche Melos-Ethos, in inglese) che per una settimana porta, con il motto \u201cHudba je v\u0161ade\u201d (La musica \u00e8 ovunque), un po\u2019 di \u201caria nuova\u201d nel panorama musicale di Bratislava con musica nuova, anzi nuovissima. Sono 20 gli appuntamenti di questa edizione numero XII del festival, una manifestazione biennale nata nel 1991 e organizzata nella capitale da Hudobny Center, ente nazionale delegato alla promozione della cultura musicale in Slovacchia.<\/p>\n<p style=\"text-align: justify;\">Essendo in particolare un festival di compositori, il programma punta in particolare su opere di qualit\u00e0 del panorama mondiale, con un focus su validi autori slovacchi ai quali non di rado viene commissionato un lavoro per l\u2019occasione. Molte sono le premi\u00e9re almeno nazionali, se non mondiali (quest\u2019anno, dicono gli organizzatori, sono ben dieci le prime mondiali), e ad ogni edizione viene invitato un compositore straniero di rilevanza internazionale. Quest\u2019anno \u00e8 il turno della finlandese Kaija Saariaho, che attualmente vive in Francia, e che sar\u00e0 l\u2019ospite principale di Melos-\u00c9tos 2013. Sue opere saranno eseguite in tre diversi concerti.<\/p>\n<p style=\"text-align: justify;\">Nel concerto di domani pomeriggio nella Sala piccola della Filarmonica lo Stadler Quartet eseguir\u00e0 anche due brani di Luciano Berio e uno di Luca Francesconi.<\/p>\n<p style=\"text-align: justify;\">Video \u2013 Quintessence: Water (Ivana Ognjanovic, EBE)<br \/>\n<iframe loading=\"lazy\" src=\"http:\/\/www.youtube.com\/embed\/guQcl21w8gA?wmode=transparent&amp;fs=1&amp;hl=en&amp;modestbranding=1&amp;iv_load_policy=3&amp;showsearch=0&amp;rel=0&amp;theme=dark\" frameborder=\"0\" width=\"520\" height=\"420\"><\/iframe><\/p>\n<p style=\"text-align: justify;\">Video \u2013 Orkiestra Muzyki Nowej<br \/>\n<iframe loading=\"lazy\" src=\"http:\/\/www.youtube.com\/embed\/KJikEvAu3S8?wmode=transparent&amp;fs=1&amp;hl=en&amp;modestbranding=1&amp;iv_load_policy=3&amp;showsearch=0&amp;rel=0&amp;theme=dark\" frameborder=\"0\" width=\"520\" height=\"420\"><\/iframe><\/p>\n<p style=\"text-align: justify;\">Video \u2013 Kaija Saariaho: Mirrors<br \/>\n<iframe loading=\"lazy\" src=\"http:\/\/www.youtube.com\/embed\/aV8l3wYgQEo?wmode=transparent&amp;fs=1&amp;hl=en&amp;modestbranding=1&amp;iv_load_policy=3&amp;showsearch=0&amp;rel=0&amp;theme=dark\" frameborder=\"0\" width=\"520\" height=\"420\"><\/iframe><\/p>\n<p style=\"text-align: justify;\">Video \u2013 Petr Wajsar: Minimini<br \/>\n<iframe loading=\"lazy\" src=\"http:\/\/www.youtube.com\/embed\/0Jp9N72-SKU?wmode=transparent&amp;fs=1&amp;hl=en&amp;modestbranding=1&amp;iv_load_policy=3&amp;showsearch=0&amp;rel=0&amp;theme=dark\" frameborder=\"0\" width=\"520\" height=\"420\"><\/iframe><\/p>\n<p style=\"text-align: justify;\">Per il programma, i biglietti e tutte le informazioni utili vedere sul sito<a href=\"http:\/\/hc.sk\/en\/melos-etos\/program\/\">http:\/\/hc.sk\/en\/melos-etos\/program\/<\/a>.<\/p>\n<p style=\"text-align: justify;\">Cosa: Melos-\u00c9tos 2013<br \/>\nDove: Bratislava, diverse sale, chiese e teatri<br \/>\nQuando: 8-14\/11\/2013<\/p>\n","protected":false},"excerpt":{"rendered":"<p>Si apre oggi 8 novembre, con un concerto di sole prime esecuzioni, il Festival Internazionale di Musica Contemporanea Melos-\u00c9tos (anche Melos-Ethos, in inglese) che per una settimana porta, con il motto \u201cHudba je v\u0161ade\u201d (La musica \u00e8 ovunque), un po\u2019 di \u201caria nuova\u201d nel panorama musicale di Bratislava con musica nuova, anzi nuovissima. Sono 20 [&hellip;]<\/p>\n","protected":false},"author":2,"featured_media":2844,"comment_status":"open","ping_status":"open","sticky":false,"template":"","format":"standard","meta":[],"categories":[3,5,1,326],"tags":[9,249,42,481,38],"aioseo_notices":[],"jetpack_featured_media_url":"https:\/\/www.turismoslovacchia.it\/wp-content\/uploads\/melos-etos.jpg","jetpack_sharing_enabled":true,"jetpack-related-posts":[{"id":9297,"url":"https:\/\/www.turismoslovacchia.it\/?p=9297","url_meta":{"origin":2843,"position":0},"title":"Melos-Ethos, il maggior festival slovacco di musica contemporanea","date":"3 Novembre 2019","format":false,"excerpt":"Il Festival biennale Melos-Ethos, che dal 1991 propone la pi\u00f9 importante rassegna di produzione musicale contemporanea slovacca, e selezionati autori stranieri prendendo spunto dalla\u00a0ricca tradizione musicale di Bratislava. Durante l'epoca comunista la musica contemporanea proveniente dall'America e dall'Europa era denigrata e agli autori slovacchi era permesso di esprimersi solo parzialmente,\u2026","rel":"","context":"In &quot;Articoli&quot;","img":{"alt_text":"","src":"https:\/\/i0.wp.com\/www.turismoslovacchia.it\/wp-content\/uploads\/melos-ethos19.jpg?resize=350%2C200&ssl=1","width":350,"height":200},"classes":[]},{"id":8257,"url":"https:\/\/www.turismoslovacchia.it\/?p=8257","url_meta":{"origin":2843,"position":1},"title":"Agosto 2017: gli eventi a Bratislava e dintorni","date":"28 Luglio 2017","format":false,"excerpt":"Segnaliamo qui gli eventi pi\u00f9 rilevanti del mese di\u00a0agosto 2017 nella citt\u00e0 e regione di Bratislava.\u00a0Tra quelli da segnalare ci sono l'estate culturale di Bratislava, che\u00a0sta continuando da giugno con le sue\u00a0centinaia di appuntamenti, e la chiusura del\u00a0festival musicale Viva Musica!, poi il Summer Party nel resort acquatico-sportivo\u00a0Divok\u00e1 voda\u00a0a \u010cunovo,\u2026","rel":"","context":"In &quot;Articoli&quot;","img":{"alt_text":"","src":"https:\/\/i0.wp.com\/www.turismoslovacchia.it\/wp-content\/uploads\/eventi_00.jpg?resize=350%2C200&ssl=1","width":350,"height":200},"classes":[]},{"id":5296,"url":"https:\/\/www.turismoslovacchia.it\/?p=5296","url_meta":{"origin":2843,"position":2},"title":"Al via l&#8217;Estate di Bratislava 2015: saranno 300 gli eventi fino a settembre","date":"9 Giugno 2015","format":false,"excerpt":"\u00c8 stato presentato ieri il programma della 40esima edizione dell\u2019Estate culturale di Bratislava (Festival Kult\u00farne leto a Hradn\u00e9 sl\u00e1vnosti Bratislava). La capitale, che vanta la stagione culturale pi\u00f9 longeva della Slovacchia, vedr\u00e0 svolgersi nelle diverse location \u2013 tra le quali diverse piazze e il castello \u2013 oltre 300 eventi culturali\u2026","rel":"","context":"In &quot;Articoli&quot;","img":{"alt_text":"","src":"https:\/\/i0.wp.com\/www.turismoslovacchia.it\/wp-content\/uploads\/bratislava_EadaoinFlynn-BY-NC-ND.jpg?resize=350%2C200&ssl=1","width":350,"height":200},"classes":[]},{"id":3936,"url":"https:\/\/www.turismoslovacchia.it\/?p=3936","url_meta":{"origin":2843,"position":3},"title":"Parte oggi l\u2019Estate di Bratislava con una sfilata in piazza. In totale 250 eventi fino a settembre","date":"12 Giugno 2014","format":false,"excerpt":"Prende il via oggi 12 giugno L'estate culturale di Bratislava che, insieme al Festival del Castello propone eventi multi-genere nella capitale slovacca per i prossimi tre mesi. L\u2019evento con cui si apre ufficialmente la 39esima edizione dell\u2019Estate \u00e8 \u201cM\u00f3da v meste\u201d, Moda in citta', una sfilata di abiti delle collezioni\u2026","rel":"","context":"In &quot;Eventi&quot;","img":{"alt_text":"","src":"https:\/\/i0.wp.com\/www.turismoslovacchia.it\/wp-content\/uploads\/Bratislava-estate-eventi_flickr-10099099554.jpg?resize=350%2C200&ssl=1","width":350,"height":200},"classes":[]},{"id":1516,"url":"https:\/\/www.turismoslovacchia.it\/?p=1516","url_meta":{"origin":2843,"position":4},"title":"Bratislava Music Festival 2012, si inizia con la superstar del violino Sarah Chang","date":"27 Settembre 2012","format":false,"excerpt":"Si apre domani con il Concerto per violino e orchestra op.77 di Johannes Brahms, eseguito dalla Slovensk\u00e1 filharm\u00f3nia diretta da Emmanuel Villaume, l'edizione numero 48 del Bratislava Music Festival (BHF), il festival di musica classica pi\u00f9 longevo in Slovacchia, e uno dei pi\u00f9 rinomati nell\u2019Europa Centrale. A dominare la scena\u2026","rel":"","context":"In &quot;Eventi&quot;","img":{"alt_text":"","src":"https:\/\/i0.wp.com\/www.turismoslovacchia.it\/wp-content\/uploads\/Filharmonia-foto_stv-sk.jpg?resize=350%2C200&ssl=1","width":350,"height":200},"classes":[]},{"id":9043,"url":"https:\/\/www.turismoslovacchia.it\/?p=9043","url_meta":{"origin":2843,"position":5},"title":"Luglio 2019: gli eventi a Bratislava e in Slovacchia","date":"2 Luglio 2019","format":false,"excerpt":"Estate culturale di Bratislava 2019 \u2013 Bratislava giugno\u00a0\u2013 settembre\u00a02019 La rassegna\u00a0\u201cEstate culturale di Bratislava\u201d \u00e8 il pi\u00f9 grande evento estivo in Slovacchia che, nel corso dei mesi d\u2019estate propone nella capitale centinaia di appuntamenti culturali, musicali, letterari, teatrali, e attivit\u00e0 per il tempo libero\u00a0per i residenti e i tanti turisti.\u2026","rel":"","context":"In &quot;Eventi&quot;","img":{"alt_text":"","src":"https:\/\/i0.wp.com\/www.turismoslovacchia.it\/wp-content\/uploads\/vychodna-festiv-folk.jpg?resize=350%2C200&ssl=1","width":350,"height":200},"classes":[]}],"jetpack_shortlink":"https:\/\/wp.me\/p1oiY9-JR","_links":{"self":[{"href":"https:\/\/www.turismoslovacchia.it\/index.php?rest_route=\/wp\/v2\/posts\/2843"}],"collection":[{"href":"https:\/\/www.turismoslovacchia.it\/index.php?rest_route=\/wp\/v2\/posts"}],"about":[{"href":"https:\/\/www.turismoslovacchia.it\/index.php?rest_route=\/wp\/v2\/types\/post"}],"author":[{"embeddable":true,"href":"https:\/\/www.turismoslovacchia.it\/index.php?rest_route=\/wp\/v2\/users\/2"}],"replies":[{"embeddable":true,"href":"https:\/\/www.turismoslovacchia.it\/index.php?rest_route=%2Fwp%2Fv2%2Fcomments&post=2843"}],"version-history":[{"count":0,"href":"https:\/\/www.turismoslovacchia.it\/index.php?rest_route=\/wp\/v2\/posts\/2843\/revisions"}],"wp:featuredmedia":[{"embeddable":true,"href":"https:\/\/www.turismoslovacchia.it\/index.php?rest_route=\/wp\/v2\/media\/2844"}],"wp:attachment":[{"href":"https:\/\/www.turismoslovacchia.it\/index.php?rest_route=%2Fwp%2Fv2%2Fmedia&parent=2843"}],"wp:term":[{"taxonomy":"category","embeddable":true,"href":"https:\/\/www.turismoslovacchia.it\/index.php?rest_route=%2Fwp%2Fv2%2Fcategories&post=2843"},{"taxonomy":"post_tag","embeddable":true,"href":"https:\/\/www.turismoslovacchia.it\/index.php?rest_route=%2Fwp%2Fv2%2Ftags&post=2843"}],"curies":[{"name":"wp","href":"https:\/\/api.w.org\/{rel}","templated":true}]}}