{"id":2839,"date":"2013-11-07T00:35:55","date_gmt":"2013-11-06T23:35:55","guid":{"rendered":"http:\/\/www.turismoslovacchia.it\/?p=2839"},"modified":"2015-05-15T17:10:43","modified_gmt":"2015-05-15T15:10:43","slug":"parte-a-bratislava-il-mese-della-fotografia-2013","status":"publish","type":"post","link":"https:\/\/www.turismoslovacchia.it\/?p=2839","title":{"rendered":"Parte a Bratislava il Mese della Fotografia 2013"},"content":{"rendered":"<p style=\"text-align: justify;\"><a href=\"http:\/\/www.turismoslovacchia.it\/?attachment_id=2840\" rel=\"attachment wp-att-2840\"><img decoding=\"async\" loading=\"lazy\" class=\"alignnone size-full wp-image-2840\" title=\"festival-foto-2013\" src=\"http:\/\/www.turismoslovacchia.it\/wp-content\/uploads\/festival-foto-2013.jpg\" alt=\"\" width=\"520\" height=\"320\" srcset=\"https:\/\/www.turismoslovacchia.it\/wp-content\/uploads\/festival-foto-2013.jpg 520w, https:\/\/www.turismoslovacchia.it\/wp-content\/uploads\/festival-foto-2013-300x185.jpg 300w, https:\/\/www.turismoslovacchia.it\/wp-content\/uploads\/festival-foto-2013-400x246.jpg 400w, https:\/\/www.turismoslovacchia.it\/wp-content\/uploads\/festival-foto-2013-100x62.jpg 100w, https:\/\/www.turismoslovacchia.it\/wp-content\/uploads\/festival-foto-2013-200x123.jpg 200w, https:\/\/www.turismoslovacchia.it\/wp-content\/uploads\/festival-foto-2013-150x92.jpg 150w\" sizes=\"(max-width: 520px) 100vw, 520px\" \/><\/a><\/p>\n<p style=\"text-align: justify;\">Partita in sordina nei giorni scorsi, la kermesse della fotografia novembrina conosciuta con il brand \u201cMonth of Photography\u201d, che rappresenta una rete di festival in capitali di tutta Europa (tra cui Berlino, Vienna e Parigi), entra nel vivo da oggi fino a sabato con decine di vernissage e incontri, per specialisti e non, in diverse gallerie e musei della capitale slovacca.<\/p>\n<p style=\"text-align: justify;\">Delle trentuno mostre personali e collettive con opere di fotografi da 20 paesi che compongono la rassegna slovacca del 2013, la numero XXIII della serie, gli appuntamenti pi\u00f9 interessanti sono forse quelli con la mostra della messicana Graciela Iturbide \u201cFiesta and death\u201d, una delle personalit\u00e0 oggi pi\u00f9 importanti del mondo della fotografia e vincitore del premio Hasselblad (il \u201cNobel fotografico\u201d), e, per la prima volta in Slovacchia, le immagini premiate al Sony World Photography Awards, che offrono uno spaccato dello \u201cstato dell\u2019arte\u201d nei vari generi fotografici, dall\u2019attualit\u00e0 al ritratto, dallo sport alla natura. Poi, personalmente consiglio di vedere l\u2019omaggio a Tibor Huszar, grande fotografo documentarista slovacco scomparso poche settimane fa, gli esperimenti sul corpo (il suo) del coreano Youngho Kang), e lo splendido lavoro del polacco Rafal Milach.<\/p>\n<p style=\"text-align: justify;\">Il festival 2013 apre una delle sue finestre di primo piano anche sulla \u201cnoble print\u201d, la tecnica di stampa fotografica in vigore nel XIX secolo, che acquisiscono una particolare attrazione nel diluvio della produzione digitale odierna. Nella mostra \u201cZrkadlo s pam\u00e4\u0165ou\u201d (Mirror with a memory) vengono esposti dagherrotipi originali slovacchi di ritrattistica degli anni 1840-1850, ma anche ferrotipi di Vladimir \u017didlicky (Repubblica Ceca) e stampe al\u00a0 palladio\/gomma bicromata dal lavoro di Anna Strickland (Usa), una tecnica alla quale \u00e8 dedicato anche un workshop. Altro tema principale, una mostra slovacca sul rapporto tra fotografia e societ\u00e0 negli anni \u201950 del secolo scorso, nel momento pi\u00f9 duro della dittatura comunista.<\/p>\n<p style=\"text-align: justify;\">Maggiori informazioni, programma, eventi: <a href=\"http:\/\/www.mesiacfotografie.sk\" target=\"_blank\">www.mesiacfotografie.sk<\/a>.<\/p>\n<p style=\"text-align: justify;\">\n","protected":false},"excerpt":{"rendered":"<p>Partita in sordina nei giorni scorsi, la kermesse della fotografia novembrina conosciuta con il brand \u201cMonth of Photography\u201d, che rappresenta una rete di festival in capitali di tutta Europa (tra cui Berlino, Vienna e Parigi), entra nel vivo da oggi fino a sabato con decine di vernissage e incontri, per specialisti e non, in diverse [&hellip;]<\/p>\n","protected":false},"author":2,"featured_media":2840,"comment_status":"open","ping_status":"open","sticky":false,"template":"","format":"standard","meta":[],"categories":[5,1],"tags":[9,42,43,225,44],"aioseo_notices":[],"jetpack_featured_media_url":"https:\/\/www.turismoslovacchia.it\/wp-content\/uploads\/festival-foto-2013.jpg","jetpack_sharing_enabled":true,"jetpack-related-posts":[{"id":1092,"url":"https:\/\/www.turismoslovacchia.it\/?p=1092","url_meta":{"origin":2839,"position":0},"title":"La fotografia come ogni novembre invade Bratislava","date":"12 Novembre 2011","format":false,"excerpt":"La 21\u00b0 edizione del Mese della Fotografia di Bratislava mette insieme diversi generi, fotografi e paesi per un totale di 26 mostre, che sono state aperte all'inizio del mese e sono sparse in tutta la citta' dalle grandi alle piccole gallerie. Parte del circuito sono anche la Galleria Nazionale Slovacca\u2026","rel":"","context":"In &quot;Articoli&quot;","img":{"alt_text":"","src":"https:\/\/i0.wp.com\/www.turismoslovacchia.it\/wp-content\/uploads\/mesiacfotografie-JanSaudek_ps03.jpg?resize=350%2C200&ssl=1","width":350,"height":200},"classes":[]},{"id":4269,"url":"https:\/\/www.turismoslovacchia.it\/?p=4269","url_meta":{"origin":2839,"position":1},"title":"A Bratislava \u00e8 novembre il Mese della Fotografia","date":"7 Novembre 2014","format":false,"excerpt":"Ha avuto inizio da poco pi\u00f9 di una settimana, e si svolger\u00e0 fino al 30 novembre a Bratislava, la 24esima edizione del Festival internazionaleMesiac fotografie\u00a0(Mese della fotografia). Divenuto nel corso del tempo uno dei pi\u00f9 importanti eventi culturali d\u2019autunno dell\u2019intera regione, il festival vede nel corso del mese decine di\u2026","rel":"","context":"In &quot;Articoli&quot;","img":{"alt_text":"","src":"https:\/\/i0.wp.com\/www.turismoslovacchia.it\/wp-content\/uploads\/mesefotogr-koppitz-2014.jpg?resize=350%2C200&ssl=1","width":350,"height":200},"classes":[]},{"id":8295,"url":"https:\/\/www.turismoslovacchia.it\/?p=8295","url_meta":{"origin":2839,"position":2},"title":"Novembre 2017: gli eventi a Bratislava e dintorni","date":"28 Ottobre 2017","format":false,"excerpt":"Tra\u00a0gli eventi pi\u00f9 rilevanti del novembre 2017 nella citt\u00e0 e regione di Bratislava\u00a0vanno ricordati nella capitale il Mese della Fotografia e lo Slovak Press Photo,\u00a0 appuntamenti che da tempo sono ormai diventati un must del mese di novembre, e poi il Festival della Libert\u00e0, che si tiene nelle date intorno\u2026","rel":"","context":"In &quot;Articoli&quot;","img":{"alt_text":"","src":"https:\/\/i0.wp.com\/www.turismoslovacchia.it\/wp-content\/uploads\/eventi_00.jpg?resize=350%2C200&ssl=1","width":350,"height":200},"classes":[]},{"id":6848,"url":"https:\/\/www.turismoslovacchia.it\/?p=6848","url_meta":{"origin":2839,"position":3},"title":"Mese della Fotografia 2016, a Bratislava anche i grandi maestri italiani","date":"3 Novembre 2016","format":false,"excerpt":"Dal 4 novembre a Bratislava parte la rassegna internazionale annuale Mese della Fotografia (Mesiac fotografie) con numerose mostre\u00a0che inonderanno la capitale slovacca di immagini e\u00a0autori di alto profilo, slovacchi e internazionali. Alla sua 26esima\u00a0edizione\u00a0la rassegna presenta anche il terzo volume\u00a0della \u201cStoria della fotografia europea del XX secolo\u201d, un lavoro di\u2026","rel":"","context":"In &quot;Articoli&quot;","img":{"alt_text":"","src":"https:\/\/i0.wp.com\/www.turismoslovacchia.it\/wp-content\/uploads\/mesiacfotogr2016_poster.jpg?resize=350%2C200&ssl=1","width":350,"height":200},"classes":[]},{"id":1575,"url":"https:\/\/www.turismoslovacchia.it\/?p=1575","url_meta":{"origin":2839,"position":4},"title":"Mese della Fotografia: aperta la rassegna fotografica clou dell\u2019anno a Bratislava","date":"31 Ottobre 2012","format":false,"excerpt":"La ventiduesima edizione del Mese della Fotografia (Mesiac fotografie) ha preso avvio con la bella mostra di Robert Capa alla Galleria Nazionale Slovacca (SNG) ed \u00e8 proseguita con l'apertura della mostra National Geographic, mentre oggi apre presso la Galleria Civica di Bratislava (GMB) la rassegna di Lewis Hine. Un altro\u2026","rel":"","context":"In &quot;Articoli&quot;","img":{"alt_text":"","src":"https:\/\/i0.wp.com\/www.turismoslovacchia.it\/wp-content\/uploads\/mese-fotografia-2012.jpg?resize=350%2C200&ssl=1","width":350,"height":200},"classes":[]},{"id":9222,"url":"https:\/\/www.turismoslovacchia.it\/?p=9222","url_meta":{"origin":2839,"position":5},"title":"Bratislava, ritorna il Mese della fotografia","date":"1 Novembre 2019","format":false,"excerpt":"Ritorna per la ventinovesima volta il festival annuale Mesiac Fotografie \u2013 Month of Photography che ancora una volta porta a Bratislava star internazionali della fotografia contemporanea come AES + F e Joan Fountcouberta (vincitore del Premio Hasselblad, l'equivalente fotografico del Premio Nobel), insieme a vecchie glorie che dell'ottava arte hanno\u2026","rel":"","context":"In &quot;Articoli&quot;","img":{"alt_text":"","src":"https:\/\/i0.wp.com\/www.turismoslovacchia.it\/wp-content\/uploads\/mesiac-fotograf-19_1.jpg?resize=350%2C200&ssl=1","width":350,"height":200},"classes":[]}],"jetpack_shortlink":"https:\/\/wp.me\/p1oiY9-JN","_links":{"self":[{"href":"https:\/\/www.turismoslovacchia.it\/index.php?rest_route=\/wp\/v2\/posts\/2839"}],"collection":[{"href":"https:\/\/www.turismoslovacchia.it\/index.php?rest_route=\/wp\/v2\/posts"}],"about":[{"href":"https:\/\/www.turismoslovacchia.it\/index.php?rest_route=\/wp\/v2\/types\/post"}],"author":[{"embeddable":true,"href":"https:\/\/www.turismoslovacchia.it\/index.php?rest_route=\/wp\/v2\/users\/2"}],"replies":[{"embeddable":true,"href":"https:\/\/www.turismoslovacchia.it\/index.php?rest_route=%2Fwp%2Fv2%2Fcomments&post=2839"}],"version-history":[{"count":0,"href":"https:\/\/www.turismoslovacchia.it\/index.php?rest_route=\/wp\/v2\/posts\/2839\/revisions"}],"wp:featuredmedia":[{"embeddable":true,"href":"https:\/\/www.turismoslovacchia.it\/index.php?rest_route=\/wp\/v2\/media\/2840"}],"wp:attachment":[{"href":"https:\/\/www.turismoslovacchia.it\/index.php?rest_route=%2Fwp%2Fv2%2Fmedia&parent=2839"}],"wp:term":[{"taxonomy":"category","embeddable":true,"href":"https:\/\/www.turismoslovacchia.it\/index.php?rest_route=%2Fwp%2Fv2%2Fcategories&post=2839"},{"taxonomy":"post_tag","embeddable":true,"href":"https:\/\/www.turismoslovacchia.it\/index.php?rest_route=%2Fwp%2Fv2%2Ftags&post=2839"}],"curies":[{"name":"wp","href":"https:\/\/api.w.org\/{rel}","templated":true}]}}