{"id":2824,"date":"2013-10-10T23:55:47","date_gmt":"2013-10-10T21:55:47","guid":{"rendered":"http:\/\/www.turismoslovacchia.it\/?p=2824"},"modified":"2015-05-15T17:11:05","modified_gmt":"2015-05-15T15:11:05","slug":"ave-maria-liconografia-mariana-nelle-collezioni-gmb","status":"publish","type":"post","link":"https:\/\/www.turismoslovacchia.it\/?p=2824","title":{"rendered":"Ave Maria \u2013 l\u2019iconografia mariana nelle collezioni GMB"},"content":{"rendered":"<p style=\"text-align: justify;\"><a href=\"http:\/\/www.turismoslovacchia.it\/?attachment_id=2825\" rel=\"attachment wp-att-2825\"><img decoding=\"async\" loading=\"lazy\" class=\"alignnone size-full wp-image-2825\" title=\"maria-mostra-gmb\" src=\"http:\/\/www.turismoslovacchia.it\/wp-content\/uploads\/maria-mostra-gmb.jpg\" alt=\"\" width=\"520\" height=\"350\" srcset=\"https:\/\/www.turismoslovacchia.it\/wp-content\/uploads\/maria-mostra-gmb.jpg 520w, https:\/\/www.turismoslovacchia.it\/wp-content\/uploads\/maria-mostra-gmb-180x120.jpg 180w, https:\/\/www.turismoslovacchia.it\/wp-content\/uploads\/maria-mostra-gmb-300x202.jpg 300w, https:\/\/www.turismoslovacchia.it\/wp-content\/uploads\/maria-mostra-gmb-400x269.jpg 400w, https:\/\/www.turismoslovacchia.it\/wp-content\/uploads\/maria-mostra-gmb-100x67.jpg 100w, https:\/\/www.turismoslovacchia.it\/wp-content\/uploads\/maria-mostra-gmb-186x125.jpg 186w, https:\/\/www.turismoslovacchia.it\/wp-content\/uploads\/maria-mostra-gmb-150x101.jpg 150w, https:\/\/www.turismoslovacchia.it\/wp-content\/uploads\/maria-mostra-gmb-272x182.jpg 272w\" sizes=\"(max-width: 520px) 100vw, 520px\" \/><\/a><\/p>\n<p style=\"text-align: justify;\">La grande mostra \u201cAve Maria \u2013 Iconografia mariana\u201d allestita presso la Galleria Civica di Bratislava (GMB-Galeria Mesta Bratislavy) espone oltre quattrocento opere su questo tema tra quelle presenti nelle collezioni di arte antica della galleria, suddivise per autore, provenienza e tipologia di opere tra dipinti, statuaria e diversi oggetti. Molti provengono da chiese, monasteri e cappelle sconsacrate o da collezioni private. La mostra \u00e8 ripartita in due parti \u2013 la prima con le storie della vita di Maria, mentre nella seconda vi sono varie forme di arte e iconografie del culto mariano. La pi\u00f9 antica opera esposta, proveniente dalla collezione della Galleria Civica di stampe e disegni, \u00e8 un\u2019incisione di Agostino Carracci nel 1586 a tema Sacra Famiglia con Santi del Correggio. Un particolare interesse, secondo i curatori, rivestono santini e illustrazioni agiografiche del XIX secolo, fatte a scopo devozionale, che si riferiscono ai principali luoghi di pellegrinaggio mariani della regione (Mariazell, Marianka, \u0160a\u0161t\u00edn, Hejnice, Bratislava e altri).<\/p>\n<p style=\"text-align: justify;\">La mostra rimane aperta fino al 3 novembre. \u00c8 disponibile il catalogo presso la biglietteria.<\/p>\n<p style=\"text-align: justify;\">Dove: GMB \u2013 Mirbachov Pal\u00e1c, Franti\u0161k\u00e1nske n\u00e1m. 11, Bratislava<br \/>\nOrari: fino al 3\/11\/2013, ore 11:00-18:00, chiuso il luned\u00ec<br \/>\nCuratori : Jana Lukov\u00e1, Martina Vyskupov\u00e1<br \/>\nInfo: <a href=\"http:\/\/www.gmb.sk\/sk\/exhibition\/detail\/ave-maria-zo-zivota-panny-marie?sessid33a9da58c392d6140ed2781659e29839=6e7f5307ebed2287825b0e144592cd96\" target=\"_blank\">www.gmb.sk<\/a><\/p>\n<p style=\"text-align: justify;\">(Buongiorno Slovacchia)<\/p>\n<p style=\"text-align: right;\"><span style=\"color: #888888;\">Foto gmb.sk<\/span><\/p>\n<div style=\"text-align: right;\"><span style=\"color: #888888;\">\u00a0<\/span><\/div>\n","protected":false},"excerpt":{"rendered":"<p>La grande mostra \u201cAve Maria \u2013 Iconografia mariana\u201d allestita presso la Galleria Civica di Bratislava (GMB-Galeria Mesta Bratislavy) espone oltre quattrocento opere su questo tema tra quelle presenti nelle collezioni di arte antica della galleria, suddivise per autore, provenienza e tipologia di opere tra dipinti, statuaria e diversi oggetti. Molti provengono da chiese, monasteri e [&hellip;]<\/p>\n","protected":false},"author":2,"featured_media":2825,"comment_status":"open","ping_status":"open","sticky":false,"template":"","format":"standard","meta":[],"categories":[3,5,1],"tags":[190,9,188,189,44],"aioseo_notices":[],"jetpack_featured_media_url":"https:\/\/www.turismoslovacchia.it\/wp-content\/uploads\/maria-mostra-gmb.jpg","jetpack_sharing_enabled":true,"jetpack-related-posts":[{"id":1245,"url":"https:\/\/www.turismoslovacchia.it\/?p=1245","url_meta":{"origin":2824,"position":0},"title":"La Galleria Civica di Bratislava compie 50 anni e celebra le sue collezioni","date":"22 Settembre 2011","format":false,"excerpt":"Nella cornice dei festeggiamenti dei cinquant\u2019anni di attivit\u00e1 della Galleria Civica di Bratislava, viene aperta oggi una mostra celebrativa collettiva, collettiva anche dal punto di vista curatoriale poich\u00e9 coinvolge tutte le forze interne dell\u2019istituto. Si tratta di una mostra storica e riepilogativa dello sviluppo dell\u2019istituzione museale che oggi rappresenta uno\u2026","rel":"","context":"In &quot;Articoli&quot;","img":{"alt_text":"","src":"https:\/\/i0.wp.com\/www.turismoslovacchia.it\/wp-content\/uploads\/Palazzo-Mirbach-GBM-Bratislava.jpg?resize=350%2C200&ssl=1","width":350,"height":200},"classes":[]},{"id":1473,"url":"https:\/\/www.turismoslovacchia.it\/?p=1473","url_meta":{"origin":2824,"position":1},"title":"GMB Bratislava: mostra di Robert Bielik","date":"19 Settembre 2012","format":false,"excerpt":"Apre gioved\u00ec presso la Galleria Civica a Bratislava una mostra del pittore slovacco Robert Bielik, curata dal ditettore della galleria, Ivan Jan\u010d\u00e1r. Il controverso artista Robert Bielik ha, nella generazione artistica contemporanea slovacca, un posto solitario. Dopo un difficile inizio artistico, e un'esistenza frustrata per mancanza di interesse per il\u2026","rel":"","context":"In &quot;Eventi&quot;","img":{"alt_text":"","src":"https:\/\/i0.wp.com\/www.turismoslovacchia.it\/wp-content\/uploads\/Robert-Bielik-foto_GMB.jpg?resize=350%2C200&ssl=1","width":350,"height":200},"classes":[]},{"id":982,"url":"https:\/\/www.turismoslovacchia.it\/?p=982","url_meta":{"origin":2824,"position":2},"title":"A Bratislava le coloratissime provocazioni di LaChapelle","date":"13 Settembre 2011","format":false,"excerpt":"Arriva a Bratislava uno dei fotografi contemporanei pi\u00f9 irriverenti della scena glamour mondiale. Una mostra con 30 suoi lavori dal meglio dell\u2019ultimo decennio \u00e8 in allestimento alla Galleria Civica di Bratislava (Galeria Mesta Bratislavy \/ GMB) e aprir\u00e1 i battenti domani. Il quarantottenne americano David LaChapelle, una carriera sfavillante tra\u2026","rel":"","context":"In &quot;Articoli&quot;","img":{"alt_text":"","src":"https:\/\/i0.wp.com\/www.turismoslovacchia.it\/wp-content\/uploads\/david-lachapelle.jpg?resize=350%2C200&ssl=1","width":350,"height":200},"classes":[]},{"id":1913,"url":"https:\/\/www.turismoslovacchia.it\/?p=1913","url_meta":{"origin":2824,"position":3},"title":"Museo dell\u2019Anno in Slovacchia: la Civica di Bratislava fa il tris","date":"24 Maggio 2013","format":false,"excerpt":"Il titolo Museo dell\u2019Anno 2012 \u00e8 stato consegnato l'altro ieri in una cerimonia che si \u00e8 tenuta presso il Ministero della Cultura a margine delle celebrazioni per la Giornata Internazionale dei Musei (svoltasi venerd\u00ec 18 maggio). Alla cerimonia il Ministro Marek Madaric ha sottolineato l\u2019importanza della conservazione, restauro e valorizzazione\u2026","rel":"","context":"In &quot;Articoli&quot;","img":{"alt_text":"","src":"https:\/\/i0.wp.com\/www.turismoslovacchia.it\/wp-content\/uploads\/picasso-alla-GMB-Bratislava.jpg?resize=350%2C200&ssl=1","width":350,"height":200},"classes":[]},{"id":1235,"url":"https:\/\/www.turismoslovacchia.it\/?p=1235","url_meta":{"origin":2824,"position":4},"title":"Visitabile ancora nel weekend a Bratislava l\u2019omaggio a Picasso della GMB","date":"4 Maggio 2012","format":false,"excerpt":"Rimane ancora solo questo fine settimana per vedere la mostra \u201cPocta Picassovi\u201d presso la Galleria Civica di Bratislava (GMB). Dopo il successo della mostra di stampe di Pablo Picasso dell\u2019autunno scorso, questa rassegna, realizzata insieme alla GVU di Ostrava (Rep.Ceca), presenta le migliori opere del cubismo ceco, dei rappresentanti spagnoli\u2026","rel":"","context":"In &quot;Articoli&quot;","img":{"alt_text":"","src":"https:\/\/i0.wp.com\/www.turismoslovacchia.it\/wp-content\/uploads\/picasso-alla-GMB-Bratislava.jpg?resize=350%2C200&ssl=1","width":350,"height":200},"classes":[]},{"id":1092,"url":"https:\/\/www.turismoslovacchia.it\/?p=1092","url_meta":{"origin":2824,"position":5},"title":"La fotografia come ogni novembre invade Bratislava","date":"12 Novembre 2011","format":false,"excerpt":"La 21\u00b0 edizione del Mese della Fotografia di Bratislava mette insieme diversi generi, fotografi e paesi per un totale di 26 mostre, che sono state aperte all'inizio del mese e sono sparse in tutta la citta' dalle grandi alle piccole gallerie. Parte del circuito sono anche la Galleria Nazionale Slovacca\u2026","rel":"","context":"In &quot;Articoli&quot;","img":{"alt_text":"","src":"https:\/\/i0.wp.com\/www.turismoslovacchia.it\/wp-content\/uploads\/mesiacfotografie-JanSaudek_ps03.jpg?resize=350%2C200&ssl=1","width":350,"height":200},"classes":[]}],"jetpack_shortlink":"https:\/\/wp.me\/p1oiY9-Jy","_links":{"self":[{"href":"https:\/\/www.turismoslovacchia.it\/index.php?rest_route=\/wp\/v2\/posts\/2824"}],"collection":[{"href":"https:\/\/www.turismoslovacchia.it\/index.php?rest_route=\/wp\/v2\/posts"}],"about":[{"href":"https:\/\/www.turismoslovacchia.it\/index.php?rest_route=\/wp\/v2\/types\/post"}],"author":[{"embeddable":true,"href":"https:\/\/www.turismoslovacchia.it\/index.php?rest_route=\/wp\/v2\/users\/2"}],"replies":[{"embeddable":true,"href":"https:\/\/www.turismoslovacchia.it\/index.php?rest_route=%2Fwp%2Fv2%2Fcomments&post=2824"}],"version-history":[{"count":0,"href":"https:\/\/www.turismoslovacchia.it\/index.php?rest_route=\/wp\/v2\/posts\/2824\/revisions"}],"wp:featuredmedia":[{"embeddable":true,"href":"https:\/\/www.turismoslovacchia.it\/index.php?rest_route=\/wp\/v2\/media\/2825"}],"wp:attachment":[{"href":"https:\/\/www.turismoslovacchia.it\/index.php?rest_route=%2Fwp%2Fv2%2Fmedia&parent=2824"}],"wp:term":[{"taxonomy":"category","embeddable":true,"href":"https:\/\/www.turismoslovacchia.it\/index.php?rest_route=%2Fwp%2Fv2%2Fcategories&post=2824"},{"taxonomy":"post_tag","embeddable":true,"href":"https:\/\/www.turismoslovacchia.it\/index.php?rest_route=%2Fwp%2Fv2%2Ftags&post=2824"}],"curies":[{"name":"wp","href":"https:\/\/api.w.org\/{rel}","templated":true}]}}