{"id":2819,"date":"2013-10-21T23:51:26","date_gmt":"2013-10-21T21:51:26","guid":{"rendered":"http:\/\/www.turismoslovacchia.it\/?p=2819"},"modified":"2018-12-15T17:18:06","modified_gmt":"2018-12-15T16:18:06","slug":"milan-laluha-antologica-di-un-pittore-che-ha-fatto-la-storia-dellarte-in-slovacchia","status":"publish","type":"post","link":"https:\/\/www.turismoslovacchia.it\/?p=2819","title":{"rendered":"Milan Laluha, antologica di un pittore che ha fatto la storia dell\u2019arte in Slovacchia"},"content":{"rendered":"<p style=\"text-align: justify;\"><a href=\"http:\/\/www.turismoslovacchia.it\/?attachment_id=2820\" rel=\"attachment wp-att-2820\"><img decoding=\"async\" loading=\"lazy\" class=\"alignnone size-full wp-image-2820\" title=\"laluha\" src=\"http:\/\/www.turismoslovacchia.it\/wp-content\/uploads\/laluha.jpg\" alt=\"\" width=\"520\" height=\"320\" srcset=\"https:\/\/www.turismoslovacchia.it\/wp-content\/uploads\/laluha.jpg 520w, https:\/\/www.turismoslovacchia.it\/wp-content\/uploads\/laluha-300x185.jpg 300w, https:\/\/www.turismoslovacchia.it\/wp-content\/uploads\/laluha-400x246.jpg 400w, https:\/\/www.turismoslovacchia.it\/wp-content\/uploads\/laluha-100x62.jpg 100w, https:\/\/www.turismoslovacchia.it\/wp-content\/uploads\/laluha-200x123.jpg 200w, https:\/\/www.turismoslovacchia.it\/wp-content\/uploads\/laluha-150x92.jpg 150w\" sizes=\"(max-width: 520px) 100vw, 520px\" \/><\/a><\/p>\n<p style=\"text-align: justify;\">Si apre domani a Bratislava una mostra antologica del noto pittore slovacco Milan Laluha (classe 1930), in occasione della quale viene pubblicato una sua monografia completa a cura di Juraj Mojzis. Laluha \u00e8 tra i pi\u00f9 conosciuti artisti del pennello slovacchi e un autore necessario a qualsiasi storia dell\u2019arte moderna slovacca. Influenzato da C\u00e9zanne, poi dal cubismo e da Fernand L\u00e9ger, Laluha ha seguito il suo maestro Ernest Zmetak mettendo la sua attenzione a strutture geometriche e vedute con presenze umane, dove si intravedono i temi classici del rapporto con la terra e la vita delle popolazioni rurali. Il suo lavoro \u00e8 basato su una pittura \u2018scolpita\u2019 dove campiture di colore si uniscono e si fondono a creare forme, volumi, paesaggi, ritratti, costituendo col tempo una speciale \u201cformula Laluha\u201d. Accanto a questi temi, tuttavia, affiancava opere di nudo femminile, autoritratti e nature morte con bottiglie.<\/p>\n<p style=\"text-align: justify;\">Nel 2011 ricevette l\u2019onorificenza di Stato dell\u2019Ordine di Ludovit Stur (II grado) per il suo contributo allo sviluppo delle arti e della cultura, in particolare nel campo della creazione artistica. Suoi lavori sono presenti in tutte le maggiori collezioni pubbliche della Slovacchia.<\/p>\n<p style=\"text-align: justify;\">Cosa: Mostra Milan Laluha \u2013 Ho scoperto un motivo<br \/>\nVernissage: marted\u00ec 22 ottobre 2013, ore 17:00<br \/>\nDove: Galeria Mesta Bratislavy (GMB), Palazzo Palffy, Panska 19, Bratislava<br \/>\nQuando: fino al 10 novembre 2013, ore 11:00-18:00, chiuso luned\u00ec<br \/>\nCuratore: Juraj Mojzis<br \/>\nInfo: <a href=\"http:\/\/www.gmb.sk\" target=\"_blank\" rel=\"noopener\">www.gmb.sk<\/a><\/p>\n","protected":false},"excerpt":{"rendered":"<p>Si apre domani a Bratislava una mostra antologica del noto pittore slovacco Milan Laluha (classe 1930), in occasione della quale viene pubblicato una sua monografia completa a cura di Juraj Mojzis. Laluha \u00e8 tra i pi\u00f9 conosciuti artisti del pennello slovacchi e un autore necessario a qualsiasi storia dell\u2019arte moderna slovacca. Influenzato da C\u00e9zanne, poi [&hellip;]<\/p>\n","protected":false},"author":2,"featured_media":2820,"comment_status":"open","ping_status":"open","sticky":false,"template":"","format":"standard","meta":[],"categories":[3,5,1],"tags":[190,748,9,476,44],"aioseo_notices":[],"jetpack_featured_media_url":"https:\/\/www.turismoslovacchia.it\/wp-content\/uploads\/laluha.jpg","jetpack_sharing_enabled":true,"jetpack-related-posts":[{"id":6801,"url":"https:\/\/www.turismoslovacchia.it\/?p=6801","url_meta":{"origin":2819,"position":0},"title":"Artisti della Slovacchia: Edmund Gwerk (1895 \u2013 1956)","date":"21 Marzo 2016","format":false,"excerpt":"Edmund Gwerk (1895, Bansk\u00e1 \u0160tiavnica \u2013 1956, Bratislava) pittore slovacco. Ha frequentato l\u2019Accademia di Belle Arti di Budapest, l\u2019Accademia delle Belle Arti di Praga e ha studiato storia dell\u2019arte presso l\u2019Universit\u00e0 Comenius di Bratislava. Ha viaggiato sempre per motivi di studio a Vienna, Monaco di Baviera, Berlino, Parigi, Roma e\u2026","rel":"","context":"In &quot;Articoli&quot;","img":{"alt_text":"","src":"https:\/\/i0.wp.com\/www.turismoslovacchia.it\/wp-content\/uploads\/artisti_gwerk.jpg?resize=350%2C200&ssl=1","width":350,"height":200},"classes":[]},{"id":6815,"url":"https:\/\/www.turismoslovacchia.it\/?p=6815","url_meta":{"origin":2819,"position":1},"title":"Artisti della Slovacchia: Milan Pa\u0161t\u00e9ka (1931 \u2013 1998)","date":"3 Maggio 2016","format":false,"excerpt":"Milan Pa\u0161t\u00e9ka (Tren\u010d\u00edn, 20 maggio 1931 \u2013 Voznica, 23 settembre 1998) \u00e8 stato un pittore slovacco nonch\u00e9 grafico e ceramista. Dal 1950 al 1955, dopo aver rifiutato le universit\u00e0 di tipo tecnico che la famiglia suggerisce, studia presso l\u2019Accademia di Belle Arti di Bratislava (VSVU). Dopo il diploma divenne co-fondatore\u2026","rel":"","context":"In &quot;Articoli&quot;","img":{"alt_text":"","src":"https:\/\/i0.wp.com\/www.turismoslovacchia.it\/wp-content\/uploads\/artisti_pasteka.jpg?resize=350%2C200&ssl=1","width":350,"height":200},"classes":[]},{"id":8717,"url":"https:\/\/www.turismoslovacchia.it\/?p=8717","url_meta":{"origin":2819,"position":2},"title":"Mostre: alla galleria Danubiana una scelta di &#8220;cavalli di razza&#8221; slovacchi","date":"5 Dicembre 2018","format":false,"excerpt":"La galleria Danubiana Meulensteen, inaugurata meno di venti anni fa su una penisola che si estende al centro del Danubio a una manciata di chilometri da Bratislava, un sito talmente spettacolare da meritare la visita solo per la vista che offre, ha aperto nei giorni scorsi alcune mostre che accompagneranno\u2026","rel":"","context":"In &quot;Articoli&quot;","img":{"alt_text":"","src":"https:\/\/i0.wp.com\/www.turismoslovacchia.it\/wp-content\/uploads\/danubiana_vb.jpg?resize=350%2C200&ssl=1","width":350,"height":200},"classes":[]},{"id":4331,"url":"https:\/\/www.turismoslovacchia.it\/?p=4331","url_meta":{"origin":2819,"position":3},"title":"A Ferrara \u00e8 passato il meglio della cultura slovacca","date":"10 Novembre 2014","format":false,"excerpt":"La Slovacchia, con la sua ricchezza culturale, \u00e8 \u201catterrata\u201d a Ferrara nell\u2019ottobre scorso e per due giorni si \u00e8 messa in passerella: musica, arte, storia e turismo sono stati protagonisti di quattro appuntamenti tra venerd\u00ec 10 e sabato 11 ottobre presso Palazzo della Racchetta, in una ideale continuazione, nelle fastose\u2026","rel":"","context":"In &quot;Articoli&quot;","img":{"alt_text":"","src":"https:\/\/i0.wp.com\/www.turismoslovacchia.it\/wp-content\/uploads\/LSiF.jpg?resize=350%2C200&ssl=1","width":350,"height":200},"classes":[]},{"id":6795,"url":"https:\/\/www.turismoslovacchia.it\/?p=6795","url_meta":{"origin":2819,"position":4},"title":"Artisti della Slovacchia: Vincent Hlo\u017en\u00edk (1919 \u2013 1997)","date":"6 Marzo 2016","format":false,"excerpt":"Vincent Hlo\u017en\u00edk (1919, Svedern\u00edk \u2013 1997, Bratislava), pittore slovacco e famoso illustratore di libri. \u00c8 da considerare tra i pi\u00f9 importanti rappresentanti dell\u2019arte slovacca. Nel 1937-1942 Hlo\u017en\u00edk ha frequentato l\u2019Accademia di Belle Arti di Praga, successivamente ha fatto parte del movimento artistico Gruppo 42 del quale facevano parte J\u00e1n Mudroch,\u2026","rel":"","context":"In &quot;Articoli&quot;","img":{"alt_text":"","src":"https:\/\/i0.wp.com\/www.turismoslovacchia.it\/wp-content\/uploads\/artisti_hloznik.jpg?resize=350%2C200&ssl=1","width":350,"height":200},"classes":[]},{"id":1265,"url":"https:\/\/www.turismoslovacchia.it\/?p=1265","url_meta":{"origin":2819,"position":5},"title":"Danubiana sar\u00e0 Museo Nazionale slovacco di Arte Moderna","date":"22 Dicembre 2011","format":false,"excerpt":"La Slovacchia, ha detto luned\u00ec il Ministro della Cultura Daniel Krajcer, avra' il suo Museo Nazionale di Arte Moderna entro il 2014. L\u2019idea sara' realizzata con l\u2019ampliamento del Museo d\u2019Arte Moderna Danubiana di Cunovo, nei pressi di Bratislava, ha informato il Ministro nel corso di una conferenza stampa. La nuova\u2026","rel":"","context":"In &quot;Articoli&quot;","img":{"alt_text":"","src":"https:\/\/i0.wp.com\/www.turismoslovacchia.it\/wp-content\/uploads\/galleria-Danubiana-szutyanyi-jani@panoramio.jpg?resize=350%2C200&ssl=1","width":350,"height":200},"classes":[]}],"jetpack_shortlink":"https:\/\/wp.me\/p1oiY9-Jt","_links":{"self":[{"href":"https:\/\/www.turismoslovacchia.it\/index.php?rest_route=\/wp\/v2\/posts\/2819"}],"collection":[{"href":"https:\/\/www.turismoslovacchia.it\/index.php?rest_route=\/wp\/v2\/posts"}],"about":[{"href":"https:\/\/www.turismoslovacchia.it\/index.php?rest_route=\/wp\/v2\/types\/post"}],"author":[{"embeddable":true,"href":"https:\/\/www.turismoslovacchia.it\/index.php?rest_route=\/wp\/v2\/users\/2"}],"replies":[{"embeddable":true,"href":"https:\/\/www.turismoslovacchia.it\/index.php?rest_route=%2Fwp%2Fv2%2Fcomments&post=2819"}],"version-history":[{"count":1,"href":"https:\/\/www.turismoslovacchia.it\/index.php?rest_route=\/wp\/v2\/posts\/2819\/revisions"}],"predecessor-version":[{"id":8702,"href":"https:\/\/www.turismoslovacchia.it\/index.php?rest_route=\/wp\/v2\/posts\/2819\/revisions\/8702"}],"wp:featuredmedia":[{"embeddable":true,"href":"https:\/\/www.turismoslovacchia.it\/index.php?rest_route=\/wp\/v2\/media\/2820"}],"wp:attachment":[{"href":"https:\/\/www.turismoslovacchia.it\/index.php?rest_route=%2Fwp%2Fv2%2Fmedia&parent=2819"}],"wp:term":[{"taxonomy":"category","embeddable":true,"href":"https:\/\/www.turismoslovacchia.it\/index.php?rest_route=%2Fwp%2Fv2%2Fcategories&post=2819"},{"taxonomy":"post_tag","embeddable":true,"href":"https:\/\/www.turismoslovacchia.it\/index.php?rest_route=%2Fwp%2Fv2%2Ftags&post=2819"}],"curies":[{"name":"wp","href":"https:\/\/api.w.org\/{rel}","templated":true}]}}