{"id":2801,"date":"2013-10-14T23:30:38","date_gmt":"2013-10-14T21:30:38","guid":{"rendered":"http:\/\/www.turismoslovacchia.it\/?p=2801"},"modified":"2015-05-15T17:18:55","modified_gmt":"2015-05-15T15:18:55","slug":"fotoconcorso-vivere-nella-regione-di-bratislava-i-vincitori-galleria","status":"publish","type":"post","link":"https:\/\/www.turismoslovacchia.it\/?p=2801","title":{"rendered":"Fotoconcorso Vivere nella regione di Bratislava \u2013 i vincitori (galleria)"},"content":{"rendered":"<p style=\"text-align: justify;\"><a href=\"http:\/\/www.turismoslovacchia.it\/?attachment_id=2802\" rel=\"attachment wp-att-2802\"><img decoding=\"async\" loading=\"lazy\" class=\"alignnone size-full wp-image-2802\" title=\"foto-concorso-bsk\" src=\"http:\/\/www.turismoslovacchia.it\/wp-content\/uploads\/foto-concorso-bsk.jpg\" alt=\"\" width=\"520\" height=\"320\" srcset=\"https:\/\/www.turismoslovacchia.it\/wp-content\/uploads\/foto-concorso-bsk.jpg 520w, https:\/\/www.turismoslovacchia.it\/wp-content\/uploads\/foto-concorso-bsk-300x185.jpg 300w, https:\/\/www.turismoslovacchia.it\/wp-content\/uploads\/foto-concorso-bsk-400x246.jpg 400w, https:\/\/www.turismoslovacchia.it\/wp-content\/uploads\/foto-concorso-bsk-100x62.jpg 100w, https:\/\/www.turismoslovacchia.it\/wp-content\/uploads\/foto-concorso-bsk-200x123.jpg 200w, https:\/\/www.turismoslovacchia.it\/wp-content\/uploads\/foto-concorso-bsk-150x92.jpg 150w\" sizes=\"(max-width: 520px) 100vw, 520px\" \/><\/a><\/p>\n<p style=\"text-align: justify;\">La seconda edizione del concorso fotografico \u201cVivere nella regione di Bratislava\u201d, che si \u00e8 conclusa a fine settembre dopo due mesi e alla quale hanno partecipato fotografi slovacchi e stranieri con 488 opere, ha decretato i suoi finalisti, che saranno premiati il 5 novembre con la dichiarazione dei vincitori per categoria in una serata presso il Teatro Arena. Patrocinato dal presidente della regione Pavol Freso, il concorso \u00e8 stato organizzato dall\u2019organizzazione turistica regionale Turizmu regionu Bratislava. Qui di seguito le tre foto selezionate dalla giuria per la finale di ogni categoria. Si aggiunge ad esse la foto \u201cAl lago\u201d che \u00e8 stata la pi\u00f9 votata dai visitatori del sito ephoto.sk, partner tecnico della manifestazione.<\/p>\n<p><em>Cliccare sulle foto per zoomare.<\/em><\/p>\n<p><strong><em>Categoria \u201cLa mia citt\u00e0, il mio villaggio\u201d (Moje mesto, moja obec)<\/em><\/strong><\/p>\n<p>J\u00e1n Gryllus, L\u2019ansa di Karlova Ves<\/p>\n<p><a href=\"https:\/\/lh5.googleusercontent.com\/-77kANcxnL1E\/Ulgl4hYKlNI\/AAAAAAAAAb4\/j7a8HZ2SeRU\/s912\/J%25C3%25A1n%2520Gryllus%2520-%2520Karlovesk%25C3%25A1%2520z%25C3%25A1toka.JPG\" target=\"_blank\" data-rel=\"lightbox-gallery-S9U97piG\" data-rl_title=\"\" data-rl_caption=\"\" title=\"\"><img decoding=\"async\" loading=\"lazy\" src=\"https:\/\/lh5.googleusercontent.com\/-77kANcxnL1E\/Ulgl4hYKlNI\/AAAAAAAAAb4\/j7a8HZ2SeRU\/s912\/J%25C3%25A1n%2520Gryllus%2520-%2520Karlovesk%25C3%25A1%2520z%25C3%25A1toka.JPG\" alt=\"\" width=\"520\" height=\"390\" \/><\/a><\/p>\n<p>Katar\u00ednaValichn\u00e1\u010dov\u00e1 , I piccioni di Bratislava<\/p>\n<p><a href=\"https:\/\/lh3.googleusercontent.com\/-u7-rsn2H5ZM\/Ulgl5Gd-nHI\/AAAAAAAAAcA\/6FfXqUmjAYo\/s912\/Katar%25C3%25ADna%2520Valichn%25C3%25A1%25C4%258Dov%25C3%25A1%2520-%2520Bratislavsk%25C3%25A9%2520holuby.JPG\" data-rel=\"lightbox-gallery-S9U97piG\" data-rl_title=\"\" data-rl_caption=\"\" title=\"\"><img decoding=\"async\" loading=\"lazy\" src=\"https:\/\/lh3.googleusercontent.com\/-u7-rsn2H5ZM\/Ulgl5Gd-nHI\/AAAAAAAAAcA\/6FfXqUmjAYo\/s912\/Katar%25C3%25ADna%2520Valichn%25C3%25A1%25C4%258Dov%25C3%25A1%2520-%2520Bratislavsk%25C3%25A9%2520holuby.JPG\" alt=\"\" width=\"520\" height=\"360\" \/><\/a><\/p>\n<p>Peter Pra\u017eenka, Sotto il ponte<\/p>\n<p><a href=\"https:\/\/lh5.googleusercontent.com\/-3M4UQPJOwK0\/Ulgl7ZmrJ9I\/AAAAAAAAAcU\/AhPDv4lUmWM\/s1100\/Peter%2520Pra%25C5%25BEenka%2520-%2520Pod%2520mostom.JPG\" data-rel=\"lightbox-gallery-S9U97piG\" data-rl_title=\"\" data-rl_caption=\"\" title=\"\"><img decoding=\"async\" loading=\"lazy\" src=\"https:\/\/lh5.googleusercontent.com\/-3M4UQPJOwK0\/Ulgl7ZmrJ9I\/AAAAAAAAAcU\/AhPDv4lUmWM\/s1100\/Peter%2520Pra%25C5%25BEenka%2520-%2520Pod%2520mostom.JPG\" alt=\"\" width=\"520\" height=\"320\" \/><\/a><\/p>\n<p>&nbsp;<\/p>\n<p><strong><em>Categoria \u201cL\u2019estate nella regione\u201d (Uk\u00e1\u017e leto v kraji)<\/em><\/strong><\/p>\n<p>Peter Pra\u017eenka, Tvr\u010f\u00e1k<\/p>\n<p><a href=\"https:\/\/lh4.googleusercontent.com\/-mJk_drZtVuU\/Ulgl8nCVP5I\/AAAAAAAAAcg\/z_4tG4u9ocQ\/s912\/Peter%2520Pra%25C5%25BEenka%2520-%2520Tvrd%25C3%25A1k.JPG\" data-rel=\"lightbox-gallery-S9U97piG\" data-rl_title=\"\" data-rl_caption=\"\" title=\"\"><img decoding=\"async\" loading=\"lazy\" src=\"https:\/\/lh4.googleusercontent.com\/-mJk_drZtVuU\/Ulgl8nCVP5I\/AAAAAAAAAcg\/z_4tG4u9ocQ\/s912\/Peter%2520Pra%25C5%25BEenka%2520-%2520Tvrd%25C3%25A1k.JPG\" alt=\"\" width=\"520\" height=\"380\" \/><\/a><\/p>\n<p>Michal Greco, Adrenalina in citta&#8217;<\/p>\n<p><a href=\"https:\/\/lh3.googleusercontent.com\/-Vh27DQtb4L0\/Ulgl677_KXI\/AAAAAAAAAcQ\/AONJlIeemC0\/s1024\/Michal%2520Greco%2520-%2520Adrenalin%2520v%2520meste.JPG\" data-rel=\"lightbox-gallery-S9U97piG\" data-rl_title=\"\" data-rl_caption=\"\" title=\"\"><img decoding=\"async\" loading=\"lazy\" src=\"https:\/\/lh3.googleusercontent.com\/-Vh27DQtb4L0\/Ulgl677_KXI\/AAAAAAAAAcQ\/AONJlIeemC0\/s1024\/Michal%2520Greco%2520-%2520Adrenalin%2520v%2520meste.JPG\" alt=\"\" width=\"520\" height=\"360\" \/><\/a><\/p>\n<p>Ati Pat, Surf a \u010cunovo<\/p>\n<p><a href=\"https:\/\/lh3.googleusercontent.com\/-EAUYSTOp0oA\/Ulgl3y87llI\/AAAAAAAAAbs\/uAlLv840F9o\/s1024\/Attila%2520Patocs%2520-%2520Surf%2520v%2520%25C4%258Cunove.JPG\" data-rel=\"lightbox-gallery-S9U97piG\" data-rl_title=\"\" data-rl_caption=\"\" title=\"\"><img decoding=\"async\" loading=\"lazy\" src=\"https:\/\/lh3.googleusercontent.com\/-EAUYSTOp0oA\/Ulgl3y87llI\/AAAAAAAAAbs\/uAlLv840F9o\/s1024\/Attila%2520Patocs%2520-%2520Surf%2520v%2520%25C4%258Cunove.JPG\" alt=\"\" width=\"520\" height=\"355\" \/><\/a><\/p>\n<p>&nbsp;<\/p>\n<p><strong><em>Categoria \u201cViticoltura e vigneti\u201d<\/em><\/strong><\/p>\n<p>Helena Jankovi\u010dov\u00e1, Bacche colorate<\/p>\n<p><a href=\"https:\/\/lh3.googleusercontent.com\/-YgRvc_tne_I\/Ulgl3UcF9ZI\/AAAAAAAAAbk\/hwqs_GWtaqA\/s640\/Helena%2520Jankovi%25C4%258Dov%25C3%25A1%2520-%2520Farebn%25C3%25A9%2520bobule.JPG\" data-rel=\"lightbox-gallery-S9U97piG\" data-rl_title=\"\" data-rl_caption=\"\" title=\"\"><img decoding=\"async\" loading=\"lazy\" src=\"https:\/\/lh3.googleusercontent.com\/-YgRvc_tne_I\/Ulgl3UcF9ZI\/AAAAAAAAAbk\/hwqs_GWtaqA\/s640\/Helena%2520Jankovi%25C4%258Dov%25C3%25A1%2520-%2520Farebn%25C3%25A9%2520bobule.JPG\" alt=\"\" width=\"520\" height=\"525\" \/><\/a><\/p>\n<p>Ivan Sedl\u00e1k, Sera nel vigneto<\/p>\n<p><a href=\"https:\/\/lh6.googleusercontent.com\/-vr8_M4qHtLs\/Ulgl2xAu1LI\/AAAAAAAAAbg\/rioSz_F46Xk\/s912\/Ivan%2520Sedl%25C3%25A1k%2520-%2520Ve%25C4%258Der%2520vo%2520vinohrade.JPG\" data-rel=\"lightbox-gallery-S9U97piG\" data-rl_title=\"\" data-rl_caption=\"\" title=\"\"><img decoding=\"async\" loading=\"lazy\" src=\"https:\/\/lh6.googleusercontent.com\/-vr8_M4qHtLs\/Ulgl2xAu1LI\/AAAAAAAAAbg\/rioSz_F46Xk\/s912\/Ivan%2520Sedl%25C3%25A1k%2520-%2520Ve%25C4%258Der%2520vo%2520vinohrade.JPG\" alt=\"\" width=\"520\" height=\"340\" \/><\/a><\/p>\n<p>Martin V., Vendemmia<\/p>\n<p><a href=\"https:\/\/lh4.googleusercontent.com\/-OtipVXY0ywI\/Ulgl5_j831I\/AAAAAAAAAcE\/ARJ9dGJ6nRY\/s1024\/Martin%2520Vla%25C5%25A1i%25C4%258D%2520-%2520Obera%25C4%258Dka.JPG\" data-rel=\"lightbox-gallery-S9U97piG\" data-rl_title=\"\" data-rl_caption=\"\" title=\"\"><img decoding=\"async\" loading=\"lazy\" src=\"https:\/\/lh4.googleusercontent.com\/-OtipVXY0ywI\/Ulgl5_j831I\/AAAAAAAAAcE\/ARJ9dGJ6nRY\/s1024\/Martin%2520Vla%25C5%25A1i%25C4%258D%2520-%2520Obera%25C4%258Dka.JPG\" alt=\"\" width=\"520\" height=\"355\" \/><\/a><\/p>\n<p>&nbsp;<\/p>\n<p><strong><em>Selezionata dai visitatori di www.ephoto.sk<\/em><\/strong><\/p>\n<p>Rudolf Herda, Al lago<\/p>\n<p><a href=\"https:\/\/lh4.googleusercontent.com\/-6ITlp-hyNGw\/Ulgl9AtzsaI\/AAAAAAAAAck\/XOMjkNQGYQg\/s912\/Rudolf%2520Herda%2520-%2520Na%2520jazere.JPG\" data-rel=\"lightbox-gallery-S9U97piG\" data-rl_title=\"\" data-rl_caption=\"\" title=\"\"><img decoding=\"async\" loading=\"lazy\" src=\"https:\/\/lh4.googleusercontent.com\/-6ITlp-hyNGw\/Ulgl9AtzsaI\/AAAAAAAAAck\/XOMjkNQGYQg\/s912\/Rudolf%2520Herda%2520-%2520Na%2520jazere.JPG\" alt=\"\" width=\"520\" height=\"340\" \/><\/a><\/p>\n<p>(Buongiorno Slovacchia)<\/p>\n<p>Tutte le foto sono \u00a9\u00a0dei rispettivi autori \u2013 Fonte BSK Regione di Bratislava<\/p>\n","protected":false},"excerpt":{"rendered":"<p>La seconda edizione del concorso fotografico \u201cVivere nella regione di Bratislava\u201d, che si \u00e8 conclusa a fine settembre dopo due mesi e alla quale hanno partecipato fotografi slovacchi e stranieri con 488 opere, ha decretato i suoi finalisti, che saranno premiati il 5 novembre con la dichiarazione dei vincitori per categoria in una serata presso [&hellip;]<\/p>\n","protected":false},"author":2,"featured_media":2802,"comment_status":"open","ping_status":"open","sticky":false,"template":"","format":"standard","meta":[],"categories":[3,1],"tags":[9,43,473],"aioseo_notices":[],"jetpack_featured_media_url":"https:\/\/www.turismoslovacchia.it\/wp-content\/uploads\/foto-concorso-bsk.jpg","jetpack_sharing_enabled":true,"jetpack-related-posts":[{"id":2300,"url":"https:\/\/www.turismoslovacchia.it\/?p=2300","url_meta":{"origin":2801,"position":0},"title":"L&#8217;estate nella regione di Bratislava &#8211; Concorso e Video","date":"21 Agosto 2013","format":false,"excerpt":"La regione di Bratislava offre una profusione di sport di terra e d'acqua, molti dei quali con un sacco di adrenalina e grande dispendio di energia, dice il bando di un concorso fotografico lanciato giorni fa dal Bratislava Region Tourism Board. Zattere, mountain bike, hydrospeed, wakeboard, windsurf... Hai provato qualcosa\u2026","rel":"","context":"In &quot;Articoli&quot;","img":{"alt_text":"","src":"https:\/\/i0.wp.com\/www.turismoslovacchia.it\/wp-content\/uploads\/estate-sport_da-tourismbratislava.com_.jpg?resize=350%2C200&ssl=1","width":350,"height":200},"classes":[]},{"id":8864,"url":"https:\/\/www.turismoslovacchia.it\/?p=8864","url_meta":{"origin":2801,"position":1},"title":"Aprile 2019: gli eventi a Bratislava e dintorni","date":"2 Aprile 2019","format":false,"excerpt":"Giornata delle cantine di Modra 6 aprile 2019 Le cantine di Modra, la nobile cittadina viticola ai piedi dei Piccoli Carpazi, apriranno le porte\u00a0agli appassionati per la sedicesima volta anche quest'anno, un evento da vivere con la famiglia o gli amici. Il numero di biglietti dispomibili \u00e8 limitato, una scelta\u2026","rel":"","context":"In &quot;Eventi&quot;","img":{"alt_text":"","src":"https:\/\/i0.wp.com\/www.turismoslovacchia.it\/wp-content\/uploads\/eventi_00.jpg?resize=350%2C200&ssl=1","width":350,"height":200},"classes":[]},{"id":8774,"url":"https:\/\/www.turismoslovacchia.it\/?p=8774","url_meta":{"origin":2801,"position":2},"title":"Settembre 2018: gli eventi a Bratislava e dintorni","date":"30 Agosto 2018","format":false,"excerpt":"Estate culturale di Bratislava 2018 \u2013 Bratislava giugno\u00a0\u2013 settembre\u00a02018 La rassegna\u00a0\u201cEstate culturale di Bratislava\u201d \u00e8 il pi\u00f9 grande evento estivo in Slovacchia che, nel corso dei mesi d\u2019estate propone nella capitale centinaia di appuntamenti culturali, musicali, letterari, teatrali, e attivit\u00e0 per il tempo libero\u00a0per i residenti e i tanti turisti.\u2026","rel":"","context":"In &quot;Eventi&quot;","img":{"alt_text":"","src":"https:\/\/i0.wp.com\/www.turismoslovacchia.it\/wp-content\/uploads\/Vinobranie-malekarpaty-vino-vendemm-sagre_gob-skBSK.jpg?resize=350%2C200&ssl=1","width":350,"height":200},"classes":[]},{"id":8295,"url":"https:\/\/www.turismoslovacchia.it\/?p=8295","url_meta":{"origin":2801,"position":3},"title":"Novembre 2017: gli eventi a Bratislava e dintorni","date":"28 Ottobre 2017","format":false,"excerpt":"Tra\u00a0gli eventi pi\u00f9 rilevanti del novembre 2017 nella citt\u00e0 e regione di Bratislava\u00a0vanno ricordati nella capitale il Mese della Fotografia e lo Slovak Press Photo,\u00a0 appuntamenti che da tempo sono ormai diventati un must del mese di novembre, e poi il Festival della Libert\u00e0, che si tiene nelle date intorno\u2026","rel":"","context":"In &quot;Articoli&quot;","img":{"alt_text":"","src":"https:\/\/i0.wp.com\/www.turismoslovacchia.it\/wp-content\/uploads\/eventi_00.jpg?resize=350%2C200&ssl=1","width":350,"height":200},"classes":[]},{"id":8279,"url":"https:\/\/www.turismoslovacchia.it\/?p=8279","url_meta":{"origin":2801,"position":4},"title":"Ottobre 2017: gli eventi a Bratislava e dintorni","date":"28 Settembre 2017","format":false,"excerpt":"Tra\u00a0gli eventi pi\u00f9 rilevanti del mese di\u00a0ottobre 2017 nella citt\u00e0 e regione di Bratislava, continuano gli appuntamenti gastronomici\u00a0in regione, come il Festival del cavolo di Stupava, l'Oktoberfest dei produttori di birra artigianale nella capitale, e poi\u00a0il\u00a0Bratislava Music Festival, il pi\u00f9 antico e prestigioso festival musicale internazionale in Slovacchia, la Notte\u2026","rel":"","context":"In &quot;Articoli&quot;","img":{"alt_text":"","src":"https:\/\/i0.wp.com\/www.turismoslovacchia.it\/wp-content\/uploads\/eventi_00.jpg?resize=350%2C200&ssl=1","width":350,"height":200},"classes":[]},{"id":8236,"url":"https:\/\/www.turismoslovacchia.it\/?p=8236","url_meta":{"origin":2801,"position":5},"title":"Giugno 2017: gli eventi a Bratislava e dintorni","date":"22 Maggio 2017","format":false,"excerpt":"Segnaliamo qui gli eventi pi\u00f9 rilevanti del mese di giugno\u00a02017 nella citt\u00e0 e regione di Bratislava.\u00a0Tra quelli da segnalare ci sono l'estate culturale di Bratislava, che durer\u00e0 con centinaia di appuntamenti fino a settembre, il festival Viva Musica!, il grande Mercato della Ceramica di Pezinok, ma anche\u00a0la festa dell'incoronazione, che\u2026","rel":"","context":"In &quot;Articoli&quot;","img":{"alt_text":"","src":"https:\/\/i0.wp.com\/www.turismoslovacchia.it\/wp-content\/uploads\/eventi_00.jpg?resize=350%2C200&ssl=1","width":350,"height":200},"classes":[]}],"jetpack_shortlink":"https:\/\/wp.me\/p1oiY9-Jb","_links":{"self":[{"href":"https:\/\/www.turismoslovacchia.it\/index.php?rest_route=\/wp\/v2\/posts\/2801"}],"collection":[{"href":"https:\/\/www.turismoslovacchia.it\/index.php?rest_route=\/wp\/v2\/posts"}],"about":[{"href":"https:\/\/www.turismoslovacchia.it\/index.php?rest_route=\/wp\/v2\/types\/post"}],"author":[{"embeddable":true,"href":"https:\/\/www.turismoslovacchia.it\/index.php?rest_route=\/wp\/v2\/users\/2"}],"replies":[{"embeddable":true,"href":"https:\/\/www.turismoslovacchia.it\/index.php?rest_route=%2Fwp%2Fv2%2Fcomments&post=2801"}],"version-history":[{"count":0,"href":"https:\/\/www.turismoslovacchia.it\/index.php?rest_route=\/wp\/v2\/posts\/2801\/revisions"}],"wp:featuredmedia":[{"embeddable":true,"href":"https:\/\/www.turismoslovacchia.it\/index.php?rest_route=\/wp\/v2\/media\/2802"}],"wp:attachment":[{"href":"https:\/\/www.turismoslovacchia.it\/index.php?rest_route=%2Fwp%2Fv2%2Fmedia&parent=2801"}],"wp:term":[{"taxonomy":"category","embeddable":true,"href":"https:\/\/www.turismoslovacchia.it\/index.php?rest_route=%2Fwp%2Fv2%2Fcategories&post=2801"},{"taxonomy":"post_tag","embeddable":true,"href":"https:\/\/www.turismoslovacchia.it\/index.php?rest_route=%2Fwp%2Fv2%2Ftags&post=2801"}],"curies":[{"name":"wp","href":"https:\/\/api.w.org\/{rel}","templated":true}]}}