{"id":2792,"date":"2013-10-08T23:16:54","date_gmt":"2013-10-08T21:16:54","guid":{"rendered":"http:\/\/www.turismoslovacchia.it\/?p=2792"},"modified":"2016-09-17T21:22:21","modified_gmt":"2016-09-17T19:22:21","slug":"foto-del-giorno-von-wong-a-bratislava-con-il-balletto-del-teatro-nazionale","status":"publish","type":"post","link":"https:\/\/www.turismoslovacchia.it\/?p=2792","title":{"rendered":"Foto del giorno: Von Wong a Bratislava con il balletto del Teatro nazionale"},"content":{"rendered":"<p><a href=\"http:\/\/www.turismoslovacchia.it\/?attachment_id=2795\" rel=\"attachment wp-att-2795\"><img decoding=\"async\" loading=\"lazy\" class=\"alignnone size-full wp-image-2795\" title=\"vonwong\" src=\"http:\/\/www.turismoslovacchia.it\/wp-content\/uploads\/vonwong.jpg\" alt=\"\" width=\"520\" height=\"330\" srcset=\"https:\/\/www.turismoslovacchia.it\/wp-content\/uploads\/vonwong.jpg 520w, https:\/\/www.turismoslovacchia.it\/wp-content\/uploads\/vonwong-300x190.jpg 300w, https:\/\/www.turismoslovacchia.it\/wp-content\/uploads\/vonwong-400x254.jpg 400w, https:\/\/www.turismoslovacchia.it\/wp-content\/uploads\/vonwong-100x63.jpg 100w, https:\/\/www.turismoslovacchia.it\/wp-content\/uploads\/vonwong-197x125.jpg 197w, https:\/\/www.turismoslovacchia.it\/wp-content\/uploads\/vonwong-150x95.jpg 150w\" sizes=\"(max-width: 520px) 100vw, 520px\" \/><\/a><\/p>\n<p style=\"text-align: justify;\">Durante la primavera dello scorso anno \u00e8 sceso a Bratislava il fotografo Benjamin Von Wong per un progetto fotografico realizzato con il corpo di ballo del Teatro Nazionale Slovacco. Nel corso del suo tour europeo (\u201cVon Wong does Europe\u201d), il noto fotografo ha scattato immagini di scorci storici e caratteristici della capitale slovacca con la danzatrice <a href=\"http:\/\/www.flickr.com\/photos\/iintrigue\/sets\/72157622107821972\/with\/3843411386\/\" target=\"_blank\">Ana Beschia<\/a> e\u00a0alcuni suoi colleghi. Utilizzando la macchina fotografica in esterni con luce per lo pi\u00f9 naturale, i ballerini sono stati \u201ccatturati\u201d mentre saltano, ballano o sono in pose diverse in angoli suggestivi della Citt\u00e0 Vecchia. Come lo stesso autore ha scritto <a href=\"http:\/\/www.vonwong.com\/blog\/how-to-shoot-professional-ballerinas-on-the-streets-of-the-national-slovak-theater\/\" target=\"_blank\">sul suo sito<\/a>,\u00a0\u00abuna cosa che ho notato \u00e8 che una ballerina in un luogo pubblico pu\u00f2 creare immagini incredibili come quelle del \u201cprogetto ballerina\u201d\u00bb. Partendo da questo spunto, Von Wong ha deciso di mettersi alla prova per creare qualcosa di simile con altri ballerini, pianificando un servizio fotografico dal look \u00abmolto semplice e classico\u00bb: il che vuol dire ragazzi in leggings, e ragazze in tut\u00f9, con lievi variazioni.<\/p>\n<p style=\"text-align: justify;\">Benjamin Von Wong, 26 anni, \u00e8 cino-canadese e vive a Montreal. Nel giorno scelto per il servizio il cielo era nuvoloso, e la luce indiretta del sole ha enormemente facilitato il lavoro con il bianco dei costumi dei ballerini. Ecco qui di seguito il risultato della sua sessione a Bratislava. (<em>Cliccare le immagini orizzontali per zoomare<\/em>).<\/p>\n<div><a href=\"http:\/\/www.vonwong.com\/blog\/wp-content\/uploads\/\/7740801866_3ba93c0431_o.jpg \"><img decoding=\"async\" loading=\"lazy\" class=\"alignnone\" src=\"http:\/\/www.vonwong.com\/blog\/wp-content\/uploads\/\/7740801866_3ba93c0431_o.jpg \" alt=\"\" width=\"520\" height=\"780\" \/><\/a><\/div>\n<div>\n<p><a href=\"http:\/\/www.vonwong.com\/blog\/wp-content\/uploads\/\/colorful_ballet_bratislava_von_wong.jpg\" data-rel=\"lightbox-gallery-z6nRZa4y\" data-rl_title=\"\" data-rl_caption=\"\" title=\"\"><img decoding=\"async\" loading=\"lazy\" class=\"alignnone\" src=\"http:\/\/www.vonwong.com\/blog\/wp-content\/uploads\/\/colorful_ballet_bratislava_von_wong.jpg\" alt=\"\" width=\"520\" height=\"350\" \/><\/a><\/p>\n<\/div>\n<div><\/div>\n<div>\n<p><a href=\"http:\/\/www.vonwong.com\/blog\/wp-content\/uploads\/\/old_love_ballerina_cute_vonwong_couple.jpg\" data-rel=\"lightbox-gallery-z6nRZa4y\" data-rl_title=\"\" data-rl_caption=\"\" title=\"\"><img decoding=\"async\" loading=\"lazy\" class=\"alignnone\" src=\"http:\/\/www.vonwong.com\/blog\/wp-content\/uploads\/\/old_love_ballerina_cute_vonwong_couple.jpg\" alt=\"\" width=\"520\" height=\"355\" \/><\/a><\/p>\n<\/div>\n<div><\/div>\n<div>\n<p><a href=\"http:\/\/www.vonwong.com\/blog\/wp-content\/uploads\/\/ballerinas_on_a_lamppost_vonwong.jpg\" data-rel=\"lightbox-gallery-z6nRZa4y\" data-rl_title=\"\" data-rl_caption=\"\" title=\"\"><img decoding=\"async\" loading=\"lazy\" class=\"alignnone\" src=\"http:\/\/www.vonwong.com\/blog\/wp-content\/uploads\/\/ballerinas_on_a_lamppost_vonwong.jpg\" alt=\"\" width=\"520\" height=\"780\" \/><\/a><\/p>\n<div>\n<p>Qui sotto il video del dietro le quinte:<\/p>\n<\/div>\n<div><\/div>\n<\/div>\n<p><span class=\"embed-youtube\" style=\"text-align:center; display: block;\"><iframe loading=\"lazy\" class=\"youtube-player\" width=\"1140\" height=\"642\" src=\"https:\/\/www.youtube.com\/embed\/17FEqMWzL38?version=3&#038;rel=1&#038;showsearch=0&#038;showinfo=1&#038;iv_load_policy=1&#038;fs=1&#038;hl=it-IT&#038;autohide=2&#038;wmode=transparent\" allowfullscreen=\"true\" style=\"border:0;\" sandbox=\"allow-scripts allow-same-origin allow-popups allow-presentation\"><\/iframe><\/span><\/p>\n<div>\n<p>&nbsp;<\/p>\n<\/div>\n<div><\/div>\n<div>\n<div>(Fonte Buongiorno Slovacchia)<\/div>\n<div style=\"text-align: right;\">Tute le foto:\u00a0\u00a9\u00a0vonwong.com<\/div>\n<\/div>\n","protected":false},"excerpt":{"rendered":"<p>Durante la primavera dello scorso anno \u00e8 sceso a Bratislava il fotografo Benjamin Von Wong per un progetto fotografico realizzato con il corpo di ballo del Teatro Nazionale Slovacco. Nel corso del suo tour europeo (\u201cVon Wong does Europe\u201d), il noto fotografo ha scattato immagini di scorci storici e caratteristici della capitale slovacca con la [&hellip;]<\/p>\n","protected":false},"author":2,"featured_media":2795,"comment_status":"open","ping_status":"open","sticky":false,"template":"","format":"standard","meta":[],"categories":[3,1],"tags":[9,43,472],"aioseo_notices":[],"jetpack_featured_media_url":"https:\/\/www.turismoslovacchia.it\/wp-content\/uploads\/vonwong.jpg","jetpack_sharing_enabled":true,"jetpack-related-posts":[{"id":1359,"url":"https:\/\/www.turismoslovacchia.it\/?p=1359","url_meta":{"origin":2792,"position":0},"title":"Karol Kallay, il pi\u00f9 noto fotografo slovacco amava l&#8217;Italia","date":"6 Agosto 2012","format":false,"excerpt":"Karol Kallay, il pi\u00f9 significativo e internazionale fotografo slovacco, \u00e8 morto a 86 anni sabato 2 agosto. Nato a Cadca (regione di Zilina) il 26 aprile 1926, Karol Kallay fece studi in economia e legge, laureandosi nel 1948, ma intraprese nonostante questo la carriera di fotografo professionista. Quando aveva 14\u2026","rel":"","context":"In &quot;Articoli&quot;","img":{"alt_text":"","src":"https:\/\/i0.wp.com\/www.turismoslovacchia.it\/wp-content\/uploads\/Karol-Kallay.jpg?resize=350%2C200&ssl=1","width":350,"height":200},"classes":[]},{"id":7301,"url":"https:\/\/www.turismoslovacchia.it\/?p=7301","url_meta":{"origin":2792,"position":1},"title":"Il 2017 anno di grandi restauri monumentali in Slovacchia","date":"17 Gennaio 2017","format":false,"excerpt":"Il ministero della Cultura slovacco ha disposto per il 2017 l'inizio o l'avanzamento del restauro di alcuni dei pi\u00f9 importanti musei e monumenti del paese con lo scopo di incentivare ancora di pi\u00f9 il turismo dopo un anno record per il settore dei viaggi e vacanze in Slovacchia. Quest\u2019anno il\u2026","rel":"","context":"In &quot;Articoli&quot;","img":{"alt_text":"","src":"https:\/\/i0.wp.com\/www.turismoslovacchia.it\/wp-content\/uploads\/KrasnaHorka-castel_speedygroundhog_CC-BY-NC.jpg?resize=350%2C200&ssl=1","width":350,"height":200},"classes":[]},{"id":1092,"url":"https:\/\/www.turismoslovacchia.it\/?p=1092","url_meta":{"origin":2792,"position":2},"title":"La fotografia come ogni novembre invade Bratislava","date":"12 Novembre 2011","format":false,"excerpt":"La 21\u00b0 edizione del Mese della Fotografia di Bratislava mette insieme diversi generi, fotografi e paesi per un totale di 26 mostre, che sono state aperte all'inizio del mese e sono sparse in tutta la citta' dalle grandi alle piccole gallerie. Parte del circuito sono anche la Galleria Nazionale Slovacca\u2026","rel":"","context":"In &quot;Articoli&quot;","img":{"alt_text":"","src":"https:\/\/i0.wp.com\/www.turismoslovacchia.it\/wp-content\/uploads\/mesiacfotografie-JanSaudek_ps03.jpg?resize=350%2C200&ssl=1","width":350,"height":200},"classes":[]},{"id":579,"url":"https:\/\/www.turismoslovacchia.it\/?p=579","url_meta":{"origin":2792,"position":3},"title":"Armonie classiche nella capitale per il Bratislava Music Festival","date":"16 Novembre 2010","format":false,"excerpt":"Il 46\u00b0 Bratislava Music Festival (BHF) comincia il 19 novembre, e comprende una serie di concerti di musica classica di top performers provenienti da tutta Europa e anche oltre. Il BHF inizia Venerd\u00ec 19 novembre con un concerto al Teatro Nazionale Slovacco (l'edificio storico, in Stare Mesto). Guidata dal pluripremiato\u2026","rel":"","context":"In &quot;Eventi&quot;","img":{"alt_text":"","src":"https:\/\/i0.wp.com\/www.turismoslovacchia.it\/wp-content\/uploads\/Bratislava-Teatro-Nazionale-Slovacco-e1337710011473.jpg?resize=350%2C200&ssl=1","width":350,"height":200},"classes":[]},{"id":8236,"url":"https:\/\/www.turismoslovacchia.it\/?p=8236","url_meta":{"origin":2792,"position":4},"title":"Giugno 2017: gli eventi a Bratislava e dintorni","date":"22 Maggio 2017","format":false,"excerpt":"Segnaliamo qui gli eventi pi\u00f9 rilevanti del mese di giugno\u00a02017 nella citt\u00e0 e regione di Bratislava.\u00a0Tra quelli da segnalare ci sono l'estate culturale di Bratislava, che durer\u00e0 con centinaia di appuntamenti fino a settembre, il festival Viva Musica!, il grande Mercato della Ceramica di Pezinok, ma anche\u00a0la festa dell'incoronazione, che\u2026","rel":"","context":"In &quot;Articoli&quot;","img":{"alt_text":"","src":"https:\/\/i0.wp.com\/www.turismoslovacchia.it\/wp-content\/uploads\/eventi_00.jpg?resize=350%2C200&ssl=1","width":350,"height":200},"classes":[]},{"id":8029,"url":"https:\/\/www.turismoslovacchia.it\/?p=8029","url_meta":{"origin":2792,"position":5},"title":"Nel weekend la citt\u00e0 di Bratislava apre le sue porte a tutti gratuitamente","date":"19 Aprile 2017","format":false,"excerpt":"Nei giorni 22 e 23 aprile a Bratislava si possono visitare musei e gallerie e godere di visite guidate a bordo del tram storico in modo completamente gratuito. La manifestazione \"Bratislava per tutti\/Bratislava City Days 2017\", che gi\u00e0 negli anni scorsi ha registrato un afflusso di oltre 150mila persone, comprende\u2026","rel":"","context":"In &quot;Articoli&quot;","img":{"alt_text":"","src":"https:\/\/i0.wp.com\/www.turismoslovacchia.it\/wp-content\/uploads\/bratis-turist_krysi@-124683093_@pano-cc-by.jpg?resize=350%2C200&ssl=1","width":350,"height":200},"classes":[]}],"jetpack_shortlink":"https:\/\/wp.me\/p1oiY9-J2","_links":{"self":[{"href":"https:\/\/www.turismoslovacchia.it\/index.php?rest_route=\/wp\/v2\/posts\/2792"}],"collection":[{"href":"https:\/\/www.turismoslovacchia.it\/index.php?rest_route=\/wp\/v2\/posts"}],"about":[{"href":"https:\/\/www.turismoslovacchia.it\/index.php?rest_route=\/wp\/v2\/types\/post"}],"author":[{"embeddable":true,"href":"https:\/\/www.turismoslovacchia.it\/index.php?rest_route=\/wp\/v2\/users\/2"}],"replies":[{"embeddable":true,"href":"https:\/\/www.turismoslovacchia.it\/index.php?rest_route=%2Fwp%2Fv2%2Fcomments&post=2792"}],"version-history":[{"count":0,"href":"https:\/\/www.turismoslovacchia.it\/index.php?rest_route=\/wp\/v2\/posts\/2792\/revisions"}],"wp:featuredmedia":[{"embeddable":true,"href":"https:\/\/www.turismoslovacchia.it\/index.php?rest_route=\/wp\/v2\/media\/2795"}],"wp:attachment":[{"href":"https:\/\/www.turismoslovacchia.it\/index.php?rest_route=%2Fwp%2Fv2%2Fmedia&parent=2792"}],"wp:term":[{"taxonomy":"category","embeddable":true,"href":"https:\/\/www.turismoslovacchia.it\/index.php?rest_route=%2Fwp%2Fv2%2Fcategories&post=2792"},{"taxonomy":"post_tag","embeddable":true,"href":"https:\/\/www.turismoslovacchia.it\/index.php?rest_route=%2Fwp%2Fv2%2Ftags&post=2792"}],"curies":[{"name":"wp","href":"https:\/\/api.w.org\/{rel}","templated":true}]}}