{"id":2780,"date":"2013-09-25T22:58:35","date_gmt":"2013-09-25T20:58:35","guid":{"rendered":"http:\/\/www.turismoslovacchia.it\/?p=2780"},"modified":"2016-09-17T21:17:39","modified_gmt":"2016-09-17T19:17:39","slug":"blaf-bratislava-art-festival-2013","status":"publish","type":"post","link":"https:\/\/www.turismoslovacchia.it\/?p=2780","title":{"rendered":"BLAF, Bratislava Art Festival 2013"},"content":{"rendered":"<p><a href=\"http:\/\/www.turismoslovacchia.it\/?attachment_id=2781\" rel=\"attachment wp-att-2781\"><img decoding=\"async\" loading=\"lazy\" class=\"alignnone size-full wp-image-2781\" title=\"blaf13\" src=\"http:\/\/www.turismoslovacchia.it\/wp-content\/uploads\/blaf13.jpg\" alt=\"\" width=\"520\" height=\"320\" srcset=\"https:\/\/www.turismoslovacchia.it\/wp-content\/uploads\/blaf13.jpg 520w, https:\/\/www.turismoslovacchia.it\/wp-content\/uploads\/blaf13-300x185.jpg 300w, https:\/\/www.turismoslovacchia.it\/wp-content\/uploads\/blaf13-400x246.jpg 400w, https:\/\/www.turismoslovacchia.it\/wp-content\/uploads\/blaf13-100x62.jpg 100w, https:\/\/www.turismoslovacchia.it\/wp-content\/uploads\/blaf13-200x123.jpg 200w, https:\/\/www.turismoslovacchia.it\/wp-content\/uploads\/blaf13-150x92.jpg 150w\" sizes=\"(max-width: 520px) 100vw, 520px\" \/><\/a><\/p>\n<p style=\"text-align: justify;\">Prende avvio domani 26 settembre BLAF, il Bratislava Art Festival, rassegna annuale di arti visive che ha l\u2019obiettivo di dare al grande pubblico, anche non avvezzo ai linguaggi dell\u2019arte contemporanea, la possibilita&#8217; di vedere, sperimentare, capire, e discutere di arte, confrontandosi con la scena contemporanea slovacca. Il festival \u00e8 una piattaforma di attiva cooperazione e messa in rete delle gallerie pubbliche e private della capitale, con mostre realizzate in formati gi\u00e0 affermati. Organizzata dalla Foundation\u2013Centre Of Contemporary Art e dall\u2019agenzia di produzione Clockwise in stretta collaborazione con la Galleria Nazionale Slovacca (SNG), al suo terzo anno BLAF ripercorre la struttura degli anni scorsi, con l\u2019offerta di un \u2018tour\u2019 di 4 giorni nelle oltre 20 gallerie partecipanti che offrono programmi ricchi e stimolanti ed alcuni interessanti eventi collaterali con iniziative indipendenti.<\/p>\n<p style=\"text-align: justify;\">Tra le cose pi\u00f9 interessanti, una conferenza di\u00a0Andrea Jungmann \u2013 esperto di primo piano per Sotheby\u2019s \u2013 che sar\u00e0 dedicata alle motivazioni dietro alla vendita e l\u2019acquisto di un\u2019opera, alle ultime tendenze del mercato dell\u2019arte e al suo sviluppo, incentrata sulle opere di artisti per lo pi\u00f9 viventi. Gioved\u00ec 4 ottobre alle ore 19:00 presso VSU, Dostojevsk\u00e9ho rad 2. Oppure le conferenze\/lezioni Quale approccio per l\u2019arte? che\u00a0si terranno nei quattro giorni in diversi luoghi e nel corso delle quali personalit\u00e0 provenienti da diversi paesi europei tratteranno un tema specifico. Da segnalare Karen Arechy (New York, USA) con Pre\/Post\/Post-Internet. Gioved\u00ec 26 settembre alle ore 18.00 presso Berlinka, N\u00e1m. \u013dudov\u00edta \u0160t\u00fara 4. O l\u2019Heineken Bike Art, che, complice il 140\u00b0 anniversario della birra, propone in un workshop con dieci dipartimenti dell\u2019Accademia di Belle Arti di Bratislava un nuovo design della bici urbana.<\/p>\n<p><span class=\"embed-youtube\" style=\"text-align:center; display: block;\"><iframe loading=\"lazy\" class=\"youtube-player\" width=\"1140\" height=\"642\" src=\"https:\/\/www.youtube.com\/embed\/bc9e7xBELqM?version=3&#038;rel=1&#038;showsearch=0&#038;showinfo=1&#038;iv_load_policy=1&#038;fs=1&#038;hl=it-IT&#038;autohide=2&#038;wmode=transparent\" allowfullscreen=\"true\" style=\"border:0;\" sandbox=\"allow-scripts allow-same-origin allow-popups allow-presentation\"><\/iframe><\/span><\/p>\n<div>\n<p style=\"text-align: justify;\">Il BLAF 2013 si terr\u00e0 nei giorni 26-29 settembre 2013 con diversi vernissage, ma molte mostre e alcuni dei suoi eventi si terranno anche in seguito.<\/p>\n<p>(La Redazione)<\/p>\n<\/div>\n","protected":false},"excerpt":{"rendered":"<p>Prende avvio domani 26 settembre BLAF, il Bratislava Art Festival, rassegna annuale di arti visive che ha l\u2019obiettivo di dare al grande pubblico, anche non avvezzo ai linguaggi dell\u2019arte contemporanea, la possibilita&#8217; di vedere, sperimentare, capire, e discutere di arte, confrontandosi con la scena contemporanea slovacca. Il festival \u00e8 una piattaforma di attiva cooperazione e [&hellip;]<\/p>\n","protected":false},"author":2,"featured_media":2781,"comment_status":"open","ping_status":"open","sticky":false,"template":"","format":"standard","meta":[],"categories":[5,1],"tags":[190,469,9,42,44],"aioseo_notices":[],"jetpack_featured_media_url":"https:\/\/www.turismoslovacchia.it\/wp-content\/uploads\/blaf13.jpg","jetpack_sharing_enabled":true,"jetpack-related-posts":[{"id":4245,"url":"https:\/\/www.turismoslovacchia.it\/?p=4245","url_meta":{"origin":2780,"position":0},"title":"Bratislava, weekend ricco di festival: arte al BLAF 2014 e musicisti emergenti con Waves","date":"2 Ottobre 2014","format":false,"excerpt":"La quinta edizione del Bratislava Art Festival (BLAF) porter\u00e0 di nuovo cittadini e visitatori della capitale slovacca a diretto contatto con l'arte contemporanea nelle sue diverse forme. BLAF \u00e8 un network di collaborazione attiva e itinerante tra le gallerie d'arte private e quelle pubbliche. Il programma del festival, che ha\u2026","rel":"","context":"In &quot;Articoli&quot;","img":{"alt_text":"","src":"https:\/\/i0.wp.com\/www.turismoslovacchia.it\/wp-content\/uploads\/artecontem_382853-pixabay.jpg?resize=350%2C200&ssl=1","width":350,"height":200},"classes":[]},{"id":1533,"url":"https:\/\/www.turismoslovacchia.it\/?p=1533","url_meta":{"origin":2780,"position":1},"title":"Eventi in Slovacchia \u2013 NOVEMBRE 2012","date":"20 Ottobre 2012","format":false,"excerpt":"Calendario eventi NOVEMBRE 2012 25.09 - 3.12.2012 Giornate di Visegrad - Vi\u0161egr\u00e1dske dni, Ko\u0161ice Appuntamento fisso dell\u2019autunno nella seconda citta' della Slovacchia, che ancora una volta porta a Kosice il meglio di ci\u00f2 che sta accadendo nella vita culturale delle nazioni centro-europei. Si pu\u00f2 godere di spettacoli e artisti eccezionali\u2026","rel":"","context":"In &quot;Eventi&quot;","img":{"alt_text":"","src":"https:\/\/i0.wp.com\/www.turismoslovacchia.it\/wp-content\/uploads\/2010\/10\/Eventi-in-Slovacchia.jpg?resize=350%2C200&ssl=1","width":350,"height":200},"classes":[]},{"id":1092,"url":"https:\/\/www.turismoslovacchia.it\/?p=1092","url_meta":{"origin":2780,"position":2},"title":"La fotografia come ogni novembre invade Bratislava","date":"12 Novembre 2011","format":false,"excerpt":"La 21\u00b0 edizione del Mese della Fotografia di Bratislava mette insieme diversi generi, fotografi e paesi per un totale di 26 mostre, che sono state aperte all'inizio del mese e sono sparse in tutta la citta' dalle grandi alle piccole gallerie. Parte del circuito sono anche la Galleria Nazionale Slovacca\u2026","rel":"","context":"In &quot;Articoli&quot;","img":{"alt_text":"","src":"https:\/\/i0.wp.com\/www.turismoslovacchia.it\/wp-content\/uploads\/mesiacfotografie-JanSaudek_ps03.jpg?resize=350%2C200&ssl=1","width":350,"height":200},"classes":[]},{"id":1575,"url":"https:\/\/www.turismoslovacchia.it\/?p=1575","url_meta":{"origin":2780,"position":3},"title":"Mese della Fotografia: aperta la rassegna fotografica clou dell\u2019anno a Bratislava","date":"31 Ottobre 2012","format":false,"excerpt":"La ventiduesima edizione del Mese della Fotografia (Mesiac fotografie) ha preso avvio con la bella mostra di Robert Capa alla Galleria Nazionale Slovacca (SNG) ed \u00e8 proseguita con l'apertura della mostra National Geographic, mentre oggi apre presso la Galleria Civica di Bratislava (GMB) la rassegna di Lewis Hine. Un altro\u2026","rel":"","context":"In &quot;Articoli&quot;","img":{"alt_text":"","src":"https:\/\/i0.wp.com\/www.turismoslovacchia.it\/wp-content\/uploads\/mese-fotografia-2012.jpg?resize=350%2C200&ssl=1","width":350,"height":200},"classes":[]},{"id":1245,"url":"https:\/\/www.turismoslovacchia.it\/?p=1245","url_meta":{"origin":2780,"position":4},"title":"La Galleria Civica di Bratislava compie 50 anni e celebra le sue collezioni","date":"22 Settembre 2011","format":false,"excerpt":"Nella cornice dei festeggiamenti dei cinquant\u2019anni di attivit\u00e1 della Galleria Civica di Bratislava, viene aperta oggi una mostra celebrativa collettiva, collettiva anche dal punto di vista curatoriale poich\u00e9 coinvolge tutte le forze interne dell\u2019istituto. Si tratta di una mostra storica e riepilogativa dello sviluppo dell\u2019istituzione museale che oggi rappresenta uno\u2026","rel":"","context":"In &quot;Articoli&quot;","img":{"alt_text":"","src":"https:\/\/i0.wp.com\/www.turismoslovacchia.it\/wp-content\/uploads\/Palazzo-Mirbach-GBM-Bratislava.jpg?resize=350%2C200&ssl=1","width":350,"height":200},"classes":[]},{"id":4269,"url":"https:\/\/www.turismoslovacchia.it\/?p=4269","url_meta":{"origin":2780,"position":5},"title":"A Bratislava \u00e8 novembre il Mese della Fotografia","date":"7 Novembre 2014","format":false,"excerpt":"Ha avuto inizio da poco pi\u00f9 di una settimana, e si svolger\u00e0 fino al 30 novembre a Bratislava, la 24esima edizione del Festival internazionaleMesiac fotografie\u00a0(Mese della fotografia). Divenuto nel corso del tempo uno dei pi\u00f9 importanti eventi culturali d\u2019autunno dell\u2019intera regione, il festival vede nel corso del mese decine di\u2026","rel":"","context":"In &quot;Articoli&quot;","img":{"alt_text":"","src":"https:\/\/i0.wp.com\/www.turismoslovacchia.it\/wp-content\/uploads\/mesefotogr-koppitz-2014.jpg?resize=350%2C200&ssl=1","width":350,"height":200},"classes":[]}],"jetpack_shortlink":"https:\/\/wp.me\/p1oiY9-IQ","_links":{"self":[{"href":"https:\/\/www.turismoslovacchia.it\/index.php?rest_route=\/wp\/v2\/posts\/2780"}],"collection":[{"href":"https:\/\/www.turismoslovacchia.it\/index.php?rest_route=\/wp\/v2\/posts"}],"about":[{"href":"https:\/\/www.turismoslovacchia.it\/index.php?rest_route=\/wp\/v2\/types\/post"}],"author":[{"embeddable":true,"href":"https:\/\/www.turismoslovacchia.it\/index.php?rest_route=\/wp\/v2\/users\/2"}],"replies":[{"embeddable":true,"href":"https:\/\/www.turismoslovacchia.it\/index.php?rest_route=%2Fwp%2Fv2%2Fcomments&post=2780"}],"version-history":[{"count":0,"href":"https:\/\/www.turismoslovacchia.it\/index.php?rest_route=\/wp\/v2\/posts\/2780\/revisions"}],"wp:featuredmedia":[{"embeddable":true,"href":"https:\/\/www.turismoslovacchia.it\/index.php?rest_route=\/wp\/v2\/media\/2781"}],"wp:attachment":[{"href":"https:\/\/www.turismoslovacchia.it\/index.php?rest_route=%2Fwp%2Fv2%2Fmedia&parent=2780"}],"wp:term":[{"taxonomy":"category","embeddable":true,"href":"https:\/\/www.turismoslovacchia.it\/index.php?rest_route=%2Fwp%2Fv2%2Fcategories&post=2780"},{"taxonomy":"post_tag","embeddable":true,"href":"https:\/\/www.turismoslovacchia.it\/index.php?rest_route=%2Fwp%2Fv2%2Ftags&post=2780"}],"curies":[{"name":"wp","href":"https:\/\/api.w.org\/{rel}","templated":true}]}}