{"id":2734,"date":"2013-08-07T12:18:36","date_gmt":"2013-08-07T10:18:36","guid":{"rendered":"http:\/\/www.turismoslovacchia.it\/?p=2734"},"modified":"2015-05-15T17:20:19","modified_gmt":"2015-05-15T15:20:19","slug":"compie-150-anni-matica-slovenska-prima-organizzazione-culturale-e-scientifica-slovacca","status":"publish","type":"post","link":"https:\/\/www.turismoslovacchia.it\/?p=2734","title":{"rendered":"Compie 150 anni Matica Slovenska, prima organizzazione culturale e scientifica slovacca"},"content":{"rendered":"<p style=\"text-align: justify;\"><a href=\"http:\/\/www.turismoslovacchia.it\/?attachment_id=2735\" rel=\"attachment wp-att-2735\"><img decoding=\"async\" loading=\"lazy\" class=\"alignnone size-full wp-image-2735\" title=\"maticaslovenska_wikimedia-commons\" src=\"http:\/\/www.turismoslovacchia.it\/wp-content\/uploads\/maticaslovenska_wikimedia-commons.jpg\" alt=\"\" width=\"520\" height=\"320\" srcset=\"https:\/\/www.turismoslovacchia.it\/wp-content\/uploads\/maticaslovenska_wikimedia-commons.jpg 520w, https:\/\/www.turismoslovacchia.it\/wp-content\/uploads\/maticaslovenska_wikimedia-commons-300x185.jpg 300w, https:\/\/www.turismoslovacchia.it\/wp-content\/uploads\/maticaslovenska_wikimedia-commons-400x246.jpg 400w, https:\/\/www.turismoslovacchia.it\/wp-content\/uploads\/maticaslovenska_wikimedia-commons-100x62.jpg 100w, https:\/\/www.turismoslovacchia.it\/wp-content\/uploads\/maticaslovenska_wikimedia-commons-200x123.jpg 200w, https:\/\/www.turismoslovacchia.it\/wp-content\/uploads\/maticaslovenska_wikimedia-commons-150x92.jpg 150w\" sizes=\"(max-width: 520px) 100vw, 520px\" \/><\/a><\/p>\n<p style=\"text-align: justify;\">Matica Slovenska, la maggiore organizzazione culturale della Slovacchia, ha celebrato nel week-end a Martin il suo 150\u00b0 anniversario. L\u2019ente costituisce \u00abla prima pietra della ricerca scientifica della nostra storia e la base di tutta l\u2019educazione che ora si sviluppa nella Slovacchia indipendente\u00bb, ha sottolineato il Primo Ministro Robert Fico sabato durante le celebrazioni. Se questo \u00e8 vero, ha detto il presidente di Matica, Marian Tkac, lo Stato presto tuttavia solo pochissima attenzione all\u2019organizzazione. Non abbiamo i fondi, ha lamentato Tkac, per sostenere circa 20 sedi regionali di Matica Slovenska, e promuovere la cultura regionale e locale \u2026 con risorse destinate a vari festival. Facciamo del nostro meglio per gestire le risorse assegnateci, ha detto Tkac, che non ha mancato di ricordare come il maggior appuntamento annuale di inizio agosto, in particolare per un anniversario cos\u00ec importante, sia stato ridotto a un bilancio dimezzato rispetto alle previsioni, solo 26 mila euro. I fondi dati a Matica Slovenska, ha detto, equivalgono al reddito annuale (congiunto) dei due comici pi\u00f9 popolari della televisione pubblica RTVS.<\/p>\n<p style=\"text-align: justify;\">L\u2019istituzione culturale nazionale slovacca \u00e8 stata istituita nel 1863 con gli sforzi comuni dell\u2019\u00e9lite intellettuale slovacca per gettare le basi delle scienze e di un sistema di biblioteche e musei in tutta la Slovacchia, al tempo parte dell\u2019Impero austroungarico e soggetta alla corona d\u2019Ungheria. Oggi sovrintende a diverse strutture di ricerca, tra le quali l\u2019Archivio di Matica Slovenska, il Museo dei Connazionali, l\u2019Istituto storico slovacco, l\u2019Istituto letterario slovacco e il Centro per le relazioni etniche. Matica Slovenska pubblica giornali e riviste come il settimanale Slovenske Narodne Noviny, Slovensk\u00e9 poh\u013eady (il pi\u00f9 antico periodico di letteratura, scienze e arti in Slovacchia) e Magazin Slovensko, trimestrale dedicato agli slovacchi all\u2019estero.<\/p>\n<p style=\"text-align: justify;\">Fondata a Martin il 4 agosto 1863 (giorno ricordato a livello nazionale), Matica slovenska, il cui nome pu\u00f2 essere tradotto all\u2019incirca con \u201cMatrice slovacca\u201d, ebbe la funzione di suprema istituzione scientifica prima dell\u2019istituzione dell\u2019Accademia slovacca delle Scienze, ma prima ancora copriva non solo gli aspetti culturali ma anche quelli nazionali e patriottici, quale prodotto della stagione risorgimentale slovacca. \u00c8 nata sotto gli auspici dei maggiori intellettuali slovacchi dell\u2019epoca (\u201cpadri fondatori\u201d), tra i quali \u013dudov\u00edt \u0160t\u00far, Jozef Miloslav Hurban, Michal Miloslav Hod\u017ea, \u0160tefan Moyzes, Karol Kuzm\u00e1ny, J\u00e1n Orsz\u00e1gh e J\u00e1n Francisci-Rimavsk\u00fd, che si battevano per l\u2019indipendenza dall\u2019Ungheria, tanto che nel 1875 il Ministro ungherese degli Interni la abol\u00ec per decreto. Rinata dopo la Grande guerra (1919) in una Slovacchia divenuta parte della Cecoslovacchia, ebbe un ruolo importante nel successivo sviluppo della cultura e dell\u2019istruzione nel Paese, in particolar modo nell\u2019insegnamento e promozione della lingua slovacca. Molto popolare nel corso del secolo (anche malgrado il regime comunista, tanto che nel 1950 aveva 100 mila aderenti), ha perso un po\u2019 del suo smalto negli ultimi anni, anche se mantiene in certe comunit\u00e0 all\u2019estero (quelle dell\u2019emigrazione storica) un certo peso. Dopo il ritorno della democrazia Matica Slovenska prese posizione a favore dell\u2019indipendenza, con la separazione del 1992 da Moravia e Boemia, e in seguito si espresse in maniera negativa verso l\u2019ingresso del Paese nell\u2019Unione Europea e nella NATO. Negli ultimi anni sono sorti forti dubbi sul suo finanziamento e l\u2019amministrazione dei fondi ad essa assegnati \u2013 sia i generosi contributi dallo Stato che le altrettanto generose contribuzioni dall\u2019emigrazione pi\u00f9 ricca, quella che vive negli Stati Uniti. Tra il 1990 e il 2010 ha avuto un unico presidente, Jozef Markus, che \u00e8 stato deposto con accuse di malversazione e indagini giudiziarie pendenti. Ad oggi, tuttavia, non si \u00e8 venuti a capo di nulla.<\/p>\n<p style=\"text-align: right;\"><span style=\"color: #888888;\">Foto:\u00a0Matica Slovenska, la sede di Martin (Wikimedia Commons)<\/span><\/p>\n<div style=\"text-align: justify;\"><\/div>\n","protected":false},"excerpt":{"rendered":"<p>Matica Slovenska, la maggiore organizzazione culturale della Slovacchia, ha celebrato nel week-end a Martin il suo 150\u00b0 anniversario. L\u2019ente costituisce \u00abla prima pietra della ricerca scientifica della nostra storia e la base di tutta l\u2019educazione che ora si sviluppa nella Slovacchia indipendente\u00bb, ha sottolineato il Primo Ministro Robert Fico sabato durante le celebrazioni. Se questo [&hellip;]<\/p>\n","protected":false},"author":2,"featured_media":2735,"comment_status":"open","ping_status":"open","sticky":false,"template":"","format":"standard","meta":[],"categories":[3,1],"tags":[30,450,452,501,348,451,603,387],"aioseo_notices":[],"jetpack_featured_media_url":"https:\/\/www.turismoslovacchia.it\/wp-content\/uploads\/maticaslovenska_wikimedia-commons.jpg","jetpack_sharing_enabled":true,"jetpack-related-posts":[{"id":8655,"url":"https:\/\/www.turismoslovacchia.it\/?p=8655","url_meta":{"origin":2734,"position":0},"title":"Personalit\u00e0 e anniversari significativi: Michal Miloslav Hod\u017ea","date":"10 Agosto 2018","format":false,"excerpt":"Michal Miloslav Hod\u017ea\u00a0(Rak\u0161a,\u00a022 settembre\u00a01811\u00a0\u2013\u00a0Cieszyn,\u00a026 marzo\u00a01870) Michal Miloslav Hod\u017ea \u00e8 stato un\u00a0linguista,\u00a0poeta\u00a0e\u00a0pastore protestante\u00a0slovacco. Fu un esponente del movimento nazionale slovacco, un membro della cosiddetta \"trinit\u00e0\" insieme a\u00a0\u013dudov\u00edt \u0160t\u00far\u00a0e\u00a0Jozef Miloslav Hurban. Fra il 1832 e il\u00a01834\u00a0divenne vicepresidente della Societ\u00e0 di lingua e letteratura cecoslovacche.\u00a0Dalla seconda met\u00e0 degli\u00a0anni 30\u00a0dell\u2019800 scriveva su giornali educativi\u2026","rel":"","context":"In &quot;Articoli&quot;","img":{"alt_text":"","src":"https:\/\/i0.wp.com\/www.turismoslovacchia.it\/wp-content\/uploads\/hodza.jpg?resize=350%2C200&ssl=1","width":350,"height":200},"classes":[]},{"id":1802,"url":"https:\/\/www.turismoslovacchia.it\/?p=1802","url_meta":{"origin":2734,"position":1},"title":"A Devin nel week-end si celebrano Cirillo e Metodio","date":"26 Aprile 2013","format":false,"excerpt":"Tra gli appuntamenti del calendario dell\u2019Anno di Cirillo e Metodio segnaliamo quello di questo fine settimana a Devin (alla periferia di Bratislava). Il 27 e 28 aprile, organizzato da Matica Slovenska, si tiene una celebrazione a memoria dei due santi \u2013 quest\u2019anno in occasione del 1150\u00b0 anniversario dal loro arrivo\u2026","rel":"","context":"In &quot;Eventi&quot;","img":{"alt_text":"","src":"https:\/\/i0.wp.com\/www.turismoslovacchia.it\/wp-content\/uploads\/Cirillo-e-Metodio-Devin-foto-region-bsk.sk_.jpg?resize=350%2C200&ssl=1","width":350,"height":200},"classes":[]},{"id":8654,"url":"https:\/\/www.turismoslovacchia.it\/?p=8654","url_meta":{"origin":2734,"position":2},"title":"Personalit\u00e0 e anniversari significativi: \u013dudov\u00edt \u0160t\u00far","date":"13 Luglio 2018","format":false,"excerpt":"\u013dudov\u00edt \u0160t\u00far (Uhrovec,\u00a028 ottobre\u00a01815\u00a0\u2013\u00a0Modra,\u00a012 gennaio1856) \u00c8 stato un\u00a0linguista,\u00a0poeta\u00a0e\u00a0giornalista\u00a0slovacco. Codific\u00f2 la\u00a0lingua slovacca\u00a0secondo le parlate della\u00a0Slovacchia centrale, organizz\u00f2 i volontari slovacchi durante la sollevazione slovacca del\u00a01848\u00a0contro il\u00a0regno d'Ungheria. \u00a0Fu anche politico, editore, professore e filosofo. Aveva un'ottima conoscenza del\u00a0latino, oltre al quale conosceva anche l'ungherese, il\u00a0tedesco, il\u00a0francese, il\u00a0greco, il\u00a0polacco, il\u00a0serbocroato, il\u00a0russo\u00a0e studi\u00f2\u2026","rel":"","context":"In &quot;Articoli&quot;","img":{"alt_text":"","src":"https:\/\/i0.wp.com\/www.turismoslovacchia.it\/wp-content\/uploads\/stur1.jpg?resize=350%2C200&ssl=1","width":350,"height":200},"classes":[]},{"id":1559,"url":"https:\/\/www.turismoslovacchia.it\/?p=1559","url_meta":{"origin":2734,"position":3},"title":"In Slovacchia il \u201cpi\u00f9 romantico\u201d hotel d&#8217;Europa","date":"15 Ottobre 2012","format":false,"excerpt":"L\u2019Hotel Chateau B\u00e9la, un cinque stelle di grande charme a una manciata di chilometri da Sturovo, nel sud della Slovacchia, \u00e8 stato proclamato \u201chotel storico pi\u00f9 romantico d\u2019Europa\u201d in un concorso organizzato dall\u2019associazione Historic Hotels of Europe, organizzazione che ha sede a Parigi. La decisione \u00e8 stata presa nel corso\u2026","rel":"","context":"In &quot;Articoli&quot;","img":{"alt_text":"","src":"https:\/\/i0.wp.com\/www.turismoslovacchia.it\/wp-content\/uploads\/hotel-bela-chateau.jpg?resize=350%2C200&ssl=1","width":350,"height":200},"classes":[]},{"id":1516,"url":"https:\/\/www.turismoslovacchia.it\/?p=1516","url_meta":{"origin":2734,"position":4},"title":"Bratislava Music Festival 2012, si inizia con la superstar del violino Sarah Chang","date":"27 Settembre 2012","format":false,"excerpt":"Si apre domani con il Concerto per violino e orchestra op.77 di Johannes Brahms, eseguito dalla Slovensk\u00e1 filharm\u00f3nia diretta da Emmanuel Villaume, l'edizione numero 48 del Bratislava Music Festival (BHF), il festival di musica classica pi\u00f9 longevo in Slovacchia, e uno dei pi\u00f9 rinomati nell\u2019Europa Centrale. A dominare la scena\u2026","rel":"","context":"In &quot;Eventi&quot;","img":{"alt_text":"","src":"https:\/\/i0.wp.com\/www.turismoslovacchia.it\/wp-content\/uploads\/Filharmonia-foto_stv-sk.jpg?resize=350%2C200&ssl=1","width":350,"height":200},"classes":[]},{"id":9354,"url":"https:\/\/www.turismoslovacchia.it\/?p=9354","url_meta":{"origin":2734,"position":5},"title":"Cookin\u2019Tour Slovacchia, a Torino una cena con le tipicit\u00e0 gastronomiche slovacche","date":"23 Novembre 2019","format":false,"excerpt":"Gioved\u00ec 28 novembre 2019 a\u00a0Torino,\u00a0nell\u2019ambito del progetto Cookin\u2019Factory di Claudia Fraschini, si terr\u00e0 una\u00a0serata tematica dedicata alla Slovacchia\u00a0con la\u00a0presentazione delle tradizioni culturali\u00a0del paese centroeuropeo e\u00a0tante specialit\u00e0 culinarie.\u00a0La serata, patrocinata dall\u2019Ambasciata della Repubblica Slovacca in Italia e dall\u2019Istituto Slovacco a Roma, \u00e8 organizzata\u00a0dall\u2019associazione dei connazionali slovacchi a\u00a0Torino \u201eMY@VY \u2013 Priatelia Slovenska\u201c\u00a0con\u2026","rel":"","context":"In &quot;Articoli&quot;","img":{"alt_text":"","src":"https:\/\/i0.wp.com\/www.turismoslovacchia.it\/wp-content\/uploads\/cookingtorinoSVK.jpg?resize=350%2C200&ssl=1","width":350,"height":200},"classes":[]}],"jetpack_shortlink":"https:\/\/wp.me\/p1oiY9-I6","_links":{"self":[{"href":"https:\/\/www.turismoslovacchia.it\/index.php?rest_route=\/wp\/v2\/posts\/2734"}],"collection":[{"href":"https:\/\/www.turismoslovacchia.it\/index.php?rest_route=\/wp\/v2\/posts"}],"about":[{"href":"https:\/\/www.turismoslovacchia.it\/index.php?rest_route=\/wp\/v2\/types\/post"}],"author":[{"embeddable":true,"href":"https:\/\/www.turismoslovacchia.it\/index.php?rest_route=\/wp\/v2\/users\/2"}],"replies":[{"embeddable":true,"href":"https:\/\/www.turismoslovacchia.it\/index.php?rest_route=%2Fwp%2Fv2%2Fcomments&post=2734"}],"version-history":[{"count":0,"href":"https:\/\/www.turismoslovacchia.it\/index.php?rest_route=\/wp\/v2\/posts\/2734\/revisions"}],"wp:featuredmedia":[{"embeddable":true,"href":"https:\/\/www.turismoslovacchia.it\/index.php?rest_route=\/wp\/v2\/media\/2735"}],"wp:attachment":[{"href":"https:\/\/www.turismoslovacchia.it\/index.php?rest_route=%2Fwp%2Fv2%2Fmedia&parent=2734"}],"wp:term":[{"taxonomy":"category","embeddable":true,"href":"https:\/\/www.turismoslovacchia.it\/index.php?rest_route=%2Fwp%2Fv2%2Fcategories&post=2734"},{"taxonomy":"post_tag","embeddable":true,"href":"https:\/\/www.turismoslovacchia.it\/index.php?rest_route=%2Fwp%2Fv2%2Ftags&post=2734"}],"curies":[{"name":"wp","href":"https:\/\/api.w.org\/{rel}","templated":true}]}}