{"id":2337,"date":"2013-09-08T13:30:46","date_gmt":"2013-09-08T11:30:46","guid":{"rendered":"http:\/\/www.turismoslovacchia.it\/?p=2337"},"modified":"2015-05-15T17:19:23","modified_gmt":"2015-05-15T15:19:23","slug":"kosice-lo-street-art-communication-festival-2013","status":"publish","type":"post","link":"https:\/\/www.turismoslovacchia.it\/?p=2337","title":{"rendered":"Ko\u0161ice, lo Street Art Communication Festival 2013 (gallery)"},"content":{"rendered":"<p style=\"text-align: justify;\"><a href=\"http:\/\/www.turismoslovacchia.it\/?attachment_id=2346\" rel=\"attachment wp-att-2346\"><img decoding=\"async\" loading=\"lazy\" class=\"alignnone size-full wp-image-2346\" title=\"kosicestreetart\" src=\"http:\/\/www.turismoslovacchia.it\/wp-content\/uploads\/kosicestreetart.jpg\" alt=\"\" width=\"520\" height=\"320\" srcset=\"https:\/\/www.turismoslovacchia.it\/wp-content\/uploads\/kosicestreetart.jpg 520w, https:\/\/www.turismoslovacchia.it\/wp-content\/uploads\/kosicestreetart-300x185.jpg 300w, https:\/\/www.turismoslovacchia.it\/wp-content\/uploads\/kosicestreetart-400x246.jpg 400w, https:\/\/www.turismoslovacchia.it\/wp-content\/uploads\/kosicestreetart-100x62.jpg 100w, https:\/\/www.turismoslovacchia.it\/wp-content\/uploads\/kosicestreetart-200x123.jpg 200w, https:\/\/www.turismoslovacchia.it\/wp-content\/uploads\/kosicestreetart-150x92.jpg 150w\" sizes=\"(max-width: 520px) 100vw, 520px\" \/><\/a><\/p>\n<p style=\"text-align: justify;\"><span style=\"color: #000000; font-family: verdana, arial, sans-serif; font-size: 14px; text-align: justify; background-color: #ffffff;\">S<\/span><span style=\"color: #000000; font-family: verdana, arial, sans-serif; font-size: 14px; text-align: justify; background-color: #ffffff;\">i \u00e8 tenuto a Ko\u0161ice nella terza settimana di agosto lo Street Art Communication Festival, un appuntamento per artisti internazionali di street-art, in particolare del murales di grandi dimensioni. Proponiamo qui, tratti dal sito ilgorgo.com, i lavori pi\u00f9 interessanti realizzati su enormi pareti vuote di edifici cittadini da alcuni dei migliori graffitisti del settore<\/span><span style=\"color: #000000; font-family: verdana, arial, sans-serif; font-size: 14px; text-align: justify; background-color: #ffffff;\">.<\/span><\/p>\n<p style=\"margin: 1em 0px; padding: 0px; color: #000000; font-family: verdana, arial, sans-serif; font-size: 14px; background-color: #ffffff; text-align: justify;\">Si parte con <a href=\"http:\/\/proch.madkittens.pl\/\" target=\"_blank\">Robert \u2018Tone\u2019 Proch<\/a> e <a href=\"http:\/\/chazme718.blogspot.com\/\" target=\"_blank\">Chazme<\/a>, entrambi polacchi, che hanno unito gli sforzi per dare vita ad una delle facciate tra le migliori fin qui viste in questa parte dell\u2019anno e non solo. Robert Proch e Chazme danno ampio sfogo a tutto il loro repertorio, i due artisti riescono nell\u2019intento di trattare una superficie di queste dimensione come una grande tela sulla quale potersi esprimere, per questa collaborazione pescano in tutte le direzioni offrendoci un bella infornata di spunti e tematiche differenti.<\/p>\n<p style=\"margin: 1em 0px; padding: 0px; color: #000000; font-family: verdana, arial, sans-serif; font-size: 14px; background-color: #ffffff; text-align: justify;\">Il lavoro \u00e8 immerso in un moto perpetuo, la torre centrale sembra ruotare su se stessa e gli stessi uomini accovacciati danno l\u2019impressione di muoversi, la componente astratta \u00e8 chiaramente molto visibile specialmente nella parte centrale ed in quella in background ma qui anzich\u00e9 staccarsi va ad amalgamarsi al meglio con la parte figurativa realizzata da Robert Proch in un perfetto connubio visivo d\u2019intenti. I character dipinti assumono le sembianze di grandi entit\u00e0, quasi abbandonate a se stesse all\u2019interno dell\u2019opera che ne intacca il colore, le forme, creando vere e proprie intermittenze con figure pi\u00f9 o meno piccole che ne compongono i corpi, proprio qui una forte dose di tinte scure, giochi di luce e tonalit\u00e0 vengono sfruttate per rimarcarne la presenza.<\/p>\n<p style=\"margin: 1em 0px; padding: 0px; color: #000000; font-family: verdana, arial, sans-serif; font-size: 14px; background-color: #ffffff; text-align: justify;\">Proch e Chazme con questo risultato finale danno vita ad un opera complessa, dettagliata e minuziosa, tridimensionale nel suo movimento e profonda nei suoi giochi di colore, infine umana grazie alle espressioni dei malcapitati giocatori al tavolo e dal sorriso divertito del vincitore che permeano ed invadono i nostri pensieri.<\/p>\n<p style=\"margin: 1em 0px; padding: 0px; color: #000000; font-family: verdana, arial, sans-serif; font-size: 14px; background-color: #ffffff; text-align: justify;\">Di seguito: <strong>Robert Proch<\/strong> e <strong>Chazme<\/strong>, Ko\u0161ice (clicca per zoomare)<\/p>\n<p style=\"margin: 1em 0px; padding: 0px; color: #000000; font-family: verdana, arial, sans-serif; font-size: 14px; background-color: #ffffff; text-align: justify;\"><a style=\"color: #365da0; font-weight: bold; text-decoration: none;\" href=\"http:\/\/ilgorgo.com\/wp-content\/uploads\/2013\/08\/robert-proch-chazme-new-mural-in-kosice-slovakia-01.jpg\" data-rel=\"lightbox-gallery-0g0TLE6a\" data-rl_title=\"\" data-rl_caption=\"\" title=\"\"><img decoding=\"async\" loading=\"lazy\" class=\"alignnone\" style=\"border: 1px solid #dddddd; padding: 5px; background-color: #f3f3f3; border-top-left-radius: 3px; border-top-right-radius: 3px; border-bottom-right-radius: 3px; border-bottom-left-radius: 3px;\" src=\"http:\/\/ilgorgo.com\/wp-content\/uploads\/2013\/08\/robert-proch-chazme-new-mural-in-kosice-slovakia-01.jpg\" alt=\"\" width=\"520\" height=\"340\" \/><\/a><\/p>\n<p style=\"margin: 1em 0px; padding: 0px; color: #000000; font-family: verdana, arial, sans-serif; font-size: 14px; background-color: #ffffff; text-align: justify;\"><a style=\"color: #365da0; font-weight: bold; text-decoration: none;\" href=\"http:\/\/ilgorgo.com\/wp-content\/uploads\/2013\/08\/robert-proch-chazme-new-mural-in-kosice-slovakia-09.jpg\" data-rel=\"lightbox-gallery-0g0TLE6a\" data-rl_title=\"\" data-rl_caption=\"\" title=\"\"><img decoding=\"async\" loading=\"lazy\" class=\"alignnone\" style=\"border: 1px solid #dddddd; padding: 5px; background-color: #f3f3f3; border-top-left-radius: 3px; border-top-right-radius: 3px; border-bottom-right-radius: 3px; border-bottom-left-radius: 3px;\" src=\"http:\/\/ilgorgo.com\/wp-content\/uploads\/2013\/08\/robert-proch-chazme-new-mural-in-kosice-slovakia-09.jpg\" alt=\"\" width=\"520\" height=\"340\" \/><\/a><\/p>\n<p style=\"margin: 1em 0px; padding: 0px; color: #000000; font-family: verdana, arial, sans-serif; font-size: 14px; background-color: #ffffff; text-align: justify;\"><a href=\"https:\/\/fbcdn-sphotos-a-a.akamaihd.net\/hphotos-ak-prn2\/1243058_553879407992939_1755737250_o.jpg\" data-rel=\"lightbox-gallery-0g0TLE6a\" data-rl_title=\"\" data-rl_caption=\"\" title=\"\"><img decoding=\"async\" loading=\"lazy\" class=\"alignnone\" src=\"https:\/\/fbcdn-sphotos-a-a.akamaihd.net\/hphotos-ak-prn2\/1243058_553879407992939_1755737250_o.jpg\" alt=\"\" width=\"520\" height=\"780\" \/><\/a><\/p>\n<p style=\"margin: 1em 0px; padding: 0px; color: #000000; font-family: verdana, arial, sans-serif; font-size: 14px; background-color: #ffffff; text-align: justify;\"><a style=\"color: #365da0; font-weight: bold; text-decoration: none;\" href=\"http:\/\/ilgorgo.com\/wp-content\/uploads\/2013\/08\/robert-proch-chazme-new-mural-in-kosice-slovakia-03.jpg\" data-rel=\"lightbox-gallery-0g0TLE6a\" data-rl_title=\"\" data-rl_caption=\"\" title=\"\"><img decoding=\"async\" loading=\"lazy\" class=\"alignnone\" style=\"border: 1px solid #dddddd; padding: 5px; background-color: #f3f3f3; border-top-left-radius: 3px; border-top-right-radius: 3px; border-bottom-right-radius: 3px; border-bottom-left-radius: 3px;\" src=\"http:\/\/ilgorgo.com\/wp-content\/uploads\/2013\/08\/robert-proch-chazme-new-mural-in-kosice-slovakia-03.jpg\" alt=\"\" width=\"520\" height=\"340\" \/><\/a><\/p>\n<p style=\"margin: 1em 0px; padding: 0px; color: #000000; font-family: verdana, arial, sans-serif; font-size: 14px; background-color: #ffffff; text-align: justify;\">C\u2019\u00e8 da stropicciarsi gli occhi guardando l\u2019ultima meraviglia firmata <a href=\"http:\/\/www.tumblr.com\/tagged\/pener\" target=\"_blank\">Pener<\/a> e <a href=\"http:\/\/www.etamcru.com\/\" target=\"_blank\">Betz<\/a>, i due grandi artisti sono stati invitati a dipingere una grandissima parete di circa 10 piani per il Street Art Comunication Festival che si arricchisce cos\u00ec, dopo la bomba firmata Robert Proch e Chazme, di un altro lavoro di assoluto spessore. Da quello che stiamo vedendo il Festival sta portando avanti una tematica principale figlia dell\u2019unione di stili fortemente figurativi con componenti astratte, ecco perch\u00e9 la scelta di affidare a due star come Pener, con le sue geometrie, e Betz del duo Etam Cru, con i suoi delicati lavori figurativi, il successo di questo gigantesco spazio ci sembra assolutamente azzeccata. Con uno spazio di proporzioni epiche i due artisti conciliano gli sforzi tentando e trovandolo un equilibrio tematico, nella parte centrale del lavoro, letteralmente appoggiata, al limite del sospeso, sulla superficie si snoda il corpo di una fanciulla abito rosso e capelli blu, la stessa viene letteralmente trapassata da un corpo astratto, un velo che riprende gli stessi pigmenti, un taglio netto che parte dall\u2019alto, si interseca e si sviluppa infine nella parte finale. Nella parte centrale infine si scatena un intricatissimo groviglio metafisico, \u00e8 il cuore stesso dell\u2019opera, occhi puntati sulla donna che tiene in mano quello che \u00e8 un corpo di un uccello, ormai ridotto in scaglie fisiche che ne smembrano la figura per riconciliarsi con il grande fascio di colore, \u00e8 un ultimo tentativo di guarigione, estremo e disperato, ammirate \u201cThe Healer\u201d. Il risultato finale \u00e8 un\u2019opera a met\u00e0 sospesa tra il mondo reale e quello immaginato, un caledoscopio di dettagli ed emozioni raccolti all\u2019interno di un ventaglio di colori, linee, configurazioni e forme del mondo terreno, splendido.<\/p>\n<p style=\"margin: 1em 0px; padding: 0px; color: #000000; font-family: verdana, arial, sans-serif; font-size: 14px; background-color: #ffffff; text-align: justify;\">Di seguito: <strong>Pener<\/strong> e <strong>Betz<\/strong>, <strong>The Healer<\/strong>, Ko\u0161ice (clicca per zoomare)<\/p>\n<p style=\"margin: 1em 0px; padding: 0px; color: #000000; font-family: verdana, arial, sans-serif; font-size: 14px; background-color: #ffffff; text-align: justify;\"><a style=\"color: #365da0; font-weight: bold; text-decoration: none;\" href=\"http:\/\/ilgorgo.com\/wp-content\/uploads\/2013\/08\/pener-betz-new-mural-in-kosice-slovakia-01.jpg\" data-rel=\"lightbox-gallery-0g0TLE6a\" data-rl_title=\"\" data-rl_caption=\"\" title=\"\"><img decoding=\"async\" loading=\"lazy\" class=\"alignnone\" style=\"border: 1px solid #dddddd; padding: 5px; background-color: #f3f3f3; border-top-left-radius: 3px; border-top-right-radius: 3px; border-bottom-right-radius: 3px; border-bottom-left-radius: 3px;\" src=\"http:\/\/ilgorgo.com\/wp-content\/uploads\/2013\/08\/pener-betz-new-mural-in-kosice-slovakia-01.jpg\" alt=\"\" width=\"520\" height=\"385\" \/><\/a><\/p>\n<p style=\"margin: 1em 0px; padding: 0px; color: #000000; font-family: verdana, arial, sans-serif; font-size: 14px; background-color: #ffffff; text-align: justify;\"><a href=\"https:\/\/fbcdn-sphotos-g-a.akamaihd.net\/hphotos-ak-ash3\/1275106_555222281191985_1062773402_o.jpg\" data-rel=\"lightbox-gallery-0g0TLE6a\" data-rl_title=\"\" data-rl_caption=\"\" title=\"\"><img decoding=\"async\" loading=\"lazy\" src=\"https:\/\/fbcdn-sphotos-g-a.akamaihd.net\/hphotos-ak-ash3\/1275106_555222281191985_1062773402_o.jpg\" alt=\"Ko\u0161ice, Street Art Communication Festival 2013\" width=\"520\" height=\"340\" \/><\/a><\/p>\n<p style=\"margin: 1em 0px; padding: 0px; color: #000000; font-family: verdana, arial, sans-serif; font-size: 14px; background-color: #ffffff; text-align: justify;\"><a style=\"color: #365da0; font-weight: bold; text-decoration: none;\" href=\"http:\/\/ilgorgo.com\/wp-content\/uploads\/2013\/08\/pener-betz-new-mural-in-kosice-slovakia-03.jpg\" data-rel=\"lightbox-gallery-0g0TLE6a\" data-rl_title=\"\" data-rl_caption=\"\" title=\"\"><img decoding=\"async\" loading=\"lazy\" class=\"alignnone\" style=\"border: 1px solid #dddddd; padding: 5px; background-color: #f3f3f3; border-top-left-radius: 3px; border-top-right-radius: 3px; border-bottom-right-radius: 3px; border-bottom-left-radius: 3px;\" src=\"http:\/\/ilgorgo.com\/wp-content\/uploads\/2013\/08\/pener-betz-new-mural-in-kosice-slovakia-03.jpg\" alt=\"\" width=\"520\" height=\"810\" \/><\/a><\/p>\n<p style=\"margin: 1em 0px; padding: 0px; color: #000000; font-family: verdana, arial, sans-serif; font-size: 14px; background-color: #ffffff; text-align: justify;\"><a style=\"color: #365da0; font-weight: bold; text-decoration: none;\" href=\"http:\/\/ilgorgo.com\/wp-content\/uploads\/2013\/08\/pener-betz-new-mural-in-kosice-slovakia-05.jpg\" data-rel=\"lightbox-gallery-0g0TLE6a\" data-rl_title=\"\" data-rl_caption=\"\" title=\"\"><img decoding=\"async\" loading=\"lazy\" class=\"alignnone\" style=\"border: 1px solid #dddddd; padding: 5px; background-color: #f3f3f3; border-top-left-radius: 3px; border-top-right-radius: 3px; border-bottom-right-radius: 3px; border-bottom-left-radius: 3px;\" src=\"http:\/\/ilgorgo.com\/wp-content\/uploads\/2013\/08\/pener-betz-new-mural-in-kosice-slovakia-05.jpg\" alt=\"\" width=\"520\" height=\"340\" \/><\/a><\/p>\n<p style=\"margin: 1em 0px; padding: 0px; color: #000000; font-family: verdana, arial, sans-serif; font-size: 14px; background-color: #ffffff; text-align: justify;\"><a style=\"color: #365da0; font-weight: bold; text-decoration: none;\" href=\"http:\/\/ilgorgo.com\/wp-content\/uploads\/2013\/08\/pener-betz-new-mural-in-kosice-slovakia-07.jpg\" data-rel=\"lightbox-gallery-0g0TLE6a\" data-rl_title=\"\" data-rl_caption=\"\" title=\"\"><img decoding=\"async\" loading=\"lazy\" class=\"alignnone\" style=\"border: 1px solid #dddddd; padding: 5px; background-color: #f3f3f3; border-top-left-radius: 3px; border-top-right-radius: 3px; border-bottom-right-radius: 3px; border-bottom-left-radius: 3px;\" src=\"http:\/\/ilgorgo.com\/wp-content\/uploads\/2013\/08\/pener-betz-new-mural-in-kosice-slovakia-07.jpg\" alt=\"\" width=\"520\" height=\"340\" \/><\/a><\/p>\n<p style=\"margin: 1em 0px; padding: 0px; color: #000000; font-family: verdana, arial, sans-serif; font-size: 14px; background-color: #ffffff; text-align: justify;\"><a style=\"color: #365da0; font-weight: bold; text-decoration: none;\" href=\"http:\/\/ilgorgo.com\/wp-content\/uploads\/2013\/08\/pener-betz-new-mural-in-kosice-slovakia-08.jpg\" data-rel=\"lightbox-gallery-0g0TLE6a\" data-rl_title=\"\" data-rl_caption=\"\" title=\"\"><img decoding=\"async\" loading=\"lazy\" class=\"alignnone\" style=\"border: 1px solid #dddddd; padding: 5px; background-color: #f3f3f3; border-top-left-radius: 3px; border-top-right-radius: 3px; border-bottom-right-radius: 3px; border-bottom-left-radius: 3px;\" src=\"http:\/\/ilgorgo.com\/wp-content\/uploads\/2013\/08\/pener-betz-new-mural-in-kosice-slovakia-08.jpg\" alt=\"\" width=\"520\" height=\"350\" \/><\/a><\/p>\n<p style=\"margin: 1em 0px; padding: 0px; color: #000000; font-family: verdana, arial, sans-serif; font-size: 14px; background-color: #ffffff; text-align: justify;\">Proseguiamo il nostro coverage sui lavori realizzati in Slovacchia, tra le magie di Ko\u0161ice\u00a0e del suo eccellente Street Art Comunication Festival infatti c\u2019\u00e8 l\u2019ultima meraviglia firmata <a href=\"https:\/\/www.facebook.com\/INTI.INTI.INTI\" target=\"_blank\">INTI<\/a>, una gigantesca parete interamente coperta dall\u2019artista con il suo inconfondibile stile. Attraverso un immaginario che riprende la cultura e la tradizione sud americana, in particolare quella del suo paese il Cile, INTI ne unisce le peculiarit\u00e0 visive avvicinandole a concetti moderni, il risultato sono personaggi bizzarri nella loro forma, nei loro abiti e nel loro particolare stile, il tutto infine viene elevato con l\u2019utilizzo di colori accesi e belli carichi, giochi di ombre e gradazioni cromatiche, in un carnevale di dettagli. Dopo un periodo di pulizia generale, tornano per la rassegna slovacca i bei giochi di forme e configurazioni dove direttamente sopra la figura proposta vanno a collocarsi scritte e simboli come se si trattasse di un opera su pi\u00f9 livelli e che nell\u2019effetto finale vanno letteralmente a fondersi con la pelle e gli ornamenti del suo character proposto, l\u2019effetto finale \u00e8 quello di uno scarabocchio che copre pi\u00f9 parti dell\u2019opera, come se un bambino armato di pennarello si sia divertito a scarabocchiarci sopra. Il risultato finale \u00e8 quindi un opera bella densa di dettagli, segni, simboli e texture, INTI non si risparmia ed anzi ci regala un lavoro carichissimo dal punto di vista stilistico che potete apprezzare al meglio attraverso la bella selezione di scatti in galleria, enjoy it.<\/p>\n<p style=\"margin: 1em 0px; padding: 0px; color: #000000; font-family: verdana, arial, sans-serif; font-size: 14px; background-color: #ffffff; text-align: justify;\">Di seguito: <strong>INTI<\/strong>, Ko\u0161ice (clicca per zoomare)<\/p>\n<p style=\"margin: 1em 0px; padding: 0px; color: #000000; font-family: verdana, arial, sans-serif; font-size: 14px; background-color: #ffffff; text-align: justify;\"><img decoding=\"async\" loading=\"lazy\" class=\"alignnone\" style=\"border: 1px solid #dddddd; padding: 5px; background-color: #f3f3f3; border-top-left-radius: 3px; border-top-right-radius: 3px; border-bottom-right-radius: 3px; border-bottom-left-radius: 3px;\" src=\"http:\/\/ilgorgo.com\/wp-content\/uploads\/2013\/08\/inti-new-mural-in-kosice-slovakia-01.jpg\" alt=\"\" width=\"520\" height=\"815\" \/><\/p>\n<p style=\"margin: 1em 0px; padding: 0px; color: #000000; font-family: verdana, arial, sans-serif; font-size: 14px; background-color: #ffffff; text-align: justify;\"><a style=\"color: #365da0; font-weight: bold; text-decoration: none;\" href=\"http:\/\/ilgorgo.com\/wp-content\/uploads\/2013\/08\/inti-new-mural-in-kosice-slovakia-03.jpg\" data-rel=\"lightbox-gallery-0g0TLE6a\" data-rl_title=\"\" data-rl_caption=\"\" title=\"\"><img decoding=\"async\" loading=\"lazy\" class=\"alignnone\" style=\"border: 1px solid #dddddd; padding: 5px; background-color: #f3f3f3; border-top-left-radius: 3px; border-top-right-radius: 3px; border-bottom-right-radius: 3px; border-bottom-left-radius: 3px;\" src=\"http:\/\/ilgorgo.com\/wp-content\/uploads\/2013\/08\/inti-new-mural-in-kosice-slovakia-03.jpg\" alt=\"\" width=\"520\" height=\"580\" \/><\/a><\/p>\n<p style=\"margin: 1em 0px; padding: 0px; color: #000000; font-family: verdana, arial, sans-serif; font-size: 14px; background-color: #ffffff; text-align: justify;\"><a style=\"color: #365da0; font-weight: bold; text-decoration: none;\" href=\"http:\/\/ilgorgo.com\/wp-content\/uploads\/2013\/08\/inti-new-mural-in-kosice-slovakia-04.jpg\" data-rel=\"lightbox-gallery-0g0TLE6a\" data-rl_title=\"\" data-rl_caption=\"\" title=\"\"><img decoding=\"async\" loading=\"lazy\" class=\"alignnone\" style=\"border: 1px solid #dddddd; padding: 5px; background-color: #f3f3f3; border-top-left-radius: 3px; border-top-right-radius: 3px; border-bottom-right-radius: 3px; border-bottom-left-radius: 3px;\" src=\"http:\/\/ilgorgo.com\/wp-content\/uploads\/2013\/08\/inti-new-mural-in-kosice-slovakia-04.jpg\" alt=\"\" width=\"520\" height=\"340\" \/><\/a><\/p>\n<p style=\"margin: 1em 0px; padding: 0px; color: #000000; font-family: verdana, arial, sans-serif; font-size: 14px; background-color: #ffffff; text-align: justify;\"><a style=\"color: #365da0; font-weight: bold; text-decoration: none;\" href=\"http:\/\/ilgorgo.com\/wp-content\/uploads\/2013\/08\/inti-new-mural-in-kosice-slovakia-05.jpg\" data-rel=\"lightbox-gallery-0g0TLE6a\" data-rl_title=\"\" data-rl_caption=\"\" title=\"\"><img decoding=\"async\" loading=\"lazy\" class=\"alignnone\" style=\"border: 1px solid #dddddd; padding: 5px; background-color: #f3f3f3; border-top-left-radius: 3px; border-top-right-radius: 3px; border-bottom-right-radius: 3px; border-bottom-left-radius: 3px;\" src=\"http:\/\/ilgorgo.com\/wp-content\/uploads\/2013\/08\/inti-new-mural-in-kosice-slovakia-05.jpg\" alt=\"\" width=\"520\" height=\"810\" \/><\/a><\/p>\n<p style=\"margin: 1em 0px; padding: 0px; color: #000000; font-family: verdana, arial, sans-serif; font-size: 14px; background-color: #ffffff; text-align: justify;\">Uno dei Festival che sta maggiormente catalizzando la nostra attenzione in questa fine estate \u00e8 senza dubbio il Street Art Comunication Festival di Ko\u0161ice\u00a0in Slovacchia che ha messo a disposizione le grandissime pareti cittadine facendole dipingere da un azzeccatissimo mix di artisti con forti influenze astratte e maestri del tratto figurativo. Il risultato di questa interessante scelta tematica \u00e8 un festival ricchissimo di opere mozzafiato che ci hanno fatto pi\u00f9 di una volta spalancare la bocca ed emozionare grazie alla grande energia delle eccellenti opere dipinte, ultima in ordine di tempo la combo tra <a href=\"http:\/\/graffuturism.com\/tag\/proembrion\/\" target=\"_blank\">Proembrion<\/a> e <a href=\"http:\/\/sepeusz.blogspot.com\/\" target=\"_blank\">Sepe<\/a>. Come detto la tematica principe del festival invade anche quest\u2019ultima realizzazione, troviamo infatti l\u2019ennesima forte interazione tra i character di Sepe e la forte inclinazione astratta di Proembrion, in un lavoro che prende il titolo di \u201cImpact\u201d. Sulla grande tela a disposizione i due interpreti mettono in atto una combinazione pi\u00f9 che riuscita, Sepe d\u00e0 vita ad una serie di personaggi surreali dal forte carattere illustrativo toccando in parte anche le influenze comics, l\u2019artista li realizza proporzionati con un corpo decisamente pi\u00f9 grande di braccia gambe e testa, essi si muovono in gruppo tentando di scoprire cosi sia la grande figura alla loro sinistra. Proprio qui si scatena Proembrion, l\u2019interprete prosegue il suo filone astratto portando al limite i colori e la visione generale dell\u2019opera, appaiono cos\u00ec le sue consuete distorsioni sia dimensionali che cromatiche con gli stessi colori che diventano grandi forme pixellose, i forti intrecci fanno letteralmente da guscio alla grande forma illuminandone le interiora, offrendoci un risultato finale assolutamente entusiasmante. Proembrion e Sepe ci hanno davvero consegnato un\u2019opera immensa, vi consigliamo quindi di dare uno sguardo alle immagini, potete scoprire e vedere da vicino tutti i dettagli immessi nel pezzo ed apprezzarne al meglio tutto le mille sfaccettature.<\/p>\n<p style=\"margin: 1em 0px; padding: 0px; color: #000000; font-family: verdana, arial, sans-serif; font-size: 14px; background-color: #ffffff; text-align: justify;\">Di seguito: <strong>Proembrion<\/strong> e <strong>Sepe<\/strong>, <strong>Impact<\/strong>, Ko\u0161ice (clicca per zoomare)<\/p>\n<p style=\"margin: 1em 0px; padding: 0px; color: #000000; font-family: verdana, arial, sans-serif; font-size: 14px; background-color: #ffffff; text-align: justify;\"><a style=\"color: #365da0; font-weight: bold; text-decoration: none;\" href=\"http:\/\/ilgorgo.com\/wp-content\/uploads\/2013\/09\/roem-sepe-new-mural-in-kosice-slovakia-08.jpg\" data-rel=\"lightbox-gallery-0g0TLE6a\" data-rl_title=\"\" data-rl_caption=\"\" title=\"\"><img decoding=\"async\" loading=\"lazy\" class=\"alignnone\" style=\"border: 1px solid #dddddd; padding: 5px; background-color: #f3f3f3; border-top-left-radius: 3px; border-top-right-radius: 3px; border-bottom-right-radius: 3px; border-bottom-left-radius: 3px;\" src=\"http:\/\/ilgorgo.com\/wp-content\/uploads\/2013\/09\/roem-sepe-new-mural-in-kosice-slovakia-08.jpg\" alt=\"\" width=\"520\" height=\"340\" \/><\/a><\/p>\n<p style=\"margin: 1em 0px; padding: 0px; color: #000000; font-family: verdana, arial, sans-serif; font-size: 14px; background-color: #ffffff; text-align: justify;\"><a style=\"color: #365da0; font-weight: bold; text-decoration: none;\" href=\"http:\/\/ilgorgo.com\/wp-content\/uploads\/2013\/09\/roem-sepe-new-mural-in-kosice-slovakia-01.jpg\" data-rel=\"lightbox-gallery-0g0TLE6a\" data-rl_title=\"\" data-rl_caption=\"\" title=\"\"><img decoding=\"async\" loading=\"lazy\" class=\"alignnone\" style=\"border: 1px solid #dddddd; padding: 5px; background-color: #f3f3f3; border-top-left-radius: 3px; border-top-right-radius: 3px; border-bottom-right-radius: 3px; border-bottom-left-radius: 3px;\" src=\"http:\/\/ilgorgo.com\/wp-content\/uploads\/2013\/09\/roem-sepe-new-mural-in-kosice-slovakia-01.jpg\" alt=\"\" width=\"520\" height=\"370\" \/><\/a><\/p>\n<p style=\"margin: 1em 0px; padding: 0px; color: #000000; font-family: verdana, arial, sans-serif; font-size: 14px; background-color: #ffffff; text-align: justify;\"><a style=\"color: #365da0; font-weight: bold; text-decoration: none;\" href=\"http:\/\/ilgorgo.com\/wp-content\/uploads\/2013\/09\/roem-sepe-new-mural-in-kosice-slovakia-05.jpg\" data-rel=\"lightbox-gallery-0g0TLE6a\" data-rl_title=\"\" data-rl_caption=\"\" title=\"\"><img decoding=\"async\" loading=\"lazy\" class=\"alignnone\" style=\"border: 1px solid #dddddd; padding: 5px; background-color: #f3f3f3; border-top-left-radius: 3px; border-top-right-radius: 3px; border-bottom-right-radius: 3px; border-bottom-left-radius: 3px;\" src=\"http:\/\/ilgorgo.com\/wp-content\/uploads\/2013\/09\/roem-sepe-new-mural-in-kosice-slovakia-05.jpg\" alt=\"\" width=\"520\" height=\"340\" \/><\/a><\/p>\n<p style=\"margin: 1em 0px; padding: 0px; color: #000000; font-family: verdana, arial, sans-serif; font-size: 14px; background-color: #ffffff; text-align: justify;\"><a style=\"color: #365da0; font-weight: bold; text-decoration: none;\" href=\"http:\/\/ilgorgo.com\/wp-content\/uploads\/2013\/09\/roem-sepe-new-mural-in-kosice-slovakia-03.jpg\" data-rel=\"lightbox-gallery-0g0TLE6a\" data-rl_title=\"\" data-rl_caption=\"\" title=\"\"><img decoding=\"async\" loading=\"lazy\" class=\"alignnone\" style=\"border: 1px solid #dddddd; padding: 5px; background-color: #f3f3f3; border-top-left-radius: 3px; border-top-right-radius: 3px; border-bottom-right-radius: 3px; border-bottom-left-radius: 3px;\" src=\"http:\/\/ilgorgo.com\/wp-content\/uploads\/2013\/09\/roem-sepe-new-mural-in-kosice-slovakia-03.jpg\" alt=\"\" width=\"520\" height=\"620\" \/><\/a><\/p>\n<p style=\"margin: 1em 0px; padding: 0px; color: #000000; font-family: verdana, arial, sans-serif; font-size: 14px; background-color: #ffffff; text-align: justify;\"><a style=\"color: #365da0; font-weight: bold; text-decoration: none;\" href=\"http:\/\/ilgorgo.com\/wp-content\/uploads\/2013\/09\/roem-sepe-new-mural-in-kosice-slovakia-04.jpg\" data-rel=\"lightbox-gallery-0g0TLE6a\" data-rl_title=\"\" data-rl_caption=\"\" title=\"\"><img decoding=\"async\" loading=\"lazy\" class=\"alignnone\" style=\"border: 1px solid #dddddd; padding: 5px; background-color: #f3f3f3; border-top-left-radius: 3px; border-top-right-radius: 3px; border-bottom-right-radius: 3px; border-bottom-left-radius: 3px;\" src=\"http:\/\/ilgorgo.com\/wp-content\/uploads\/2013\/09\/roem-sepe-new-mural-in-kosice-slovakia-04.jpg\" alt=\"\" width=\"520\" height=\"810\" \/><\/a><\/p>\n<p style=\"margin: 1em 0px; padding: 0px; color: #000000; font-family: verdana, arial, sans-serif; font-size: 14px; background-color: #ffffff; text-align: justify;\"><a href=\"https:\/\/fbcdn-sphotos-g-a.akamaihd.net\/hphotos-ak-ash3\/1116246_553535734693973_839083213_o.jpg\" data-rel=\"lightbox-gallery-0g0TLE6a\" data-rl_title=\"\" data-rl_caption=\"\" title=\"\"><img decoding=\"async\" loading=\"lazy\" class=\"alignnone\" src=\"https:\/\/fbcdn-sphotos-g-a.akamaihd.net\/hphotos-ak-ash3\/1116246_553535734693973_839083213_o.jpg\" alt=\"\" width=\"520\" height=\"346\" \/><\/a><\/p>\n<p style=\"margin: 1em 0px; padding: 0px; color: #000000; font-family: verdana, arial, sans-serif; font-size: 14px; background-color: #ffffff; text-align: justify;\"><span style=\"color: #ffffff;\">, &#8230;<\/span><\/p>\n<p style=\"margin: 1em 0px; padding: 0px; color: #000000; font-family: verdana, arial, sans-serif; font-size: 14px; background-color: #ffffff; text-align: justify;\">Altri lavori dello <a href=\"https:\/\/www.facebook.com\/pages\/Street-Art-Communication\/113805412000343\" target=\"_blank\">Street Art Communication 2013<\/a> (clicca per zoomare):<\/p>\n<p style=\"margin: 1em 0px; padding: 0px; color: #000000; font-family: verdana, arial, sans-serif; font-size: 14px; background-color: #ffffff; text-align: justify;\"><img decoding=\"async\" loading=\"lazy\" class=\"alignnone\" src=\"https:\/\/fbcdn-sphotos-e-a.akamaihd.net\/hphotos-ak-ash3\/903827_550466888334191_60747187_o.jpg\" alt=\"\" width=\"520\" height=\"200\" \/><\/p>\n<p style=\"margin: 1em 0px; padding: 0px; color: #000000; font-family: verdana, arial, sans-serif; font-size: 14px; background-color: #ffffff; text-align: justify;\"><strong>CART1 (FR)<\/strong>, <strong>Tram<\/strong>, Ko\u0161ice<\/p>\n<p style=\"margin: 1em 0px; padding: 0px; color: #000000; font-family: verdana, arial, sans-serif; font-size: 14px; background-color: #ffffff; text-align: justify;\"><a href=\"https:\/\/fbcdn-sphotos-a-a.akamaihd.net\/hphotos-ak-ash3\/1266633_555829561131257_1836561642_o.jpg\" data-rel=\"lightbox-gallery-0g0TLE6a\" data-rl_title=\"\" data-rl_caption=\"\" title=\"\"><img decoding=\"async\" loading=\"lazy\" class=\"alignnone\" src=\"https:\/\/fbcdn-sphotos-a-a.akamaihd.net\/hphotos-ak-ash3\/1266633_555829561131257_1836561642_o.jpg\" alt=\"\" width=\"520\" height=\"346\" \/><\/a><\/p>\n<p style=\"margin: 1em 0px; padding: 0px; color: #000000; font-family: verdana, arial, sans-serif; font-size: 14px; background-color: #ffffff; text-align: justify;\"><a href=\"https:\/\/fbcdn-sphotos-b-a.akamaihd.net\/hphotos-ak-ash4\/1269943_556227767758103_1726417998_o.jpg\" data-rel=\"lightbox-gallery-0g0TLE6a\" data-rl_title=\"\" data-rl_caption=\"\" title=\"\"><img decoding=\"async\" loading=\"lazy\" class=\"alignnone\" src=\"https:\/\/fbcdn-sphotos-b-a.akamaihd.net\/hphotos-ak-ash4\/1269943_556227767758103_1726417998_o.jpg\" alt=\"\" width=\"520\" height=\"280\" \/><\/a><\/p>\n<p style=\"margin: 1em 0px; padding: 0px; color: #000000; font-family: verdana, arial, sans-serif; font-size: 14px; background-color: #ffffff; text-align: justify;\"><a href=\"https:\/\/fbcdn-sphotos-f-a.akamaihd.net\/hphotos-ak-prn2\/1271327_556228147758065_1315968127_o.jpg\" data-rel=\"lightbox-gallery-0g0TLE6a\" data-rl_title=\"\" data-rl_caption=\"\" title=\"\"><img decoding=\"async\" loading=\"lazy\" class=\"alignnone\" src=\"https:\/\/fbcdn-sphotos-f-a.akamaihd.net\/hphotos-ak-prn2\/1271327_556228147758065_1315968127_o.jpg\" alt=\"\" width=\"520\" height=\"346\" \/><\/a><\/p>\n<p style=\"margin: 1em 0px; padding: 0px; color: #000000; font-family: verdana, arial, sans-serif; font-size: 14px; background-color: #ffffff; text-align: justify;\"><a href=\"https:\/\/fbcdn-sphotos-e-a.akamaihd.net\/hphotos-ak-prn1\/1263928_556229581091255_1210198872_o.jpg\" data-rel=\"lightbox-gallery-0g0TLE6a\" data-rl_title=\"\" data-rl_caption=\"\" title=\"\"><img decoding=\"async\" loading=\"lazy\" class=\"alignnone\" src=\"https:\/\/fbcdn-sphotos-e-a.akamaihd.net\/hphotos-ak-prn1\/1263928_556229581091255_1210198872_o.jpg\" alt=\"\" width=\"520\" height=\"346\" \/><\/a><\/p>\n<p style=\"margin: 1em 0px; padding: 0px; color: #000000; font-family: verdana, arial, sans-serif; font-size: 14px; background-color: #ffffff; text-align: justify;\"><a href=\"https:\/\/fbcdn-sphotos-h-a.akamaihd.net\/hphotos-ak-prn1\/1149120_556229734424573_2077670713_o.jpg\" data-rel=\"lightbox-gallery-0g0TLE6a\" data-rl_title=\"\" data-rl_caption=\"\" title=\"\"><img decoding=\"async\" loading=\"lazy\" class=\"alignnone\" src=\"https:\/\/fbcdn-sphotos-h-a.akamaihd.net\/hphotos-ak-prn1\/1149120_556229734424573_2077670713_o.jpg\" alt=\"\" width=\"520\" height=\"346\" \/><\/a><\/p>\n<p style=\"margin: 1em 0px; padding: 0px; color: #000000; font-family: verdana, arial, sans-serif; font-size: 14px; background-color: #ffffff; text-align: justify;\"><strong>Kid Kreol<\/strong> e <strong>Boogie<\/strong> (RE), <strong>Theory | Belief<\/strong>, Exhibition in Pyecka gallery, Ko\u0161ice<\/p>\n<p style=\"margin: 1em 0px; padding: 0px; color: #000000; font-family: verdana, arial, sans-serif; font-size: 14px; background-color: #ffffff; text-align: justify;\"><a href=\"https:\/\/fbcdn-sphotos-c-a.akamaihd.net\/hphotos-ak-prn2\/1269636_555829741131239_1588123112_o.jpg\" data-rel=\"lightbox-gallery-0g0TLE6a\" data-rl_title=\"\" data-rl_caption=\"\" title=\"\"><img decoding=\"async\" loading=\"lazy\" class=\"alignnone\" src=\"https:\/\/fbcdn-sphotos-c-a.akamaihd.net\/hphotos-ak-prn2\/1269636_555829741131239_1588123112_o.jpg\" alt=\"\" width=\"520\" height=\"346\" \/><\/a><\/p>\n<p style=\"margin: 1em 0px; padding: 0px; color: #000000; font-family: verdana, arial, sans-serif; font-size: 14px; background-color: #ffffff; text-align: justify;\"><strong>Street Fighters<\/strong> (PL)\u00a0Canvas by <strong>Bezt<\/strong>, <strong>Chazme<\/strong>, <strong>Nawer<\/strong>, <strong>Pener<\/strong>, <strong>Roem<\/strong>, <strong>Sepe<\/strong>, <strong>Tone<\/strong>,\u00a0Ko\u0161ice<\/p>\n<p style=\"margin: 1em 0px; padding: 0px; color: #000000; font-family: verdana, arial, sans-serif; font-size: 14px; background-color: #ffffff; text-align: justify;\"><a href=\"https:\/\/fbcdn-sphotos-e-a.akamaihd.net\/hphotos-ak-prn2\/1074286_555829914464555_2054101954_o.jpg\" data-rel=\"lightbox-gallery-0g0TLE6a\" data-rl_title=\"\" data-rl_caption=\"\" title=\"\"><img decoding=\"async\" loading=\"lazy\" class=\"alignnone\" src=\"https:\/\/fbcdn-sphotos-e-a.akamaihd.net\/hphotos-ak-prn2\/1074286_555829914464555_2054101954_o.jpg\" alt=\"\" width=\"520\" height=\"346\" \/><\/a><\/p>\n<p style=\"margin: 1em 0px; padding: 0px; color: #000000; font-family: verdana, arial, sans-serif; font-size: 14px; background-color: #ffffff; text-align: justify;\"><a href=\"https:\/\/fbcdn-sphotos-d-a.akamaihd.net\/hphotos-ak-frc3\/1266491_557254427655437_13026318_o.jpg\" data-rel=\"lightbox-gallery-0g0TLE6a\" data-rl_title=\"\" data-rl_caption=\"\" title=\"\"><img decoding=\"async\" loading=\"lazy\" class=\"alignnone\" src=\"https:\/\/fbcdn-sphotos-d-a.akamaihd.net\/hphotos-ak-frc3\/1266491_557254427655437_13026318_o.jpg\" alt=\"\" width=\"520\" height=\"200\" \/><\/a><\/p>\n<p style=\"margin: 1em 0px; padding: 0px; color: #000000; font-family: verdana, arial, sans-serif; font-size: 14px; background-color: #ffffff; text-align: justify;\">Credits:\u00a0Testi di <a href=\"http:\/\/ilgorgo.com\/area\/street-art-communication-festival\/\" target=\"_blank\">ilgorgo.com<\/a>, Foto fi <a href=\"http:\/\/ilgorgo.com\/area\/street-art-communication-festival\/\" target=\"_blank\">ilgorgo.com<\/a> e <a href=\"https:\/\/www.facebook.com\/pages\/Street-Art-Communication\/113805412000343\" target=\"_blank\">pyecka.com\/facebook<\/a>\u00a0.<\/p>\n","protected":false},"excerpt":{"rendered":"<p>Si \u00e8 tenuto a Ko\u0161ice nella terza settimana di agosto lo Street Art Communication Festival, un appuntamento per artisti internazionali di street-art, in particolare del murales di grandi dimensioni. Proponiamo qui, tratti dal sito ilgorgo.com, i lavori pi\u00f9 interessanti realizzati su enormi pareti vuote di edifici cittadini da alcuni dei migliori graffitisti del settore. Si [&hellip;]<\/p>\n","protected":false},"author":2,"featured_media":2346,"comment_status":"open","ping_status":"open","sticky":false,"template":"","format":"standard","meta":[],"categories":[3,1],"tags":[190,30,42,22,388],"aioseo_notices":[],"jetpack_featured_media_url":"https:\/\/www.turismoslovacchia.it\/wp-content\/uploads\/kosicestreetart.jpg","jetpack_sharing_enabled":true,"jetpack-related-posts":[{"id":1813,"url":"https:\/\/www.turismoslovacchia.it\/?p=1813","url_meta":{"origin":2337,"position":0},"title":"Giornate di Kosice, settimana di eventi per rievocare l&#8217;assegnazione del blasone cittadino","date":"30 Aprile 2013","format":false,"excerpt":"All\u2019inizio di maggio Kosice celebra l\u2019anniversario dell\u2019assegnazione del primo blasone europeo di citta' da parte dell\u2019imperatore Luigi il Grande, il 7 maggio 1369. Per una settimana a partire da oggi si tengono piccoli e grandi eventi per diversi tipi di pubblico e famiglie. Tra gli appuntamenti, la \u201ccostruzione del maggio\u201d,\u2026","rel":"","context":"In &quot;Eventi&quot;","img":{"alt_text":"","src":"https:\/\/i0.wp.com\/www.turismoslovacchia.it\/wp-content\/uploads\/Dna-mesta-Kosice-www.kosice2013.sk_.jpg?resize=350%2C200&ssl=1","width":350,"height":200},"classes":[]},{"id":1533,"url":"https:\/\/www.turismoslovacchia.it\/?p=1533","url_meta":{"origin":2337,"position":1},"title":"Eventi in Slovacchia \u2013 NOVEMBRE 2012","date":"20 Ottobre 2012","format":false,"excerpt":"Calendario eventi NOVEMBRE 2012 25.09 - 3.12.2012 Giornate di Visegrad - Vi\u0161egr\u00e1dske dni, Ko\u0161ice Appuntamento fisso dell\u2019autunno nella seconda citta' della Slovacchia, che ancora una volta porta a Kosice il meglio di ci\u00f2 che sta accadendo nella vita culturale delle nazioni centro-europei. Si pu\u00f2 godere di spettacoli e artisti eccezionali\u2026","rel":"","context":"In &quot;Eventi&quot;","img":{"alt_text":"","src":"https:\/\/i0.wp.com\/www.turismoslovacchia.it\/wp-content\/uploads\/2010\/10\/Eventi-in-Slovacchia.jpg?resize=350%2C200&ssl=1","width":350,"height":200},"classes":[]},{"id":1440,"url":"https:\/\/www.turismoslovacchia.it\/?p=1440","url_meta":{"origin":2337,"position":2},"title":"Eventi in Slovacchia \u2013 SETTEMBRE 2012","date":"1 Settembre 2012","format":false,"excerpt":"Calendario eventi SETTEMBRE 2012 Fino al 9.09.2012 Bratislava - Estate culturale In estate, Bratislava vive di cultura. Nelle strade del centro storico i visitatori possono trovare teatro di strada, concerti folk, jazz, pop e lirici, artigianato tradizionale, cinema all'aperto e molto altro. Luogo: Bratislava, Stare Mesto Email: info@bkis.sk Web: www.bkis.skv\u2026","rel":"","context":"In &quot;Eventi&quot;","img":{"alt_text":"","src":"https:\/\/i0.wp.com\/www.turismoslovacchia.it\/wp-content\/uploads\/2010\/10\/Eventi-in-Slovacchia.jpg?resize=350%2C200&ssl=1","width":350,"height":200},"classes":[]},{"id":1600,"url":"https:\/\/www.turismoslovacchia.it\/?p=1600","url_meta":{"origin":2337,"position":3},"title":"Ko\u0161ice \u00e8 tra le destinazioni top del 2013 secondo CNN","date":"13 Gennaio 2013","format":false,"excerpt":"La Slovacchia all\u2019attenzione dei media internazionali. L\u2019americana CNN ha messo Ko\u0161ice tra le sette bellezze e principali destinazioni turistiche del 2013. Insieme alla metropoli dell'est della Slovacchia ci sono la Scozia, la capitale del Marocco Rabat, l\u2019Africa sub-Sahariana, Gettysburg, in Pennsylvania (per i 150 anni dalla fine della Guerra di\u2026","rel":"","context":"In &quot;Articoli&quot;","img":{"alt_text":"","src":"https:\/\/i0.wp.com\/www.turismoslovacchia.it\/wp-content\/uploads\/kosice-chies-cattedr_slovakia-travel.jpg?resize=350%2C200&ssl=1","width":350,"height":200},"classes":[]},{"id":2635,"url":"https:\/\/www.turismoslovacchia.it\/?p=2635","url_meta":{"origin":2337,"position":4},"title":"Video promozionale di Kosice 2013 vince festival internazionale (video)","date":"19 Ottobre 2013","format":false,"excerpt":"Un video per promuovere Kosice, secondo maggior centro della Slovacchia ove nel 2013 si celebra il titolo di Capitale europea della cultura, ha vinto il primo premio al Tourfilm, un festival internazionale che si tiene a Karlovy Vary, in Repubblica Ceca. Il video, intitolato \u2018Visit Kosice\u2019, ha sbaragliato gli altri\u2026","rel":"","context":"In &quot;Articoli&quot;","img":{"alt_text":"","src":"https:\/\/i0.wp.com\/www.turismoslovacchia.it\/wp-content\/uploads\/Kosice-Slovacchia-foto_sk-travel.jpg?resize=350%2C200&ssl=1","width":350,"height":200},"classes":[]},{"id":1630,"url":"https:\/\/www.turismoslovacchia.it\/?p=1630","url_meta":{"origin":2337,"position":5},"title":"Ko\u0161ice, da oggi Capitale Europea della Cultura 2013","date":"19 Gennaio 2013","format":false,"excerpt":"Inizia questo weekend l\u2019anno internazionale di Ko\u0161ice \u2013 Capitale Europea della Cultura 2013, che propone una offerta di quasi 300 eventi in 70 diversi spazi all\u2019interno dell'area metropolitana e nei dintorni con circa 1.000 artisti nel corso di tutto il 2013. La cerimonia ufficiale di apertura, vede il suo culmine,\u2026","rel":"","context":"In &quot;Articoli&quot;","img":{"alt_text":"","src":"https:\/\/i0.wp.com\/www.turismoslovacchia.it\/wp-content\/uploads\/Kosice2013-Cattedrale-Santa-Elisabetta-foto_kosice2013.sk_.jpg?resize=350%2C200&ssl=1","width":350,"height":200},"classes":[]}],"jetpack_shortlink":"https:\/\/wp.me\/p1oiY9-BH","_links":{"self":[{"href":"https:\/\/www.turismoslovacchia.it\/index.php?rest_route=\/wp\/v2\/posts\/2337"}],"collection":[{"href":"https:\/\/www.turismoslovacchia.it\/index.php?rest_route=\/wp\/v2\/posts"}],"about":[{"href":"https:\/\/www.turismoslovacchia.it\/index.php?rest_route=\/wp\/v2\/types\/post"}],"author":[{"embeddable":true,"href":"https:\/\/www.turismoslovacchia.it\/index.php?rest_route=\/wp\/v2\/users\/2"}],"replies":[{"embeddable":true,"href":"https:\/\/www.turismoslovacchia.it\/index.php?rest_route=%2Fwp%2Fv2%2Fcomments&post=2337"}],"version-history":[{"count":0,"href":"https:\/\/www.turismoslovacchia.it\/index.php?rest_route=\/wp\/v2\/posts\/2337\/revisions"}],"wp:featuredmedia":[{"embeddable":true,"href":"https:\/\/www.turismoslovacchia.it\/index.php?rest_route=\/wp\/v2\/media\/2346"}],"wp:attachment":[{"href":"https:\/\/www.turismoslovacchia.it\/index.php?rest_route=%2Fwp%2Fv2%2Fmedia&parent=2337"}],"wp:term":[{"taxonomy":"category","embeddable":true,"href":"https:\/\/www.turismoslovacchia.it\/index.php?rest_route=%2Fwp%2Fv2%2Fcategories&post=2337"},{"taxonomy":"post_tag","embeddable":true,"href":"https:\/\/www.turismoslovacchia.it\/index.php?rest_route=%2Fwp%2Fv2%2Ftags&post=2337"}],"curies":[{"name":"wp","href":"https:\/\/api.w.org\/{rel}","templated":true}]}}