{"id":207,"date":"2010-10-10T01:55:54","date_gmt":"2010-10-09T23:55:54","guid":{"rendered":"http:\/\/www.turismoslovacchia.it\/?p=207"},"modified":"2015-01-03T13:55:04","modified_gmt":"2015-01-03T12:55:04","slug":"eventi-in-slovacchia-dicembre-2010","status":"publish","type":"post","link":"https:\/\/www.turismoslovacchia.it\/?p=207","title":{"rendered":"Eventi in Slovacchia \u2013 DICEMBRE 2010"},"content":{"rendered":"<p style=\"text-align: justify;\"><span style=\"text-decoration: underline;\"><strong>Calendario eventi NOVEMBRE 2010<\/strong><\/span><\/p>\n<p><span style=\"color: #ff0000;\"><em>15 settembre &#8211; 6 dicembre, 2010<br \/>\n<\/em><\/span><strong><span style=\"color: #ff0000;\"><em><a href=\"http:\/\/www.turismoslovacchia.it\/?attachment_id=1605\" rel=\"attachment wp-att-1605\"><img decoding=\"async\" loading=\"lazy\" class=\"alignright wp-image-1605 \" src=\"http:\/\/www.turismoslovacchia.it\/wp-content\/uploads\/kosice-kasanicky@panoramio.com_-300x184.jpg\" alt=\"kosice (kasanicky@panoramio.com)\" width=\"198\" height=\"128\" \/><\/a>Giornate di Visegrad<\/em><\/span><br \/>\n<\/strong>Questo evento porta a Kosice tutto il meglio della scena della cultura centro-europea. I visitatori possono aspettarsi molti spettacoli e ottimi artisti provenienti dalla Repubblica Ceca, l&#8217;Ungheria, la Polonia e la Slovacchia.<br \/>\nLuogo: Ko\u0161ice<br \/>\nInformazioni: Zdru\u017eenie Forsa (gruppo Forsa), Via Rosn\u00e1 n. 6,\u00a0 Ko\u0161ice<br \/>\nTel: +421\/55\/622 04 21<br \/>\nE-mail: <a href=\"mailto:klubm@pobox.sk\">klubm@pobox.sk<\/a><\/p>\n<p style=\"text-align: justify;\"><span style=\"color: #ff0000;\"><em>26 Novembre &#8211; 23 Dicembre, 2010<br \/>\n<\/em><\/span> <strong><span style=\"color: #ff0000;\"><em><a href=\"http:\/\/www.turismoslovacchia.it\/wp-content\/uploads\/2010\/10\/Mercatino-di-Natale-di-Bratislava.jpg\" data-rel=\"lightbox-gallery-4liHfzbj\" data-rl_title=\"\" data-rl_caption=\"\"><img decoding=\"async\" loading=\"lazy\" class=\"alignright size-medium wp-image-268\" title=\"\" src=\"http:\/\/www.turismoslovacchia.it\/wp-content\/uploads\/2010\/10\/Mercatino-di-Natale-di-Bratislava-300x199.jpg\" alt=\"\" width=\"200\" height=\"132\" \/><\/a>Mercatino di Natale a Bratislava<\/em><\/span><br \/>\n<\/strong>Nelle Piazze Hlavne Namestie (Piazza Principale), Franti\u0161k\u00e1nske Namestie, Hviezdoslav Namestie a Bratislava.<br \/>\nUn mese prima di Natale, l&#8217;albero di Natale sar\u00e0 illuminato nella piazza principale nel centro storico della citt\u00e0 di Bratislava, e la piazza si riempir\u00e0 di bancarelle. Il Mercatino di Natale a Bratislava ha un&#8217;atmosfera unica e ogni giorno attira migliaia di persone, che possono incontrare i loro amici, mangiare un po&#8217; di sottili frittelle di patate e bere una tazza di vin brul\u00e8. Tradizionalmente si pu\u00f2 ammazzare la fame mangiando arrosti &#8220;tzigani&#8221; o salsiccia. Oltre alle bancarelle di ristorazione, si possono anche acquistare candele naturali, piccole sculture, ed altri prodotti artistici e di artigianato.<br \/>\nL&#8217;atmosfera di Natale in piazza sar\u00e0 arricchita da musica dal vivo e musica natalizia riprodotta con gli altoparlanti. Ogni sera si possono vedere spettacoli di musica dal vivo, gruppi musicali, concerti per raccolte fondi, spettacoli teatrali e altri eventi.<br \/>\nLuogo: Bratislava &#8211; Stare Mesto (Citt\u00e0 Vecchia)<br \/>\nInformazioni: Comune di Bratislava<br \/>\nTel:. +421\/2\/59 35 61 11<br \/>\n<a href=\"http:\/\/www.bratislava.sk\/vismo\/galerie2.asp?id_org=700000&amp;id_galerie=5009016&amp;p1=51737\" target=\"_blank\">Vedi qui la galleria dello scorso anno<\/a><\/p>\n<p style=\"text-align: justify;\"><span style=\"color: #ff0000;\"><em>2 &#8211; 5 dicembre, 2010<br \/>\n<strong><a href=\"http:\/\/www.turismoslovacchia.it\/wp-content\/uploads\/2010\/10\/Natale-a-Bratislava.jpg\" data-rel=\"lightbox-gallery-4liHfzbj\" data-rl_title=\"\" data-rl_caption=\"\"><img decoding=\"async\" loading=\"lazy\" class=\"alignright size-full wp-image-267\" title=\"\" src=\"http:\/\/www.turismoslovacchia.it\/wp-content\/uploads\/2010\/10\/Natale-a-Bratislava.jpg\" alt=\"\" width=\"200\" height=\"133\" srcset=\"https:\/\/www.turismoslovacchia.it\/wp-content\/uploads\/2010\/10\/Natale-a-Bratislava.jpg 295w, https:\/\/www.turismoslovacchia.it\/wp-content\/uploads\/2010\/10\/Natale-a-Bratislava-180x120.jpg 180w, https:\/\/www.turismoslovacchia.it\/wp-content\/uploads\/2010\/10\/Natale-a-Bratislava-100x67.jpg 100w, https:\/\/www.turismoslovacchia.it\/wp-content\/uploads\/2010\/10\/Natale-a-Bratislava-187x125.jpg 187w, https:\/\/www.turismoslovacchia.it\/wp-content\/uploads\/2010\/10\/Natale-a-Bratislava-150x100.jpg 150w, https:\/\/www.turismoslovacchia.it\/wp-content\/uploads\/2010\/10\/Natale-a-Bratislava-272x182.jpg 272w\" sizes=\"(max-width: 200px) 100vw, 200px\" \/><\/a>5\u00b0 Festival Internazionale delle Canzoni di Avvento <\/strong><\/em><\/span><br \/>\nCapitale della Slovacchia, Bratislava apre le porte e invita i cori nel bel centro storico decorato per Natale.<br \/>\nLuogo: Bratislava<br \/>\nInformazioni: Bratislava Music Agency, Z\u00e1humensk\u00e1 3, 841 06 Bratislava<br \/>\nCellulari: +421\/908\/693 395, +421\/905\/111 827, Fax: +421 \/ 2 \/ 659 57 054<br \/>\nE-mail: <a href=\"mailto:info@choral-music.sk \">info@choral-music.sk <\/a>, Web: <a href=\"http:\/\/www.choral-music.sk\" target=\"_blank\">www.choral-music.sk<\/a><\/p>\n<p style=\"text-align: justify;\"><span style=\"color: #ff0000;\"><em>3 &#8211; 19 dicembre, 2010<br \/>\n<strong>Giornate di Natale a Incheba<\/strong><\/em><\/span><br \/>\nEsposizione e vendita di merci natalizie<br \/>\nLuogo: Fiera Incheba, Viedensk\u00e1 n. 3-7, Bratislava<br \/>\nInformazioni: Fiera Incheba, Viedensk\u00e1 n. 3-7, Bratislava<br \/>\nTel.: +421\/2\/67 27 24 00, Fax: +421\/2\/62 41 18 38<br \/>\nE-mail: <a href=\"mailto:incheba@incheba.sk\">incheba@incheba.sk<\/a>, Web: <a href=\"http:\/\/www.incheba.sk\" target=\"_blank\">www.incheba.sk<\/a><\/p>\n<p style=\"text-align: justify;\"><span style=\"color: #ff0000;\"><em><a href=\"http:\/\/www.turismoslovacchia.it\/?attachment_id=4300\" rel=\"attachment wp-att-4300\"><img decoding=\"async\" loading=\"lazy\" class=\"alignright wp-image-4300 \" src=\"http:\/\/www.turismoslovacchia.it\/wp-content\/uploads\/piestany_EadaoinFlynn-8867263792-300x184.jpg\" alt=\"piestany_(EadaoinFlynn-8867263792)\" width=\"199\" height=\"122\" \/><\/a>Dicembre 2010<br \/>\n<\/em><\/span><span style=\"color: #ff0000;\"><em><strong>5\u00b0 Festival Internazionale delle canzoni di Avvento e di Natale<\/strong><\/em><\/span><br \/>\nLuogo: Pie\u0161\u0165any<br \/>\nInformazioni: Coro Laudamus, Via Javorinsk\u00e1 n. 8, Ing. \u013d. Hyk\u0161ov\u00e1,<br \/>\nTel.: +421\/33\/ 776 54 73<br \/>\nE-mail: <a href=\"mailto:hyksova@piestany.sk\">hyksova@piestany.sk<\/a><\/p>\n<p style=\"text-align: justify;\"><span style=\"color: #ff0000;\"><em>12 dicembre 2010 &#8211; 6 gennaio 2011<br \/>\n<strong><a href=\"http:\/\/www.turismoslovacchia.it\/wp-content\/uploads\/2010\/10\/Castello-di-Bojnice-Slovacchia-flickr-johan-pipet.jpg\" data-rel=\"lightbox-gallery-4liHfzbj\" data-rl_title=\"\" data-rl_caption=\"\"><img decoding=\"async\" loading=\"lazy\" class=\"alignright size-medium wp-image-266\" title=\"\" src=\"http:\/\/www.turismoslovacchia.it\/wp-content\/uploads\/2010\/10\/Castello-di-Bojnice-Slovacchia-flickr-johan-pipet-300x199.jpg\" alt=\"\" width=\"200\" height=\"133\" \/><\/a>Nobilt\u00e0 di Natale e i Re Magi al castello<\/strong><\/em><\/span><br \/>\nVisita al magnifico e fiabesco castello di Bojnice abbellito con decorazioni e programma natalizi nella sala di Hu\u0148ady.<br \/>\nLuogo: Castello di Bojnice<br \/>\nInformazioni: Castello di Bojnice, Via Z\u00e1mok a okolie n.1, 972 01 Bojnice<br \/>\nTel.: +421\/46\/ 543 06 33, +421\/46\/ 543 06 24, Fax: +421\/46\/ 543 00 51<br \/>\nE-mail: <a href=\"mailto:marketing@bojnicecastle.sk\">marketing@bojnicecastle.sk<\/a>, Web: <a href=\"http:\/\/www.snm.sk\" target=\"_blank\">www.snm.sk<\/a>, <a href=\"http:\/\/www.bojnicecastle.sk\" target=\"_blank\">www.bojnicecastle.sk<\/a><\/p>\n<p style=\"text-align: justify;\"><em><span style=\"color: #ff0000;\">17-19 dicembre 2010<br \/>\n<strong><a href=\"http:\/\/www.turismoslovacchia.it\/wp-content\/uploads\/2010\/10\/Castello-di-Orava-Slovacchia.jpg\" data-rel=\"lightbox-gallery-4liHfzbj\" data-rl_title=\"\" data-rl_caption=\"\"><img decoding=\"async\" loading=\"lazy\" class=\"alignright size-medium wp-image-263\" title=\"\" src=\"http:\/\/www.turismoslovacchia.it\/wp-content\/uploads\/2010\/10\/Castello-di-Orava-Slovacchia-300x211.jpg\" alt=\"\" width=\"200\" height=\"140\" \/><\/a>Natale a Orava <\/strong><\/span><\/em><br \/>\n21a edizione della Fiera Internazionale di artigianato popolare e laboratori creativi<br \/>\nLuogo: Doln\u00fd Kub\u00edn<br \/>\nInformazioni: Oravsk\u00e9 osvetov\u00e9 stredisko (Centro educativo di Orava) a Doln\u00fd Kub\u00edn<br \/>\nTel.: +421\/43\/586 49 78, Fax: +421\/43\/586 49 28<br \/>\nE-mail: <a href=\"mailto:osvetadk@osvetadk.sk\" target=\"_blank\">osvetadk@osvetadk.sk<\/a>,\u00a0 Web: <a href=\"http:\/\/www.osvetadk.sk\" target=\"_blank\">www.osvetadk.sk<\/a><\/p>\n<p style=\"text-align: justify;\"><span style=\"color: #ff0000;\"><em>19 dicembre 2010<br \/>\n<strong><img decoding=\"async\" loading=\"lazy\" class=\"size-medium wp-image-255 alignright\" title=\"Alti Tatra, Strbke Pleso, Slovacchia (Peter Frantic)\" src=\"http:\/\/www.turismoslovacchia.it\/wp-content\/uploads\/2010\/10\/Alti-Tatra-Strbke-Pleso-Slovacchia-Peter-Frantic-300x225.jpg\" alt=\"\" width=\"200\" height=\"150\" srcset=\"https:\/\/www.turismoslovacchia.it\/wp-content\/uploads\/2010\/10\/Alti-Tatra-Strbke-Pleso-Slovacchia-Peter-Frantic-300x225.jpg 300w, https:\/\/www.turismoslovacchia.it\/wp-content\/uploads\/2010\/10\/Alti-Tatra-Strbke-Pleso-Slovacchia-Peter-Frantic.jpg 400w, https:\/\/www.turismoslovacchia.it\/wp-content\/uploads\/2010\/10\/Alti-Tatra-Strbke-Pleso-Slovacchia-Peter-Frantic-100x75.jpg 100w, https:\/\/www.turismoslovacchia.it\/wp-content\/uploads\/2010\/10\/Alti-Tatra-Strbke-Pleso-Slovacchia-Peter-Frantic-167x125.jpg 167w, https:\/\/www.turismoslovacchia.it\/wp-content\/uploads\/2010\/10\/Alti-Tatra-Strbke-Pleso-Slovacchia-Peter-Frantic-150x113.jpg 150w\" sizes=\"(max-width: 200px) 100vw, 200px\" \/>Apertura delle porte al Natale sotto i Tatra<\/strong><\/em><\/span><br \/>\nFesta di Natale, durante la quale vengono simbolicamente aperte le porte di Natale verso i Tatra (podtatransk\u00e9).<br \/>\nLuogo: villaggio di \u0160trba<br \/>\nInformazioni: villaggio di \u0160trba, Via Hlavn\u00e1 n. 188\/67, 059 38 \u0160trba<br \/>\nTel.: +421\/52\/ 778 14 61, Fax: +421\/52\/778 14 60<br \/>\n\u013dubom\u00edra O\u010den\u00e1\u0161ov\u00e1<br \/>\nE-mail: <a href=\"mailto:strba@strba.sk\">strba@strba.sk<\/a>, <a href=\"mailto:otcenasova@strba.sk\" target=\"_blank\">otcenasova@strba.sk<\/a>, Web: <a href=\"http:\/\/www.strba.sk\" target=\"_blank\">www.strba.sk<\/a><\/p>\n<p style=\"text-align: justify;\"><span style=\"color: #ff0000;\"><em>31 dicembre 2010<br \/>\n<strong><a href=\"http:\/\/www.turismoslovacchia.it\/wp-content\/uploads\/2010\/10\/bratislava3_crop.jpg\" data-rel=\"lightbox-gallery-4liHfzbj\" data-rl_title=\"\" data-rl_caption=\"\"><img decoding=\"async\" loading=\"lazy\" class=\"alignright size-medium wp-image-235\" title=\"\" src=\"http:\/\/www.turismoslovacchia.it\/wp-content\/uploads\/2010\/10\/bratislava3_crop-300x85.jpg\" alt=\"\" width=\"200\" height=\"57\" \/><\/a>Corsa di Capodanno sui ponti di Bratislava<\/strong><\/em><\/span><br \/>\nLa XIXma edizione della gara di Capodanno attraverso i ponti di Bratislava \u00e8 una competizione per tutti coloro che non possono immaginare un Capodanno senza sport. Il percorso conduce attraverso tutti i ponti Bratislava e lungo la riva del Danubio.<br \/>\nLuogo: Bratislava<br \/>\nInformazioni: STaRZ (Spr\u00e1va telov\u00fdchovn\u00fdch a rekrea\u010dn\u00fdch zariaden\u00ed &#8211; Administration of sporting and recreation facilities), Odboj\u00e1rov Street no. 9, 831 04, Bratislava 3<br \/>\nTel.: +421\/2\/44 37 34 77<br \/>\nE-mail: <a href=\"mailto:starz@starz.sk\">starz@starz.sk<\/a>, Web: <a href=\"http:\/\/www.starz.sk\" target=\"_blank\">www.starz.sk<\/a><\/p>\n","protected":false},"excerpt":{"rendered":"<p>Calendario eventi NOVEMBRE 2010 15 settembre &#8211; 6 dicembre, 2010 Giornate di Visegrad Questo evento porta a Kosice tutto il meglio della scena della cultura centro-europea. I visitatori possono aspettarsi molti spettacoli e ottimi artisti provenienti dalla Repubblica Ceca, l&#8217;Ungheria, la Polonia e la Slovacchia. Luogo: Ko\u0161ice Informazioni: Zdru\u017eenie Forsa (gruppo Forsa), Via Rosn\u00e1 n. [&hellip;]<\/p>\n","protected":false},"author":2,"featured_media":249,"comment_status":"open","ping_status":"open","sticky":false,"template":"","format":"standard","meta":[],"categories":[5],"tags":[33,46,9,19,49,30,52,17,8,29,42,12,22,45,38,47,50,48,28,31,41],"aioseo_notices":[],"jetpack_featured_media_url":"https:\/\/www.turismoslovacchia.it\/wp-content\/uploads\/2010\/10\/Eventi-in-Slovacchia.jpg","jetpack_sharing_enabled":true,"jetpack-related-posts":[{"id":197,"url":"https:\/\/www.turismoslovacchia.it\/?p=197","url_meta":{"origin":207,"position":0},"title":"Eventi in Slovacchia \u2013 NOVEMBRE 2010","date":"10 Ottobre 2010","format":false,"excerpt":"Calendario eventi NOVEMBRE 2010 15 settembre - 6 dicembre, 2010 Giornate di Visegrad Questo evento porta a Kosice tutto il meglio della scena della cultura centro-europea. I visitatori possono aspettarsi molti spettacoli e ottimi artisti provenienti dalla Repubblica Ceca, l'Ungheria, la Polonia e la Slovacchia. Luogo: Ko\u0161ice Informazioni: Zdru\u017eenie Forsa\u2026","rel":"","context":"In &quot;Eventi&quot;","img":{"alt_text":"","src":"https:\/\/i0.wp.com\/www.turismoslovacchia.it\/wp-content\/uploads\/2010\/10\/Eventi-in-Slovacchia.jpg?resize=350%2C200&ssl=1","width":350,"height":200},"classes":[]},{"id":173,"url":"https:\/\/www.turismoslovacchia.it\/?p=173","url_meta":{"origin":207,"position":1},"title":"Eventi in Slovacchia \u2013 OTTOBRE 2010","date":"10 Ottobre 2010","format":false,"excerpt":"Calendario eventi OTTOBRE 2010 15 settembre - 6 dicembre, 2010 Giornate di Visegrad Questo evento porta a Ko\u0161ice tutto il meglio della scena della cultura centro-europea. I visitatori possono aspettarsi molti spettacoli e ottimi artisti provenienti dalla Repubblica Ceca, l'Ungheria, la Polonia e la Slovacchia. Luogo: Ko\u0161ice Informazioni: Zdru\u017eenie Forsa\u2026","rel":"","context":"In &quot;Eventi&quot;","img":{"alt_text":"","src":"https:\/\/i0.wp.com\/www.turismoslovacchia.it\/wp-content\/uploads\/2010\/10\/Eventi-in-Slovacchia.jpg?resize=350%2C200&ssl=1","width":350,"height":200},"classes":[]},{"id":1533,"url":"https:\/\/www.turismoslovacchia.it\/?p=1533","url_meta":{"origin":207,"position":2},"title":"Eventi in Slovacchia \u2013 NOVEMBRE 2012","date":"20 Ottobre 2012","format":false,"excerpt":"Calendario eventi NOVEMBRE 2012 25.09 - 3.12.2012 Giornate di Visegrad - Vi\u0161egr\u00e1dske dni, Ko\u0161ice Appuntamento fisso dell\u2019autunno nella seconda citta' della Slovacchia, che ancora una volta porta a Kosice il meglio di ci\u00f2 che sta accadendo nella vita culturale delle nazioni centro-europei. Si pu\u00f2 godere di spettacoli e artisti eccezionali\u2026","rel":"","context":"In &quot;Eventi&quot;","img":{"alt_text":"","src":"https:\/\/i0.wp.com\/www.turismoslovacchia.it\/wp-content\/uploads\/2010\/10\/Eventi-in-Slovacchia.jpg?resize=350%2C200&ssl=1","width":350,"height":200},"classes":[]},{"id":1134,"url":"https:\/\/www.turismoslovacchia.it\/?p=1134","url_meta":{"origin":207,"position":3},"title":"Eventi in Slovacchia \u2013 DICEMBRE 2011","date":"27 Novembre 2011","format":false,"excerpt":"Calendario eventi NOVEMBRE 2011 1 \u2013 15.12. 2011 Mese della Fotografia \u2013 21\u00b0 Festival Internazionale della fotografia Il Mese della Fotografia a Bratislava \u00e8 organizzato dalla Central European House of Photography come parte del Festival Europeo della Fotografia che si svolge anche a Parigi, Vienna, Berlino, Roma, Mosca e Lussemburgo.\u2026","rel":"","context":"In &quot;Eventi&quot;","img":{"alt_text":"","src":"https:\/\/i0.wp.com\/www.turismoslovacchia.it\/wp-content\/uploads\/2010\/10\/Eventi-in-Slovacchia.jpg?resize=350%2C200&ssl=1","width":350,"height":200},"classes":[]},{"id":1440,"url":"https:\/\/www.turismoslovacchia.it\/?p=1440","url_meta":{"origin":207,"position":4},"title":"Eventi in Slovacchia \u2013 SETTEMBRE 2012","date":"1 Settembre 2012","format":false,"excerpt":"Calendario eventi SETTEMBRE 2012 Fino al 9.09.2012 Bratislava - Estate culturale In estate, Bratislava vive di cultura. Nelle strade del centro storico i visitatori possono trovare teatro di strada, concerti folk, jazz, pop e lirici, artigianato tradizionale, cinema all'aperto e molto altro. Luogo: Bratislava, Stare Mesto Email: info@bkis.sk Web: www.bkis.skv\u2026","rel":"","context":"In &quot;Eventi&quot;","img":{"alt_text":"","src":"https:\/\/i0.wp.com\/www.turismoslovacchia.it\/wp-content\/uploads\/2010\/10\/Eventi-in-Slovacchia.jpg?resize=350%2C200&ssl=1","width":350,"height":200},"classes":[]},{"id":1600,"url":"https:\/\/www.turismoslovacchia.it\/?p=1600","url_meta":{"origin":207,"position":5},"title":"Ko\u0161ice \u00e8 tra le destinazioni top del 2013 secondo CNN","date":"13 Gennaio 2013","format":false,"excerpt":"La Slovacchia all\u2019attenzione dei media internazionali. L\u2019americana CNN ha messo Ko\u0161ice tra le sette bellezze e principali destinazioni turistiche del 2013. Insieme alla metropoli dell'est della Slovacchia ci sono la Scozia, la capitale del Marocco Rabat, l\u2019Africa sub-Sahariana, Gettysburg, in Pennsylvania (per i 150 anni dalla fine della Guerra di\u2026","rel":"","context":"In &quot;Articoli&quot;","img":{"alt_text":"","src":"https:\/\/i0.wp.com\/www.turismoslovacchia.it\/wp-content\/uploads\/kosice-chies-cattedr_slovakia-travel.jpg?resize=350%2C200&ssl=1","width":350,"height":200},"classes":[]}],"jetpack_shortlink":"https:\/\/wp.me\/p1oiY9-3l","_links":{"self":[{"href":"https:\/\/www.turismoslovacchia.it\/index.php?rest_route=\/wp\/v2\/posts\/207"}],"collection":[{"href":"https:\/\/www.turismoslovacchia.it\/index.php?rest_route=\/wp\/v2\/posts"}],"about":[{"href":"https:\/\/www.turismoslovacchia.it\/index.php?rest_route=\/wp\/v2\/types\/post"}],"author":[{"embeddable":true,"href":"https:\/\/www.turismoslovacchia.it\/index.php?rest_route=\/wp\/v2\/users\/2"}],"replies":[{"embeddable":true,"href":"https:\/\/www.turismoslovacchia.it\/index.php?rest_route=%2Fwp%2Fv2%2Fcomments&post=207"}],"version-history":[{"count":0,"href":"https:\/\/www.turismoslovacchia.it\/index.php?rest_route=\/wp\/v2\/posts\/207\/revisions"}],"wp:featuredmedia":[{"embeddable":true,"href":"https:\/\/www.turismoslovacchia.it\/index.php?rest_route=\/wp\/v2\/media\/249"}],"wp:attachment":[{"href":"https:\/\/www.turismoslovacchia.it\/index.php?rest_route=%2Fwp%2Fv2%2Fmedia&parent=207"}],"wp:term":[{"taxonomy":"category","embeddable":true,"href":"https:\/\/www.turismoslovacchia.it\/index.php?rest_route=%2Fwp%2Fv2%2Fcategories&post=207"},{"taxonomy":"post_tag","embeddable":true,"href":"https:\/\/www.turismoslovacchia.it\/index.php?rest_route=%2Fwp%2Fv2%2Ftags&post=207"}],"curies":[{"name":"wp","href":"https:\/\/api.w.org\/{rel}","templated":true}]}}