{"id":197,"date":"2010-10-10T02:54:07","date_gmt":"2010-10-10T00:54:07","guid":{"rendered":"http:\/\/www.turismoslovacchia.it\/?p=197"},"modified":"2015-01-03T13:57:39","modified_gmt":"2015-01-03T12:57:39","slug":"eventi-in-slovacchia-novembre-2010","status":"publish","type":"post","link":"https:\/\/www.turismoslovacchia.it\/?p=197","title":{"rendered":"Eventi in Slovacchia \u2013 NOVEMBRE 2010"},"content":{"rendered":"<p style=\"text-align: justify;\"><span style=\"text-decoration: underline;\"><strong>Calendario eventi NOVEMBRE 2010<\/strong><\/span><\/p>\n<p style=\"text-align: justify;\"><span style=\"color: #ff0000;\"><em>15 settembre &#8211; 6 dicembre, 2010<br \/>\n<\/em><\/span><strong><span style=\"color: #ff0000;\"><em><a href=\"http:\/\/www.turismoslovacchia.it\/?attachment_id=1605\" rel=\"attachment wp-att-1605\"><img decoding=\"async\" loading=\"lazy\" class=\"alignright wp-image-1605 \" src=\"http:\/\/www.turismoslovacchia.it\/wp-content\/uploads\/kosice-kasanicky@panoramio.com_.jpg\" alt=\"kosice (kasanicky@panoramio.com)\" width=\"196\" height=\"127\" \/><\/a>Giornate di Visegrad<\/em><\/span><br \/>\n<\/strong>Questo evento porta a Kosice tutto il meglio della scena della cultura centro-europea. I visitatori possono aspettarsi molti spettacoli e ottimi artisti provenienti dalla Repubblica Ceca, l&#8217;Ungheria, la Polonia e la Slovacchia.<br \/>\nLuogo: Ko\u0161ice<br \/>\nInformazioni: Zdru\u017eenie Forsa (gruppo Forsa), Via Rosn\u00e1 n. 6,\u00a0 Ko\u0161ice<br \/>\nTel: +421\/55\/622 04 21<br \/>\nE-mail: <a href=\"mailto:klubm@pobox.sk\">klubm@pobox.sk<\/a><\/p>\n<p style=\"text-align: justify;\"><span style=\"color: #ff0000;\"><em>2 &#8211; 30 novembre, 2010<br \/>\n<a href=\"..\/wp-content\/uploads\/2010\/10\/Mese-della-Fotografia-2010.jpg\" data-rel=\"lightbox-gallery-8SDB510w\" data-rl_title=\"\" data-rl_caption=\"\"><img decoding=\"async\" loading=\"lazy\" class=\"alignright size-medium wp-image-198\" title=\"\" src=\"..\/wp-content\/uploads\/2010\/10\/Mese-della-Fotografia-2010-300x193.jpg\" alt=\"\" width=\"200\" height=\"128\" \/><\/a><\/em><em><strong>Mese della Fotografia<\/strong><\/em><\/span><br \/>\nNel mese di novembre, potrete vedere fotografie di celebri fotografi in tutte le gallerie a Bratislava cos\u00ec come in altre capitali europee. La manifestazione slovacca \u00e8 organizzata nell&#8217;ambito del Mese Europeo della Fotografia.<br \/>\nInformazioni: FOTOFO, Stredoeur\u00f3psky dom fotografie (Central European House of Photography), Prepo\u0161tsk\u00e1 4, P.O. BOX 290, 814 99 Bratislava<br \/>\nTel.\/Fax: +421\/2\/54 41 82 14<br \/>\nEmail:\u00a0 <a href=\"mailto:info@sedf.sk\">info@sedf.sk<\/a> Web:\u00a0 <a href=\"http:\/\/www.sedf.sk\" target=\"_blank\">www.sedf.sk<\/a><\/p>\n<p style=\"text-align: justify;\"><span style=\"color: #ff0000;\"><em>9-14 novembre, 2010<br \/>\n<\/em><\/span> <strong><span style=\"color: #ff0000;\"><em><a href=\"http:\/\/www.turismoslovacchia.it\/wp-content\/uploads\/2010\/10\/JedenSvet2010.jpg\" data-rel=\"lightbox-gallery-8SDB510w\" data-rl_title=\"\" data-rl_caption=\"\"><img decoding=\"async\" loading=\"lazy\" class=\"alignright size-full wp-image-199\" title=\"\" src=\"http:\/\/www.turismoslovacchia.it\/wp-content\/uploads\/2010\/10\/JedenSvet2010.jpg\" alt=\"\" width=\"201\" height=\"113\" srcset=\"https:\/\/www.turismoslovacchia.it\/wp-content\/uploads\/2010\/10\/JedenSvet2010.jpg 300w, https:\/\/www.turismoslovacchia.it\/wp-content\/uploads\/2010\/10\/JedenSvet2010-100x56.jpg 100w, https:\/\/www.turismoslovacchia.it\/wp-content\/uploads\/2010\/10\/JedenSvet2010-200x113.jpg 200w, https:\/\/www.turismoslovacchia.it\/wp-content\/uploads\/2010\/10\/JedenSvet2010-150x85.jpg 150w\" sizes=\"(max-width: 201px) 100vw, 201px\" \/><\/a>Festival del film documentario &#8220;Jeden svet&#8221; (Un mondo <\/em><\/span><\/strong><strong><span style=\"color: #ff0000;\"><em>solo<\/em><\/span><\/strong><strong><span style=\"color: #ff0000;\"><em>)<\/em><\/span><br \/>\n<\/strong>Durante il festival vengono presentati molti film documentari provenienti da varie parti del mondo, che non affrontano solo il problema della violazione dei diritti umani. La rassegna di cinema \u00e8 completata da discussioni con gli ospiti (registi, attivisti, giornalisti) provenienti dall&#8217;estero e dalla Slovacchia, oltre a mostre fotografiche, concerti e serate multiculturali.<br \/>\nLuogo: Bratislava<br \/>\nInformazioni: OZ \u010clovek v ohrozen\u00ed (People in peril Association)<br \/>\nTel.:+421\/2\/55 42 22 54, Fax:+421\/2\/55 64 77 07<br \/>\nE-mail: <a href=\"mailto:cvo@changenet.sk\">cvo@changenet.sk<\/a>, Web: <a href=\"http:\/\/www.jedensvet.sk\" target=\"_blank\">www.jedensvet.sk<\/a><\/p>\n<p style=\"text-align: justify;\"><span style=\"color: #ff0000;\"><em>19-20 novembre, 2010<br \/>\n<\/em><\/span><strong><span style=\"color: #ff0000;\"><em><img decoding=\"async\" loading=\"lazy\" class=\"size-full wp-image-256 alignright\" title=\"Cantine aperte\" src=\"http:\/\/www.turismoslovacchia.it\/wp-content\/uploads\/2010\/10\/Cantine-aperte.jpg\" alt=\"\" width=\"200\" height=\"150\" srcset=\"https:\/\/www.turismoslovacchia.it\/wp-content\/uploads\/2010\/10\/Cantine-aperte.jpg 243w, https:\/\/www.turismoslovacchia.it\/wp-content\/uploads\/2010\/10\/Cantine-aperte-100x75.jpg 100w, https:\/\/www.turismoslovacchia.it\/wp-content\/uploads\/2010\/10\/Cantine-aperte-167x125.jpg 167w, https:\/\/www.turismoslovacchia.it\/wp-content\/uploads\/2010\/10\/Cantine-aperte-150x112.jpg 150w\" sizes=\"(max-width: 200px) 100vw, 200px\" \/>Giornata delle Cantine Aperte<\/em><\/span><br \/>\n<\/strong>Informazioni: Ufficio informazioni turistiche di Mal\u00e9 Karpaty di Modra, Sturova 117, 900 01 Modra<br \/>\nTel: +421\/33\/647 43 02, Fax: +421\/33\/647 43 02, Cellulare: 794 +421\/918\/124<br \/>\nE-mail: <a href=\"mailto:tik@post.sk\">tik@post.sk<\/a>, <a href=\"mailto:tik@zoznam.sk\" target=\"_blank\">tik@zoznam.sk<\/a>, Web: <a href=\"http:\/\/www.tik.sk\" target=\"_blank\">www.tik.sk<\/a><\/p>\n<p style=\"text-align: justify;\"><span style=\"color: #ff0000;\"><em>19 novembre &#8211; 5 dicembre, 2010<br \/>\n<\/em><\/span> <strong><span style=\"color: #ff0000;\"><em><img decoding=\"async\" loading=\"lazy\" class=\"alignright size-full wp-image-200\" title=\"Eventi_musica\" src=\"http:\/\/www.turismoslovacchia.it\/wp-content\/uploads\/2010\/10\/Eventi_musica.jpg\" alt=\"\" width=\"150\" height=\"150\" \/>Bratislava Music Festival \/ BHS<\/em><\/span><br \/>\n<\/strong>Il Bratislava Music Festival \u00e8 il pi\u00f9 importante e prestigioso festival internazionale in Slovacchia, con una lunga tradizione essendo partito nel 1964. Dal 1973, il BHS ha rappresentato la Slovacchia nella European Festival Association (EFA) a Bruxelles.<br \/>\nIl Bratislava Music Festival comprende una piattaforma internazionale di interpreti giovani, organizzata dalla European Broadcasting Union (EBU) di Ginevra, patrocinata dall&#8217;UNESCO e dall&#8217;International Music Council (IMC) in collaborazione con la Radio Slovacca. Dal 2003 questa rassegna si svolge sotto il nome di NEW TALENT &#8211; Premio della Fondazione SPP.<br \/>\nLuogo: Bratislava<br \/>\nInformazioni: Bratislava Music Festival, Via Meden\u00e1 n. 3, 816 01 Bratislava<br \/>\nNome: PhDr. Izabela Pa\u017e\u00edtkov\u00e1<br \/>\nTel: 0.378 +421\/2\/5443, +421\/2\/5920 8291, Fax: 2029 +421\/2\/5443<br \/>\nE-mail: <a href=\"mailto: bhsfest@nextra.sk\">bhsfest@nextra.sk<\/a>, Web: <a href=\"http:\/\/www.bhsfestival.sk\" target=\"_blank\">www.bhsfestival.sk<\/a><\/p>\n<p style=\"text-align: justify;\"><span style=\"color: #ff0000;\"><em>26 Novembre &#8211; 23 Dicembre, 2010<br \/>\n<\/em><\/span> <strong><span style=\"color: #ff0000;\"><em><a href=\"http:\/\/www.turismoslovacchia.it\/wp-content\/uploads\/2010\/10\/Mercatino-di-Natale-a-Bratislava.jpg\" data-rel=\"lightbox-gallery-8SDB510w\" data-rl_title=\"\" data-rl_caption=\"\"><img decoding=\"async\" loading=\"lazy\" class=\"alignright size-medium wp-image-201\" title=\"\" src=\"http:\/\/www.turismoslovacchia.it\/wp-content\/uploads\/2010\/10\/Mercatino-di-Natale-a-Bratislava-288x300.jpg\" alt=\"\" width=\"200\" height=\"209\" \/><\/a>Mercatino di Natale a Bratislava<\/em><\/span><br \/>\n<\/strong>Nelle Piazze Hlavne Namestie (Piazza Principale), Franti\u0161k\u00e1nske Namestie, Hviezdoslav Namestie a Bratislava.<br \/>\nUn mese prima di Natale, l&#8217;albero di Natale sar\u00e0 illuminato nella piazza principale nel centro storico della citt\u00e0 di Bratislava, e la piazza si riempir\u00e0 di bancarelle. Il Mercatino di Natale a Bratislava ha un&#8217;atmosfera unica e ogni giorno attira migliaia di persone, che possono incontrare i loro amici, mangiare un po&#8217; di sottili frittelle di patate e bere una tazza di vin brul\u00e8. Tradizionalmente si pu\u00f2 ammazzare la fame mangiando arrosti &#8220;tzigani&#8221; o salsiccia. Oltre alle bancarelle di ristorazione, si possono anche acquistare candele naturali, piccole sculture, ed altri prodotti artistici e di artigianato.<br \/>\nL&#8217;atmosfera di Natale in piazza sar\u00e0 arricchita da musica dal vivo e musica natalizia riprodotta con gli altoparlanti. Ogni sera si possono vedere spettacoli di musica dal vivo, gruppi musicali, concerti per raccolte fondi, spettacoli teatrali e altri eventi.<br \/>\nLuogo: Bratislava &#8211; Stare Mesto (Citt\u00e0 Vecchia)<br \/>\nInformazioni: Comune di Bratislava<br \/>\nTel:. +421\/2\/59 35 61 11<br \/>\n<a href=\"http:\/\/www.bratislava.sk\/vismo\/galerie2.asp?id_org=700000&amp;id_galerie=5009016&amp;p1=51737\" target=\"_blank\">Vedi qui la galleria dello scorso anno<\/a><\/p>\n<div id=\"_mcePaste\" style=\"position: absolute; left: -10000px; top: 0px; width: 1px; height: 1px; overflow: hidden; text-align: justify;\">\n<p><!-- [if gte mso 9]><xml> <w:worddocument> <w:view>Normal<\/w:view> <w:zoom>0<\/w:zoom> <w:trackmoves><\/w:trackmoves> <w:trackformatting><\/w:trackformatting> <w:hyphenationzone>21<\/w:hyphenationzone> <w:punctuationkerning><\/w:punctuationkerning> <w:validateagainstschemas><\/w:validateagainstschemas> <w:saveifxmlinvalid>false<\/w:saveifxmlinvalid> <w:ignoremixedcontent>false<\/w:ignoremixedcontent> <w:alwaysshowplaceholdertext>false<\/w:alwaysshowplaceholdertext> <w:donotpromoteqf><\/w:donotpromoteqf> <w:lidthemeother>SK<\/w:lidthemeother> <w:lidthemeasian>X-NONE<\/w:lidthemeasian> <w:lidthemecomplexscript>X-NONE<\/w:lidthemecomplexscript> <w:compatibility> <w:breakwrappedtables><\/w:breakwrappedtables> <w:snaptogridincell><\/w:snaptogridincell> <w:wraptextwithpunct><\/w:wraptextwithpunct> <w:useasianbreakrules><\/w:useasianbreakrules> <w:dontgrowautofit><\/w:dontgrowautofit> <w:splitpgbreakandparamark><\/w:splitpgbreakandparamark> <w:dontvertaligncellwithsp><\/w:dontvertaligncellwithsp> <w:dontbreakconstrainedforcedtables><\/w:dontbreakconstrainedforcedtables> <w:dontvertalignintxbx><\/w:dontvertalignintxbx> <w:word11kerningpairs><\/w:word11kerningpairs> <w:cachedcolbalance><\/w:cachedcolbalance> <\/w:compatibility> <w:browserlevel>MicrosoftInternetExplorer4<\/w:browserlevel> <m:mathpr> <m:mathfont m:val=\"Cambria Math\"><\/m:mathfont> <m:brkbin m:val=\"before\"><\/m:brkbin> <m:brkbinsub m:val=\"&#45;-\"><\/m:brkbinsub> <m:smallfrac m:val=\"off\"><\/m:smallfrac> <m:dispdef><\/m:dispdef> <m:lmargin m:val=\"0\"><\/m:lmargin> <m:rmargin m:val=\"0\"><\/m:rmargin> <m:defjc m:val=\"centerGroup\"><\/m:defjc> <m:wrapindent m:val=\"1440\"><\/m:wrapindent> <m:intlim m:val=\"subSup\"><\/m:intlim> <m:narylim m:val=\"undOvr\"><\/m:narylim> <\/m:mathpr><\/w:worddocument> <\/xml>< ![endif]--><!-- [if gte mso 9]><xml> <w:latentstyles DefLockedState=\"false\" DefUnhideWhenUsed=\"true\"   DefSemiHidden=\"true\" DefQFormat=\"false\" DefPriority=\"99\"   LatentStyleCount=\"267\"> <w:lsdexception Locked=\"false\" Priority=\"0\" SemiHidden=\"false\"    UnhideWhenUsed=\"false\" QFormat=\"true\" Name=\"Normal\"><\/w:lsdexception> <w:lsdexception Locked=\"false\" Priority=\"9\" SemiHidden=\"false\"    UnhideWhenUsed=\"false\" QFormat=\"true\" Name=\"heading 1\"><\/w:lsdexception> <w:lsdexception Locked=\"false\" Priority=\"9\" QFormat=\"true\" Name=\"heading 2\"><\/w:lsdexception> <w:lsdexception Locked=\"false\" Priority=\"9\" QFormat=\"true\" Name=\"heading 3\"><\/w:lsdexception> <w:lsdexception Locked=\"false\" Priority=\"9\" QFormat=\"true\" Name=\"heading 4\"><\/w:lsdexception> <w:lsdexception Locked=\"false\" Priority=\"9\" QFormat=\"true\" Name=\"heading 5\"><\/w:lsdexception> <w:lsdexception Locked=\"false\" Priority=\"9\" QFormat=\"true\" Name=\"heading 6\"><\/w:lsdexception> <w:lsdexception Locked=\"false\" Priority=\"9\" QFormat=\"true\" Name=\"heading 7\"><\/w:lsdexception> <w:lsdexception Locked=\"false\" Priority=\"9\" QFormat=\"true\" Name=\"heading 8\"><\/w:lsdexception> <w:lsdexception Locked=\"false\" Priority=\"9\" QFormat=\"true\" Name=\"heading 9\"><\/w:lsdexception> <w:lsdexception Locked=\"false\" Priority=\"39\" Name=\"toc 1\"><\/w:lsdexception> <w:lsdexception Locked=\"false\" Priority=\"39\" Name=\"toc 2\"><\/w:lsdexception> <w:lsdexception Locked=\"false\" Priority=\"39\" Name=\"toc 3\"><\/w:lsdexception> <w:lsdexception Locked=\"false\" Priority=\"39\" Name=\"toc 4\"><\/w:lsdexception> <w:lsdexception Locked=\"false\" Priority=\"39\" Name=\"toc 5\"><\/w:lsdexception> <w:lsdexception Locked=\"false\" Priority=\"39\" Name=\"toc 6\"><\/w:lsdexception> <w:lsdexception Locked=\"false\" Priority=\"39\" Name=\"toc 7\"><\/w:lsdexception> <w:lsdexception Locked=\"false\" Priority=\"39\" Name=\"toc 8\"><\/w:lsdexception> <w:lsdexception Locked=\"false\" Priority=\"39\" Name=\"toc 9\"><\/w:lsdexception> <w:lsdexception Locked=\"false\" Priority=\"35\" QFormat=\"true\" Name=\"caption\"><\/w:lsdexception> <w:lsdexception Locked=\"false\" Priority=\"10\" SemiHidden=\"false\"    UnhideWhenUsed=\"false\" QFormat=\"true\" Name=\"Title\"><\/w:lsdexception> <w:lsdexception Locked=\"false\" Priority=\"1\" Name=\"Default Paragraph Font\"><\/w:lsdexception> <w:lsdexception Locked=\"false\" Priority=\"11\" SemiHidden=\"false\"    UnhideWhenUsed=\"false\" QFormat=\"true\" Name=\"Subtitle\"><\/w:lsdexception> <w:lsdexception Locked=\"false\" Priority=\"22\" SemiHidden=\"false\"    UnhideWhenUsed=\"false\" QFormat=\"true\" Name=\"Strong\"><\/w:lsdexception> <w:lsdexception Locked=\"false\" Priority=\"0\" SemiHidden=\"false\"    UnhideWhenUsed=\"false\" QFormat=\"true\" Name=\"Emphasis\"><\/w:lsdexception> <w:lsdexception Locked=\"false\" Priority=\"0\" Name=\"Normal (Web)\"><\/w:lsdexception> <w:lsdexception Locked=\"false\" Priority=\"59\" SemiHidden=\"false\"    UnhideWhenUsed=\"false\" Name=\"Table Grid\"><\/w:lsdexception> <w:lsdexception Locked=\"false\" UnhideWhenUsed=\"false\" Name=\"Placeholder Text\"><\/w:lsdexception> <w:lsdexception Locked=\"false\" Priority=\"1\" SemiHidden=\"false\"    UnhideWhenUsed=\"false\" QFormat=\"true\" Name=\"No Spacing\"><\/w:lsdexception> <w:lsdexception Locked=\"false\" Priority=\"60\" SemiHidden=\"false\"    UnhideWhenUsed=\"false\" Name=\"Light Shading\"><\/w:lsdexception> <w:lsdexception Locked=\"false\" Priority=\"61\" SemiHidden=\"false\"    UnhideWhenUsed=\"false\" Name=\"Light List\"><\/w:lsdexception> <w:lsdexception Locked=\"false\" Priority=\"62\" SemiHidden=\"false\"    UnhideWhenUsed=\"false\" Name=\"Light Grid\"><\/w:lsdexception> <w:lsdexception Locked=\"false\" Priority=\"63\" SemiHidden=\"false\"    UnhideWhenUsed=\"false\" Name=\"Medium Shading 1\"><\/w:lsdexception> <w:lsdexception Locked=\"false\" Priority=\"64\" SemiHidden=\"false\"    UnhideWhenUsed=\"false\" Name=\"Medium Shading 2\"><\/w:lsdexception> <w:lsdexception Locked=\"false\" Priority=\"65\" SemiHidden=\"false\"    UnhideWhenUsed=\"false\" Name=\"Medium List 1\"><\/w:lsdexception> <w:lsdexception Locked=\"false\" Priority=\"66\" SemiHidden=\"false\"    UnhideWhenUsed=\"false\" Name=\"Medium List 2\"><\/w:lsdexception> <w:lsdexception Locked=\"false\" Priority=\"67\" SemiHidden=\"false\"    UnhideWhenUsed=\"false\" Name=\"Medium Grid 1\"><\/w:lsdexception> <w:lsdexception Locked=\"false\" Priority=\"68\" SemiHidden=\"false\"    UnhideWhenUsed=\"false\" Name=\"Medium Grid 2\"><\/w:lsdexception> <w:lsdexception Locked=\"false\" Priority=\"69\" SemiHidden=\"false\"    UnhideWhenUsed=\"false\" Name=\"Medium Grid 3\"><\/w:lsdexception> <w:lsdexception Locked=\"false\" Priority=\"70\" SemiHidden=\"false\"    UnhideWhenUsed=\"false\" Name=\"Dark List\"><\/w:lsdexception> <w:lsdexception Locked=\"false\" Priority=\"71\" SemiHidden=\"false\"    UnhideWhenUsed=\"false\" Name=\"Colorful Shading\"><\/w:lsdexception> <w:lsdexception Locked=\"false\" Priority=\"72\" SemiHidden=\"false\"    UnhideWhenUsed=\"false\" Name=\"Colorful List\"><\/w:lsdexception> <w:lsdexception Locked=\"false\" Priority=\"73\" SemiHidden=\"false\"    UnhideWhenUsed=\"false\" Name=\"Colorful Grid\"><\/w:lsdexception> <w:lsdexception Locked=\"false\" Priority=\"60\" SemiHidden=\"false\"    UnhideWhenUsed=\"false\" Name=\"Light Shading Accent 1\"><\/w:lsdexception> <w:lsdexception Locked=\"false\" Priority=\"61\" SemiHidden=\"false\"    UnhideWhenUsed=\"false\" Name=\"Light List Accent 1\"><\/w:lsdexception> <w:lsdexception Locked=\"false\" Priority=\"62\" SemiHidden=\"false\"    UnhideWhenUsed=\"false\" Name=\"Light Grid Accent 1\"><\/w:lsdexception> <w:lsdexception Locked=\"false\" Priority=\"63\" SemiHidden=\"false\"    UnhideWhenUsed=\"false\" Name=\"Medium Shading 1 Accent 1\"><\/w:lsdexception> <w:lsdexception Locked=\"false\" Priority=\"64\" SemiHidden=\"false\"    UnhideWhenUsed=\"false\" Name=\"Medium Shading 2 Accent 1\"><\/w:lsdexception> <w:lsdexception Locked=\"false\" Priority=\"65\" SemiHidden=\"false\"    UnhideWhenUsed=\"false\" Name=\"Medium List 1 Accent 1\"><\/w:lsdexception> <w:lsdexception Locked=\"false\" UnhideWhenUsed=\"false\" Name=\"Revision\"><\/w:lsdexception> <w:lsdexception Locked=\"false\" Priority=\"34\" SemiHidden=\"false\"    UnhideWhenUsed=\"false\" QFormat=\"true\" Name=\"List Paragraph\"><\/w:lsdexception> <w:lsdexception Locked=\"false\" Priority=\"29\" SemiHidden=\"false\"    UnhideWhenUsed=\"false\" QFormat=\"true\" Name=\"Quote\"><\/w:lsdexception> <w:lsdexception Locked=\"false\" Priority=\"30\" SemiHidden=\"false\"    UnhideWhenUsed=\"false\" QFormat=\"true\" Name=\"Intense Quote\"><\/w:lsdexception> <w:lsdexception Locked=\"false\" Priority=\"66\" SemiHidden=\"false\"    UnhideWhenUsed=\"false\" Name=\"Medium List 2 Accent 1\"><\/w:lsdexception> <w:lsdexception Locked=\"false\" Priority=\"67\" SemiHidden=\"false\"    UnhideWhenUsed=\"false\" Name=\"Medium Grid 1 Accent 1\"><\/w:lsdexception> <w:lsdexception Locked=\"false\" Priority=\"68\" SemiHidden=\"false\"    UnhideWhenUsed=\"false\" Name=\"Medium Grid 2 Accent 1\"><\/w:lsdexception> <w:lsdexception Locked=\"false\" Priority=\"69\" SemiHidden=\"false\"    UnhideWhenUsed=\"false\" Name=\"Medium Grid 3 Accent 1\"><\/w:lsdexception> <w:lsdexception Locked=\"false\" Priority=\"70\" SemiHidden=\"false\"    UnhideWhenUsed=\"false\" Name=\"Dark List Accent 1\"><\/w:lsdexception> <w:lsdexception Locked=\"false\" Priority=\"71\" SemiHidden=\"false\"    UnhideWhenUsed=\"false\" Name=\"Colorful Shading Accent 1\"><\/w:lsdexception> <w:lsdexception Locked=\"false\" Priority=\"72\" SemiHidden=\"false\"    UnhideWhenUsed=\"false\" Name=\"Colorful List Accent 1\"><\/w:lsdexception> <w:lsdexception Locked=\"false\" Priority=\"73\" SemiHidden=\"false\"    UnhideWhenUsed=\"false\" Name=\"Colorful Grid Accent 1\"><\/w:lsdexception> <w:lsdexception Locked=\"false\" Priority=\"60\" SemiHidden=\"false\"    UnhideWhenUsed=\"false\" Name=\"Light Shading Accent 2\"><\/w:lsdexception> <w:lsdexception Locked=\"false\" Priority=\"61\" SemiHidden=\"false\"    UnhideWhenUsed=\"false\" Name=\"Light List Accent 2\"><\/w:lsdexception> <w:lsdexception Locked=\"false\" Priority=\"62\" SemiHidden=\"false\"    UnhideWhenUsed=\"false\" Name=\"Light Grid Accent 2\"><\/w:lsdexception> <w:lsdexception Locked=\"false\" Priority=\"63\" SemiHidden=\"false\"    UnhideWhenUsed=\"false\" Name=\"Medium Shading 1 Accent 2\"><\/w:lsdexception> <w:lsdexception Locked=\"false\" Priority=\"64\" SemiHidden=\"false\"    UnhideWhenUsed=\"false\" Name=\"Medium Shading 2 Accent 2\"><\/w:lsdexception> <w:lsdexception Locked=\"false\" Priority=\"65\" SemiHidden=\"false\"    UnhideWhenUsed=\"false\" Name=\"Medium List 1 Accent 2\"><\/w:lsdexception> <w:lsdexception Locked=\"false\" Priority=\"66\" SemiHidden=\"false\"    UnhideWhenUsed=\"false\" Name=\"Medium List 2 Accent 2\"><\/w:lsdexception> <w:lsdexception Locked=\"false\" Priority=\"67\" SemiHidden=\"false\"    UnhideWhenUsed=\"false\" Name=\"Medium Grid 1 Accent 2\"><\/w:lsdexception> <w:lsdexception Locked=\"false\" Priority=\"68\" SemiHidden=\"false\"    UnhideWhenUsed=\"false\" Name=\"Medium Grid 2 Accent 2\"><\/w:lsdexception> <w:lsdexception Locked=\"false\" Priority=\"69\" SemiHidden=\"false\"    UnhideWhenUsed=\"false\" Name=\"Medium Grid 3 Accent 2\"><\/w:lsdexception> <w:lsdexception Locked=\"false\" Priority=\"70\" SemiHidden=\"false\"    UnhideWhenUsed=\"false\" Name=\"Dark List Accent 2\"><\/w:lsdexception> <w:lsdexception Locked=\"false\" Priority=\"71\" SemiHidden=\"false\"    UnhideWhenUsed=\"false\" Name=\"Colorful Shading Accent 2\"><\/w:lsdexception> <w:lsdexception Locked=\"false\" Priority=\"72\" SemiHidden=\"false\"    UnhideWhenUsed=\"false\" Name=\"Colorful List Accent 2\"><\/w:lsdexception> <w:lsdexception Locked=\"false\" Priority=\"73\" SemiHidden=\"false\"    UnhideWhenUsed=\"false\" Name=\"Colorful Grid Accent 2\"><\/w:lsdexception> <w:lsdexception Locked=\"false\" Priority=\"60\" SemiHidden=\"false\"    UnhideWhenUsed=\"false\" Name=\"Light Shading Accent 3\"><\/w:lsdexception> <w:lsdexception Locked=\"false\" Priority=\"61\" SemiHidden=\"false\"    UnhideWhenUsed=\"false\" Name=\"Light List Accent 3\"><\/w:lsdexception> <w:lsdexception Locked=\"false\" Priority=\"62\" SemiHidden=\"false\"    UnhideWhenUsed=\"false\" Name=\"Light Grid Accent 3\"><\/w:lsdexception> <w:lsdexception Locked=\"false\" Priority=\"63\" SemiHidden=\"false\"    UnhideWhenUsed=\"false\" Name=\"Medium Shading 1 Accent 3\"><\/w:lsdexception> <w:lsdexception Locked=\"false\" Priority=\"64\" SemiHidden=\"false\"    UnhideWhenUsed=\"false\" Name=\"Medium Shading 2 Accent 3\"><\/w:lsdexception> <w:lsdexception Locked=\"false\" Priority=\"65\" SemiHidden=\"false\"    UnhideWhenUsed=\"false\" Name=\"Medium List 1 Accent 3\"><\/w:lsdexception> <w:lsdexception Locked=\"false\" Priority=\"66\" SemiHidden=\"false\"    UnhideWhenUsed=\"false\" Name=\"Medium List 2 Accent 3\"><\/w:lsdexception> <w:lsdexception Locked=\"false\" Priority=\"67\" SemiHidden=\"false\"    UnhideWhenUsed=\"false\" Name=\"Medium Grid 1 Accent 3\"><\/w:lsdexception> <w:lsdexception Locked=\"false\" Priority=\"68\" SemiHidden=\"false\"    UnhideWhenUsed=\"false\" Name=\"Medium Grid 2 Accent 3\"><\/w:lsdexception> <w:lsdexception Locked=\"false\" Priority=\"69\" SemiHidden=\"false\"    UnhideWhenUsed=\"false\" Name=\"Medium Grid 3 Accent 3\"><\/w:lsdexception> <w:lsdexception Locked=\"false\" Priority=\"70\" SemiHidden=\"false\"    UnhideWhenUsed=\"false\" Name=\"Dark List Accent 3\"><\/w:lsdexception> <w:lsdexception Locked=\"false\" Priority=\"71\" SemiHidden=\"false\"    UnhideWhenUsed=\"false\" Name=\"Colorful Shading Accent 3\"><\/w:lsdexception> <w:lsdexception Locked=\"false\" Priority=\"72\" SemiHidden=\"false\"    UnhideWhenUsed=\"false\" Name=\"Colorful List Accent 3\"><\/w:lsdexception> <w:lsdexception Locked=\"false\" Priority=\"73\" SemiHidden=\"false\"    UnhideWhenUsed=\"false\" Name=\"Colorful Grid Accent 3\"><\/w:lsdexception> <w:lsdexception Locked=\"false\" Priority=\"60\" SemiHidden=\"false\"    UnhideWhenUsed=\"false\" Name=\"Light Shading Accent 4\"><\/w:lsdexception> <w:lsdexception Locked=\"false\" Priority=\"61\" SemiHidden=\"false\"    UnhideWhenUsed=\"false\" Name=\"Light List Accent 4\"><\/w:lsdexception> <w:lsdexception Locked=\"false\" Priority=\"62\" SemiHidden=\"false\"    UnhideWhenUsed=\"false\" Name=\"Light Grid Accent 4\"><\/w:lsdexception> <w:lsdexception Locked=\"false\" Priority=\"63\" SemiHidden=\"false\"    UnhideWhenUsed=\"false\" Name=\"Medium Shading 1 Accent 4\"><\/w:lsdexception> <w:lsdexception Locked=\"false\" Priority=\"64\" SemiHidden=\"false\"    UnhideWhenUsed=\"false\" Name=\"Medium Shading 2 Accent 4\"><\/w:lsdexception> <w:lsdexception Locked=\"false\" Priority=\"65\" SemiHidden=\"false\"    UnhideWhenUsed=\"false\" Name=\"Medium List 1 Accent 4\"><\/w:lsdexception> <w:lsdexception Locked=\"false\" Priority=\"66\" SemiHidden=\"false\"    UnhideWhenUsed=\"false\" Name=\"Medium List 2 Accent 4\"><\/w:lsdexception> <w:lsdexception Locked=\"false\" Priority=\"67\" SemiHidden=\"false\"    UnhideWhenUsed=\"false\" Name=\"Medium Grid 1 Accent 4\"><\/w:lsdexception> <w:lsdexception Locked=\"false\" Priority=\"68\" SemiHidden=\"false\"    UnhideWhenUsed=\"false\" Name=\"Medium Grid 2 Accent 4\"><\/w:lsdexception> <w:lsdexception Locked=\"false\" Priority=\"69\" SemiHidden=\"false\"    UnhideWhenUsed=\"false\" Name=\"Medium Grid 3 Accent 4\"><\/w:lsdexception> <w:lsdexception Locked=\"false\" Priority=\"70\" SemiHidden=\"false\"    UnhideWhenUsed=\"false\" Name=\"Dark List Accent 4\"><\/w:lsdexception> <w:lsdexception Locked=\"false\" Priority=\"71\" SemiHidden=\"false\"    UnhideWhenUsed=\"false\" Name=\"Colorful Shading Accent 4\"><\/w:lsdexception> <w:lsdexception Locked=\"false\" Priority=\"72\" SemiHidden=\"false\"    UnhideWhenUsed=\"false\" Name=\"Colorful List Accent 4\"><\/w:lsdexception> <w:lsdexception Locked=\"false\" Priority=\"73\" SemiHidden=\"false\"    UnhideWhenUsed=\"false\" Name=\"Colorful Grid Accent 4\"><\/w:lsdexception> <w:lsdexception Locked=\"false\" Priority=\"60\" SemiHidden=\"false\"    UnhideWhenUsed=\"false\" Name=\"Light Shading Accent 5\"><\/w:lsdexception> <w:lsdexception Locked=\"false\" Priority=\"61\" SemiHidden=\"false\"    UnhideWhenUsed=\"false\" Name=\"Light List Accent 5\"><\/w:lsdexception> <w:lsdexception Locked=\"false\" Priority=\"62\" SemiHidden=\"false\"    UnhideWhenUsed=\"false\" Name=\"Light Grid Accent 5\"><\/w:lsdexception> <w:lsdexception Locked=\"false\" Priority=\"63\" SemiHidden=\"false\"    UnhideWhenUsed=\"false\" Name=\"Medium Shading 1 Accent 5\"><\/w:lsdexception> <w:lsdexception Locked=\"false\" Priority=\"64\" SemiHidden=\"false\"    UnhideWhenUsed=\"false\" Name=\"Medium Shading 2 Accent 5\"><\/w:lsdexception> <w:lsdexception Locked=\"false\" Priority=\"65\" SemiHidden=\"false\"    UnhideWhenUsed=\"false\" Name=\"Medium List 1 Accent 5\"><\/w:lsdexception> <w:lsdexception Locked=\"false\" Priority=\"66\" SemiHidden=\"false\"    UnhideWhenUsed=\"false\" Name=\"Medium List 2 Accent 5\"><\/w:lsdexception> <w:lsdexception Locked=\"false\" Priority=\"67\" SemiHidden=\"false\"    UnhideWhenUsed=\"false\" Name=\"Medium Grid 1 Accent 5\"><\/w:lsdexception> <w:lsdexception Locked=\"false\" Priority=\"68\" SemiHidden=\"false\"    UnhideWhenUsed=\"false\" Name=\"Medium Grid 2 Accent 5\"><\/w:lsdexception> <w:lsdexception Locked=\"false\" Priority=\"69\" SemiHidden=\"false\"    UnhideWhenUsed=\"false\" Name=\"Medium Grid 3 Accent 5\"><\/w:lsdexception> <w:lsdexception Locked=\"false\" Priority=\"70\" SemiHidden=\"false\"    UnhideWhenUsed=\"false\" Name=\"Dark List Accent 5\"><\/w:lsdexception> <w:lsdexception Locked=\"false\" Priority=\"71\" SemiHidden=\"false\"    UnhideWhenUsed=\"false\" Name=\"Colorful Shading Accent 5\"><\/w:lsdexception> <w:lsdexception Locked=\"false\" Priority=\"72\" SemiHidden=\"false\"    UnhideWhenUsed=\"false\" Name=\"Colorful List Accent 5\"><\/w:lsdexception> <w:lsdexception Locked=\"false\" Priority=\"73\" SemiHidden=\"false\"    UnhideWhenUsed=\"false\" Name=\"Colorful Grid Accent 5\"><\/w:lsdexception> <w:lsdexception Locked=\"false\" Priority=\"60\" SemiHidden=\"false\"    UnhideWhenUsed=\"false\" Name=\"Light Shading Accent 6\"><\/w:lsdexception> <w:lsdexception Locked=\"false\" Priority=\"61\" SemiHidden=\"false\"    UnhideWhenUsed=\"false\" Name=\"Light List Accent 6\"><\/w:lsdexception> <w:lsdexception Locked=\"false\" Priority=\"62\" SemiHidden=\"false\"    UnhideWhenUsed=\"false\" Name=\"Light Grid Accent 6\"><\/w:lsdexception> <w:lsdexception Locked=\"false\" Priority=\"63\" SemiHidden=\"false\"    UnhideWhenUsed=\"false\" Name=\"Medium Shading 1 Accent 6\"><\/w:lsdexception> <w:lsdexception Locked=\"false\" Priority=\"64\" SemiHidden=\"false\"    UnhideWhenUsed=\"false\" Name=\"Medium Shading 2 Accent 6\"><\/w:lsdexception> <w:lsdexception Locked=\"false\" Priority=\"65\" SemiHidden=\"false\"    UnhideWhenUsed=\"false\" Name=\"Medium List 1 Accent 6\"><\/w:lsdexception> <w:lsdexception Locked=\"false\" Priority=\"66\" SemiHidden=\"false\"    UnhideWhenUsed=\"false\" Name=\"Medium List 2 Accent 6\"><\/w:lsdexception> <w:lsdexception Locked=\"false\" Priority=\"67\" SemiHidden=\"false\"    UnhideWhenUsed=\"false\" Name=\"Medium Grid 1 Accent 6\"><\/w:lsdexception> <w:lsdexception Locked=\"false\" Priority=\"68\" SemiHidden=\"false\"    UnhideWhenUsed=\"false\" Name=\"Medium Grid 2 Accent 6\"><\/w:lsdexception> <w:lsdexception Locked=\"false\" Priority=\"69\" SemiHidden=\"false\"    UnhideWhenUsed=\"false\" Name=\"Medium Grid 3 Accent 6\"><\/w:lsdexception> <w:lsdexception Locked=\"false\" Priority=\"70\" SemiHidden=\"false\"    UnhideWhenUsed=\"false\" Name=\"Dark List Accent 6\"><\/w:lsdexception> <w:lsdexception Locked=\"false\" Priority=\"71\" SemiHidden=\"false\"    UnhideWhenUsed=\"false\" Name=\"Colorful Shading Accent 6\"><\/w:lsdexception> <w:lsdexception Locked=\"false\" Priority=\"72\" SemiHidden=\"false\"    UnhideWhenUsed=\"false\" Name=\"Colorful List Accent 6\"><\/w:lsdexception> <w:lsdexception Locked=\"false\" Priority=\"73\" SemiHidden=\"false\"    UnhideWhenUsed=\"false\" Name=\"Colorful Grid Accent 6\"><\/w:lsdexception> <w:lsdexception Locked=\"false\" Priority=\"19\" SemiHidden=\"false\"    UnhideWhenUsed=\"false\" QFormat=\"true\" Name=\"Subtle Emphasis\"><\/w:lsdexception> <w:lsdexception Locked=\"false\" Priority=\"21\" SemiHidden=\"false\"    UnhideWhenUsed=\"false\" QFormat=\"true\" Name=\"Intense Emphasis\"><\/w:lsdexception> <w:lsdexception Locked=\"false\" Priority=\"31\" SemiHidden=\"false\"    UnhideWhenUsed=\"false\" QFormat=\"true\" Name=\"Subtle Reference\"><\/w:lsdexception> <w:lsdexception Locked=\"false\" Priority=\"32\" SemiHidden=\"false\"    UnhideWhenUsed=\"false\" QFormat=\"true\" Name=\"Intense Reference\"><\/w:lsdexception> <w:lsdexception Locked=\"false\" Priority=\"33\" SemiHidden=\"false\"    UnhideWhenUsed=\"false\" QFormat=\"true\" Name=\"Book Title\"><\/w:lsdexception> <w:lsdexception Locked=\"false\" Priority=\"37\" Name=\"Bibliography\"><\/w:lsdexception> <w:lsdexception Locked=\"false\" Priority=\"39\" QFormat=\"true\" Name=\"TOC Heading\"><\/w:lsdexception> <\/w:latentstyles> <\/xml>< ![endif]--><!-- [if gte mso 10]> <mce:style>< !   \/* Style Definitions *\/  table.MsoNormalTable \t{mso-style-name:\"Norm\u00e1lna tabu\u013eka\"; \tmso-tstyle-rowband-size:0; \tmso-tstyle-colband-size:0; \tmso-style-noshow:yes; \tmso-style-priority:99; \tmso-style-qformat:yes; \tmso-style-parent:\"\"; \tmso-padding-alt:0cm 5.4pt 0cm 5.4pt; \tmso-para-margin:0cm; \tmso-para-margin-bottom:.0001pt; \tmso-pagination:widow-orphan; \tfont-size:11.0pt; \tfont-family:\"Calibri\",\"sans-serif\"; \tmso-ascii-font-family:Calibri; \tmso-ascii-theme-font:minor-latin; \tmso-fareast-font-family:\"Times New Roman\"; \tmso-fareast-theme-font:minor-fareast; \tmso-hansi-font-family:Calibri; \tmso-hansi-theme-font:minor-latin; \tmso-bidi-font-family:\"Times New Roman\"; \tmso-bidi-theme-font:minor-bidi;} --> <!--[endif]--><\/p>\n<p class=\"MsoNormal\" style=\"margin-bottom: 0.0001pt; line-height: normal;\"><strong><span lang=\"EN-GB\" style=\"font-size: 12pt; font-family: &amp;amp;\">September 15 \u2013 December 6, 2010<\/span><\/strong><\/p>\n<p class=\"MsoNormal\" style=\"margin-bottom: 0.0001pt; line-height: normal;\"><strong><span lang=\"EN-GB\" style=\"font-size: 12pt; font-family: &amp;amp;\">Vi\u0161egr\u00e1d days<\/span><\/strong><\/p>\n<p class=\"MsoNormal\" style=\"margin-bottom: 0.0001pt; line-height: normal;\"><span lang=\"EN-GB\" style=\"font-size: 10pt; font-family: &amp;amp;\">This regularly held event will again bring to Ko\u0161ice all the best of the central European culture scene. The visitors can look forward to many performances and perfect artists from the Czech Republic, Hungary, Poland and Slovakia.<\/span><\/p>\n<p class=\"MsoNormal\" style=\"margin-bottom: 0.0001pt; line-height: normal;\"><strong><span lang=\"EN-GB\" style=\"font-size: 10pt; font-family: &amp;amp;\">Venue:<\/span><\/strong><span lang=\"EN-GB\" style=\"font-size: 10pt; font-family: &amp;amp;\"> Ko\u0161ice<\/span><\/p>\n<p class=\"MsoNormal\" style=\"margin-bottom: 0.0001pt; line-height: normal;\"><strong><span lang=\"EN-GB\" style=\"font-size: 10pt; font-family: &amp;amp;\">Information:<\/span><\/strong><span lang=\"EN-GB\" style=\"font-size: 10pt; font-family: &amp;amp;\"> Zdru\u017eenie Forsa (Forsa group), Rosn\u00e1 Street no. 6, Ko\u0161ice<\/span><\/p>\n<p class=\"MsoNormal\" style=\"margin-bottom: 0.0001pt; line-height: normal;\"><span lang=\"EN-GB\" style=\"font-size: 10pt; font-family: &amp;amp;\">Tel.: +421\/55\/622 04 21<\/span><\/p>\n<p class=\"MsoNormal\" style=\"margin-bottom: 0.0001pt; line-height: normal;\"><span lang=\"EN-GB\" style=\"font-size: 10pt; font-family: &amp;amp;\">E-mail: klubm@pobox.sk<\/span><\/p>\n<p class=\"MsoNormal\" style=\"margin-bottom: 0.0001pt; text-align: justify; line-height: normal;\">\n<p class=\"F2-ZkladnText\"><strong><span lang=\"EN-GB\" style=\"font-family: &amp;amp;\">November 2 \u2013 30, 2010<\/span><\/strong><\/p>\n<p class=\"F2-ZkladnText\"><strong><span lang=\"EN-GB\" style=\"font-family: &amp;amp;\">Month of photography<\/span><\/strong><\/p>\n<p class=\"F2-ZkladnText\"><span lang=\"EN-GB\" style=\"font-size: 10pt; font-family: &amp;amp;\">In November, you will see photographs of renowned photographers in all Bratislava galleries as well as in other European capitals. The Slovak event is organised within the European Month of Photography.<\/span><\/p>\n<p class=\"F2-ZkladnText\"><strong><span lang=\"EN-GB\" style=\"font-size: 10pt; font-family: &amp;amp;\">Information:<\/span><\/strong><span lang=\"EN-GB\" style=\"font-size: 10pt; font-family: &amp;amp;\"> FOTOFO, Stredoeur\u00f3psky dom fotografie (Central European House of Photography), Prepo\u0161tsk\u00e1 4, P.O. BOX 290, 814 99 Bratislava <\/span><\/p>\n<p class=\"F2-ZkladnText\"><span lang=\"EN-GB\" style=\"font-size: 10pt; font-family: &amp;amp;\">Tel.\/Fax: +421\/2\/54 41 82 14<\/span><\/p>\n<p class=\"F2-ZkladnText\"><span lang=\"EN-GB\" style=\"font-size: 10pt; font-family: &amp;amp;\">Email: info@sedf.sk Web: www.sedf.sk <\/span><\/p>\n<p class=\"F2-ZkladnText\">\n<p class=\"F2-ZkladnText\"><strong><span lang=\"EN-GB\" style=\"font-family: &amp;amp;\">November 9 \u2013 14, 2010<\/span><\/strong><\/p>\n<p class=\"F2-ZkladnText\"><strong><span lang=\"EN-GB\" style=\"font-family: &amp;amp;\">Festival of documentary films \u201cJeden svet\u201d<\/span><\/strong><\/p>\n<p class=\"F2-ZkladnText\"><span lang=\"EN-GB\" style=\"font-size: 10pt; font-family: &amp;amp;\">During the festival, many documentary films from various parts of the world dealing not only with the problem of violating human rights will be presented. The film show is supplemented with discussions with the guests (directors, activists, journalists) from abroad and from Slovakia, photography exhibitions, concerts and multicultural evenings.<\/span><\/p>\n<p><strong><span lang=\"EN-GB\" style=\"font-size: 10pt; font-family: &amp;amp;\">Venue:<\/span><\/strong><span lang=\"EN-GB\" style=\"font-size: 10pt; font-family: &amp;amp;\"> Bratislava<\/span><\/p>\n<p><strong><span lang=\"EN-GB\" style=\"font-size: 10pt; font-family: &amp;amp;\">Organiser:<\/span><\/strong><span lang=\"EN-GB\" style=\"font-size: 10pt; font-family: &amp;amp;\"> OZ \u010clovek v\u00a0ohrozen\u00ed<\/span><\/p>\n<p><span lang=\"EN-GB\" style=\"font-size: 10pt; font-family: &amp;amp;\">Tel.:<em><span style=\"font-family: &amp;amp; amp; font-style: normal;\">+421\/2\/55 42 22 54, Fax:+421\/2\/55 64 77 07<\/span><\/em><\/span><\/p>\n<p class=\"F2-ZkladnText\"><em><span lang=\"EN-GB\" style=\"font-size: 10pt; font-family: &amp;amp; amp; font-style: normal;\">E-mail: <\/span><\/em><span lang=\"EN-GB\" style=\"font-size: 10pt; font-family: &amp;amp;\">cvo@changenet.sk, Web: www.jedensvet.sk <\/span><\/p>\n<p class=\"MsoNormal\" style=\"margin-bottom: 0.0001pt; text-align: justify; line-height: normal;\">\n<p class=\"F2-ZkladnText\" style=\"text-align: left;\"><strong><span lang=\"EN-GB\" style=\"font-family: &amp;amp;\">November 19 \u2013 20, 2010<\/span><\/strong><\/p>\n<p class=\"MsoNormal\" style=\"margin-bottom: 0.0001pt; text-align: justify; line-height: normal;\"><strong><span lang=\"EN-GB\" style=\"font-size: 12pt; font-family: &amp;amp;\">Day of open cellars<\/span><\/strong><\/p>\n<p class=\"MsoNormal\" style=\"margin-bottom: 0.0001pt; text-align: justify; line-height: normal;\"><strong><span lang=\"EN-GB\" style=\"font-size: 10pt; font-family: &amp;amp;\">Information:<\/span><\/strong><span lang=\"EN-GB\" style=\"font-size: 10pt; font-family: &amp;amp;\"> Tourist information office Mal\u00e9 Karpaty in Modra, <\/span><span lang=\"EN-GB\" style=\"font-size: 10pt; font-family: &amp;amp;\">\u0160t\u00farova 117, 900 01 Modra<\/span><\/p>\n<p class=\"MsoNormal\" style=\"margin-bottom: 0.0001pt; text-align: justify; line-height: normal;\"><span lang=\"EN-GB\" style=\"font-size: 10pt; font-family: &amp;amp;\">Tel: +421\/33\/647 43 02, Fax: +421\/33\/647 43 02, Mobile phone: +421\/918\/124 794<\/span><\/p>\n<p class=\"MsoNormal\" style=\"margin-bottom: 0.0001pt; text-align: justify; line-height: normal;\"><span lang=\"EN-GB\" style=\"font-size: 10pt; font-family: &amp;amp;\">E-mail: tik@post.sk, tik@ zoznam.sk, Web: www.tik.sk <\/span><\/p>\n<p class=\"MsoNormal\" style=\"margin-bottom: 0.0001pt; text-align: justify; line-height: normal;\">\n<p class=\"MsoNormal\" style=\"margin-bottom: 0.0001pt; line-height: normal;\"><strong><span lang=\"EN-GB\" style=\"font-size: 12pt; font-family: &amp;amp;\">November 19 &#8211; December 5, 2010<\/span><\/strong><\/p>\n<p class=\"MsoNormal\" style=\"margin-bottom: 0.0001pt; line-height: normal;\"><strong><span lang=\"EN-GB\" style=\"font-size: 12pt; font-family: &amp;amp;\">Bratislava music festival\/ BHS<\/span><\/strong><\/p>\n<p class=\"MsoNormal\" style=\"margin-bottom: 0.0001pt; text-align: justify; line-height: normal;\"><span lang=\"EN-GB\" style=\"font-size: 10pt; font-family: &amp;amp;\">The Bratislava music festival is the most significant and prestigious international festival in Slovakia with a long tradition (1964). Since 1973, the BHS has been representing Slovakia in The European Festivals Association (EFA) in Brussels.<\/span><\/p>\n<p class=\"MsoNormal\" style=\"margin-bottom: 0.0001pt; text-align: justify; line-height: normal;\"><span lang=\"EN-GB\" style=\"font-size: 10pt; font-family: &amp;amp;\">The BHS includes international platform of young interprets organised by the European Broadcasting Union (EBU) in Geneva, sponsored by UNESCO and the International Music Council (IMC) in cooperation with Slovensk\u00fd rozhlas. <\/span><\/p>\n<p class=\"MsoNormal\" style=\"margin-bottom: 0.0001pt; text-align: justify; line-height: normal;\"><span lang=\"EN-GB\" style=\"font-size: 10pt; font-family: &amp;amp;\">Since 2003, it is held under the name NEW TALENT \u2013 Prize of the SPP Foundation.<\/span><\/p>\n<p class=\"MsoNormal\" style=\"margin-bottom: 0.0001pt; text-align: justify; line-height: normal;\"><strong><span lang=\"EN-GB\" style=\"font-size: 10pt; font-family: &amp;amp;\">Venue:<\/span><\/strong><span lang=\"EN-GB\" style=\"font-size: 10pt; font-family: &amp;amp;\"> Bratislava<\/span><\/p>\n<p class=\"MsoNormal\" style=\"margin-bottom: 0.0001pt; text-align: justify; line-height: normal;\"><strong><span lang=\"EN-GB\" style=\"font-size: 10pt; font-family: &amp;amp;\">Organiser:<\/span><\/strong><span lang=\"EN-GB\" style=\"font-size: 10pt; font-family: &amp;amp;\"> Management of the Bratislava music festival, Meden\u00e1 Street no. 3, 816 01 Bratislava <\/span><\/p>\n<p class=\"MsoNormal\" style=\"margin-bottom: 0.0001pt; text-align: justify; line-height: normal;\"><span lang=\"EN-GB\" style=\"font-size: 10pt; font-family: &amp;amp;\">Name: PhDr. Izabela Pa\u017e\u00edtkov\u00e1 <\/span><\/p>\n<p class=\"MsoNormal\" style=\"margin-bottom: 0.0001pt; text-align: justify; line-height: normal;\"><span lang=\"EN-GB\" style=\"font-size: 10pt; font-family: &amp;amp;\">Tel: +421\/2\/5443 0378, +421\/2\/5920 8291, Fax: +421\/2\/5443 2029<\/span><\/p>\n<p class=\"MsoNormal\" style=\"margin-bottom: 0.0001pt; text-align: justify; line-height: normal;\"><span lang=\"EN-GB\" style=\"font-size: 10pt; font-family: &amp;amp;\">E-mail: bhsfest@nextra.sk, Web: www.bhsfestival.sk <\/span><\/p>\n<p class=\"MsoNormal\" style=\"margin-bottom: 0.0001pt; text-align: justify; line-height: normal;\">\n<p class=\"F2-ZkladnText\">\n<p class=\"F2-ZkladnText\"><strong><span lang=\"EN-GB\" style=\"font-family: &amp;amp;\">November 26 \u2013 December 23, 2010<\/span><\/strong><\/p>\n<p class=\"F2-ZkladnText\"><strong><span lang=\"EN-GB\" style=\"font-family: &amp;amp;\">The Christmas Market<\/span><\/strong><\/p>\n<p class=\"F2-ZkladnText\"><span lang=\"EN-GB\" style=\"font-size: 10pt; font-family: &amp;amp;\">Main Square, Franti\u0161k\u00e1nske Square, Hviezdoslav\u2019s Square in Bratislava<\/span><\/p>\n<p class=\"F2-ZkladnText\"><span lang=\"EN-GB\" style=\"font-size: 10pt; font-family: &amp;amp;\">A month before Christmas, a Christmas tree will be lit in the Main Square in the Bratislava city centre, and the square will be filled with many stalls. The Christmas Market in Bratislava has a unique atmosphere and every day attracts thousands of people, who can meet their friends, eat some thin potato pancakes and drink a cup of mulled wine here. Hunger can traditionally be satisfied by eating \u201cGypsy\u201d roast or sausage. Apart from refreshment stalls, you can also find here stalls selling presents, natural candles, small sculptures, and other artistic products.<\/span><\/p>\n<p class=\"F2-ZkladnText\"><span lang=\"EN-GB\" style=\"font-size: 10pt; font-family: &amp;amp;\">The Christmas atmosphere in the square will be enhanced by live Christmas music or music played through loudspeakers. Every evening you can look forward to seeing live music performances, music troupes, fund-raising concerts, theatrical performances, and other events.<\/span><\/p>\n<p class=\"F2-ZkladnText\"><strong><span lang=\"EN-GB\" style=\"font-size: 10pt; font-family: &amp;amp;\">Venue:<\/span><\/strong><span lang=\"EN-GB\" style=\"font-size: 10pt; font-family: &amp;amp;\"> Bratislava \u2013 Old Town<\/span><\/p>\n<p class=\"F2-ZkladnText\"><strong><span lang=\"EN-GB\" style=\"font-size: 10pt; font-family: &amp;amp;\">Organizer:<\/span><\/strong><span lang=\"EN-GB\" style=\"font-size: 10pt; font-family: &amp;amp;\"> Municipality of the capital of the Slovak Republic &#8211; Bratislava<\/span><\/p>\n<p class=\"F2-ZkladnText\"><span lang=\"EN-GB\" style=\"font-size: 10pt; font-family: &amp;amp;\">Tel.: +421\/2\/59 35 61 11<\/span><\/p>\n<p class=\"F2-ZkladnText\">\n<p>&nbsp;<\/p>\n<p><\/mce:style><\/div>\n","protected":false},"excerpt":{"rendered":"<p>Calendario eventi NOVEMBRE 2010 15 settembre &#8211; 6 dicembre, 2010 Giornate di Visegrad Questo evento porta a Kosice tutto il meglio della scena della cultura centro-europea. I visitatori possono aspettarsi molti spettacoli e ottimi artisti provenienti dalla Repubblica Ceca, l&#8217;Ungheria, la Polonia e la Slovacchia. Luogo: Ko\u0161ice Informazioni: Zdru\u017eenie Forsa (gruppo Forsa), Via Rosn\u00e1 n. [&hellip;]<\/p>\n","protected":false},"author":2,"featured_media":249,"comment_status":"open","ping_status":"open","sticky":false,"template":"","format":"standard","meta":[],"categories":[5],"tags":[46,9,30,8,29,42,34,43,22,45,15,44,38,31,6,7,41],"aioseo_notices":[],"jetpack_featured_media_url":"https:\/\/www.turismoslovacchia.it\/wp-content\/uploads\/2010\/10\/Eventi-in-Slovacchia.jpg","jetpack_sharing_enabled":true,"jetpack-related-posts":[{"id":207,"url":"https:\/\/www.turismoslovacchia.it\/?p=207","url_meta":{"origin":197,"position":0},"title":"Eventi in Slovacchia \u2013 DICEMBRE 2010","date":"10 Ottobre 2010","format":false,"excerpt":"Calendario eventi NOVEMBRE 2010 15 settembre - 6 dicembre, 2010 Giornate di Visegrad Questo evento porta a Kosice tutto il meglio della scena della cultura centro-europea. I visitatori possono aspettarsi molti spettacoli e ottimi artisti provenienti dalla Repubblica Ceca, l'Ungheria, la Polonia e la Slovacchia. Luogo: Ko\u0161ice Informazioni: Zdru\u017eenie Forsa\u2026","rel":"","context":"In &quot;Eventi&quot;","img":{"alt_text":"","src":"https:\/\/i0.wp.com\/www.turismoslovacchia.it\/wp-content\/uploads\/2010\/10\/Eventi-in-Slovacchia.jpg?resize=350%2C200&ssl=1","width":350,"height":200},"classes":[]},{"id":173,"url":"https:\/\/www.turismoslovacchia.it\/?p=173","url_meta":{"origin":197,"position":1},"title":"Eventi in Slovacchia \u2013 OTTOBRE 2010","date":"10 Ottobre 2010","format":false,"excerpt":"Calendario eventi OTTOBRE 2010 15 settembre - 6 dicembre, 2010 Giornate di Visegrad Questo evento porta a Ko\u0161ice tutto il meglio della scena della cultura centro-europea. I visitatori possono aspettarsi molti spettacoli e ottimi artisti provenienti dalla Repubblica Ceca, l'Ungheria, la Polonia e la Slovacchia. Luogo: Ko\u0161ice Informazioni: Zdru\u017eenie Forsa\u2026","rel":"","context":"In &quot;Eventi&quot;","img":{"alt_text":"","src":"https:\/\/i0.wp.com\/www.turismoslovacchia.it\/wp-content\/uploads\/2010\/10\/Eventi-in-Slovacchia.jpg?resize=350%2C200&ssl=1","width":350,"height":200},"classes":[]},{"id":1533,"url":"https:\/\/www.turismoslovacchia.it\/?p=1533","url_meta":{"origin":197,"position":2},"title":"Eventi in Slovacchia \u2013 NOVEMBRE 2012","date":"20 Ottobre 2012","format":false,"excerpt":"Calendario eventi NOVEMBRE 2012 25.09 - 3.12.2012 Giornate di Visegrad - Vi\u0161egr\u00e1dske dni, Ko\u0161ice Appuntamento fisso dell\u2019autunno nella seconda citta' della Slovacchia, che ancora una volta porta a Kosice il meglio di ci\u00f2 che sta accadendo nella vita culturale delle nazioni centro-europei. Si pu\u00f2 godere di spettacoli e artisti eccezionali\u2026","rel":"","context":"In &quot;Eventi&quot;","img":{"alt_text":"","src":"https:\/\/i0.wp.com\/www.turismoslovacchia.it\/wp-content\/uploads\/2010\/10\/Eventi-in-Slovacchia.jpg?resize=350%2C200&ssl=1","width":350,"height":200},"classes":[]},{"id":1440,"url":"https:\/\/www.turismoslovacchia.it\/?p=1440","url_meta":{"origin":197,"position":3},"title":"Eventi in Slovacchia \u2013 SETTEMBRE 2012","date":"1 Settembre 2012","format":false,"excerpt":"Calendario eventi SETTEMBRE 2012 Fino al 9.09.2012 Bratislava - Estate culturale In estate, Bratislava vive di cultura. Nelle strade del centro storico i visitatori possono trovare teatro di strada, concerti folk, jazz, pop e lirici, artigianato tradizionale, cinema all'aperto e molto altro. Luogo: Bratislava, Stare Mesto Email: info@bkis.sk Web: www.bkis.skv\u2026","rel":"","context":"In &quot;Eventi&quot;","img":{"alt_text":"","src":"https:\/\/i0.wp.com\/www.turismoslovacchia.it\/wp-content\/uploads\/2010\/10\/Eventi-in-Slovacchia.jpg?resize=350%2C200&ssl=1","width":350,"height":200},"classes":[]},{"id":1600,"url":"https:\/\/www.turismoslovacchia.it\/?p=1600","url_meta":{"origin":197,"position":4},"title":"Ko\u0161ice \u00e8 tra le destinazioni top del 2013 secondo CNN","date":"13 Gennaio 2013","format":false,"excerpt":"La Slovacchia all\u2019attenzione dei media internazionali. L\u2019americana CNN ha messo Ko\u0161ice tra le sette bellezze e principali destinazioni turistiche del 2013. Insieme alla metropoli dell'est della Slovacchia ci sono la Scozia, la capitale del Marocco Rabat, l\u2019Africa sub-Sahariana, Gettysburg, in Pennsylvania (per i 150 anni dalla fine della Guerra di\u2026","rel":"","context":"In &quot;Articoli&quot;","img":{"alt_text":"","src":"https:\/\/i0.wp.com\/www.turismoslovacchia.it\/wp-content\/uploads\/kosice-chies-cattedr_slovakia-travel.jpg?resize=350%2C200&ssl=1","width":350,"height":200},"classes":[]},{"id":1526,"url":"https:\/\/www.turismoslovacchia.it\/?p=1526","url_meta":{"origin":197,"position":5},"title":"Eventi in Slovacchia \u2013 OTTOBRE 2012","date":"27 Settembre 2012","format":false,"excerpt":"Calendario eventi OTTOBRE 2012 28.09 - 14.10.2012 Bratislava Music Festival \/ BHS Pi\u00f9 importante festival musicale in Slovacchia, il presitigioso Bratislava Music Festival (Bratislavsk\u00e9 hudobn\u00e9 sl\u00e1vnosti) ha una lunga tradizione che data al 1964. Dal 1973, il festival \u00e8 l'unico rappresentante slovacco all\u2019EFA, l\u2019Associazione Europea dei Festival che ha sede\u2026","rel":"","context":"In &quot;Eventi&quot;","img":{"alt_text":"","src":"https:\/\/i0.wp.com\/www.turismoslovacchia.it\/wp-content\/uploads\/2010\/10\/Eventi-in-Slovacchia.jpg?resize=350%2C200&ssl=1","width":350,"height":200},"classes":[]}],"jetpack_shortlink":"https:\/\/wp.me\/p1oiY9-3b","_links":{"self":[{"href":"https:\/\/www.turismoslovacchia.it\/index.php?rest_route=\/wp\/v2\/posts\/197"}],"collection":[{"href":"https:\/\/www.turismoslovacchia.it\/index.php?rest_route=\/wp\/v2\/posts"}],"about":[{"href":"https:\/\/www.turismoslovacchia.it\/index.php?rest_route=\/wp\/v2\/types\/post"}],"author":[{"embeddable":true,"href":"https:\/\/www.turismoslovacchia.it\/index.php?rest_route=\/wp\/v2\/users\/2"}],"replies":[{"embeddable":true,"href":"https:\/\/www.turismoslovacchia.it\/index.php?rest_route=%2Fwp%2Fv2%2Fcomments&post=197"}],"version-history":[{"count":0,"href":"https:\/\/www.turismoslovacchia.it\/index.php?rest_route=\/wp\/v2\/posts\/197\/revisions"}],"wp:featuredmedia":[{"embeddable":true,"href":"https:\/\/www.turismoslovacchia.it\/index.php?rest_route=\/wp\/v2\/media\/249"}],"wp:attachment":[{"href":"https:\/\/www.turismoslovacchia.it\/index.php?rest_route=%2Fwp%2Fv2%2Fmedia&parent=197"}],"wp:term":[{"taxonomy":"category","embeddable":true,"href":"https:\/\/www.turismoslovacchia.it\/index.php?rest_route=%2Fwp%2Fv2%2Fcategories&post=197"},{"taxonomy":"post_tag","embeddable":true,"href":"https:\/\/www.turismoslovacchia.it\/index.php?rest_route=%2Fwp%2Fv2%2Ftags&post=197"}],"curies":[{"name":"wp","href":"https:\/\/api.w.org\/{rel}","templated":true}]}}