{"id":1913,"date":"2013-05-24T17:39:43","date_gmt":"2013-05-24T15:39:43","guid":{"rendered":"http:\/\/www.turismoslovacchia.it\/?p=1913"},"modified":"2015-05-15T17:20:57","modified_gmt":"2015-05-15T15:20:57","slug":"museo-dellanno-in-slovacchia-la-civica-di-bratislava-fa-il-tris","status":"publish","type":"post","link":"https:\/\/www.turismoslovacchia.it\/?p=1913","title":{"rendered":"Museo dell\u2019Anno in Slovacchia: la Civica di Bratislava fa il tris"},"content":{"rendered":"<p style=\"text-align: justify;\"><img decoding=\"async\" loading=\"lazy\" class=\"alignnone size-full wp-image-1236\" title=\"picasso alla GMB Bratislava\" src=\"http:\/\/www.turismoslovacchia.it\/wp-content\/uploads\/picasso-alla-GMB-Bratislava.jpg\" alt=\"\" width=\"520\" height=\"320\" srcset=\"https:\/\/www.turismoslovacchia.it\/wp-content\/uploads\/picasso-alla-GMB-Bratislava.jpg 520w, https:\/\/www.turismoslovacchia.it\/wp-content\/uploads\/picasso-alla-GMB-Bratislava-300x185.jpg 300w, https:\/\/www.turismoslovacchia.it\/wp-content\/uploads\/picasso-alla-GMB-Bratislava-400x246.jpg 400w, https:\/\/www.turismoslovacchia.it\/wp-content\/uploads\/picasso-alla-GMB-Bratislava-100x62.jpg 100w, https:\/\/www.turismoslovacchia.it\/wp-content\/uploads\/picasso-alla-GMB-Bratislava-200x123.jpg 200w, https:\/\/www.turismoslovacchia.it\/wp-content\/uploads\/picasso-alla-GMB-Bratislava-150x92.jpg 150w\" sizes=\"(max-width: 520px) 100vw, 520px\" \/><\/p>\n<p style=\"text-align: justify;\">Il titolo Museo dell\u2019Anno 2012 \u00e8 stato consegnato l&#8217;altro ieri in una cerimonia che si \u00e8 tenuta presso il Ministero della Cultura a margine delle celebrazioni per la Giornata Internazionale dei Musei (svoltasi venerd\u00ec 18 maggio). Alla cerimonia il Ministro Marek Madaric ha sottolineato l\u2019importanza della conservazione, restauro e valorizzazione del patrimonio culturale nazionale, e ha detto che \u00abchi non si rapporta con il passato, e non conserva il patrimonio dei nostri antenati\u00bb, non ha un grande futuro. Io voglio credere \u00abche la Slovacchia abbia un futuro\u00bb. Il ministro ha ringraziato tutti coloro che in qualche modo hanno contribuito alla conservazione del patrimonio culturale, siano essi dipendenti del suo dipartimento, impiegati di musei e gallerie, o altri operatori del settore.<\/p>\n<p style=\"text-align: justify;\">A vincere il premio Museo dell\u2019Anno 2012, nella categoria musei e gallerie regionali, urbani e locali \u00e8 stata la Galleria Civica di Bratislava (GMB \/ <a href=\"http:\/\/www.gmb.sk\/\" target=\"_blank\">Galeria Mesta Bratislavy<\/a>), che aveva gi\u00e0 vinto il titolo nel 2007 e nel 2010. \u00c8 la prima istituzione culturale slovacca a ricevere il riconoscimento per tre volte. Il suo direttore Ivan Jancar crede che il segreto del successo sia tutto nel suo team di collaboratori, che vanta ampie e approfondite conoscenze della materia trattata e un forte entusiasmo. La GMB ha organizzato lo scorso anno nelle sue due sedi nella capitale 28 mostre di arte contemporanea e storicizzata, e tre sono state portate all\u2019estero.<\/p>\n<p style=\"text-align: justify;\">(Fonte Buongiorno Slovacchia)<\/p>\n<p style=\"text-align: right;\">Nell&#8217;immagine:\u00a0Picasso alla GMB Bratislava nell&#8217;estate 2012<\/p>\n","protected":false},"excerpt":{"rendered":"<p>Il titolo Museo dell\u2019Anno 2012 \u00e8 stato consegnato l&#8217;altro ieri in una cerimonia che si \u00e8 tenuta presso il Ministero della Cultura a margine delle celebrazioni per la Giornata Internazionale dei Musei (svoltasi venerd\u00ec 18 maggio). Alla cerimonia il Ministro Marek Madaric ha sottolineato l\u2019importanza della conservazione, restauro e valorizzazione del patrimonio culturale nazionale, e [&hellip;]<\/p>\n","protected":false},"author":2,"featured_media":1236,"comment_status":"open","ping_status":"open","sticky":false,"template":"","format":"standard","meta":[],"categories":[3,1],"tags":[188,189,174],"aioseo_notices":[],"jetpack_featured_media_url":"https:\/\/www.turismoslovacchia.it\/wp-content\/uploads\/picasso-alla-GMB-Bratislava.jpg","jetpack_sharing_enabled":true,"jetpack-related-posts":[{"id":4739,"url":"https:\/\/www.turismoslovacchia.it\/?p=4739","url_meta":{"origin":1913,"position":0},"title":"Notte dei Musei questo sabato in 61 localit\u00e0 della Slovacchia","date":"14 Maggio 2015","format":false,"excerpt":"Sabato 16 maggio in Slovacchia sar\u00e0 la \u201cNotte dei Musei e delle Gallerie\u201d (Noc m\u00faze\u00ed a gal\u00e9ri\u00ed), una Notte Bianca del patrimonio culturale slovacco a livello nazionale. Numerose saranno le iniziative e gli eventi in ben 61 localit\u00e0 di tutto il Paese. Citt\u00e0 grandi e meno grandi, ma anche paesi\u2026","rel":"","context":"In &quot;Eventi&quot;","img":{"alt_text":"","src":"https:\/\/i0.wp.com\/www.turismoslovacchia.it\/wp-content\/uploads\/Museo-Cerveny-Kamen_eadaoinflynn-CC.jpg?resize=350%2C200&ssl=1","width":350,"height":200},"classes":[]},{"id":758,"url":"https:\/\/www.turismoslovacchia.it\/?p=758","url_meta":{"origin":1913,"position":1},"title":"Grazie alla mostra \u201eL&#8217;Oro e il Fuoco\u201c di Parigi ci si \u00e8 fatta un&#8217;idea diversa dell&#8217;arte slovacca","date":"20 Gennaio 2011","format":false,"excerpt":"La mostra d\u2018arte gotica slovacca a Parigi \u201eL\u2019Oro e il Fuoco\u201c, della quale abbiamo gia' avuto modo di parlare in due precedenti occasioni, \u00e8 stata visitata da ben 105.000 visitatori, secondo le dichiarazioni dei rappresentanti del Museo di Cluny che l\u2019ha ospitata, e la partecipazione \u00e8 stata considerata, anche per\u2026","rel":"","context":"In &quot;Articoli&quot;","img":{"alt_text":"","src":"https:\/\/i0.wp.com\/www.turismoslovacchia.it\/wp-content\/uploads\/arte-gotica-slovacca.jpg?resize=350%2C200&ssl=1","width":350,"height":200},"classes":[]},{"id":736,"url":"https:\/\/www.turismoslovacchia.it\/?p=736","url_meta":{"origin":1913,"position":2},"title":"Levoca riceve il certificato dell\u2019iscrizione nel Patrimonio Unesco","date":"15 Novembre 2010","format":false,"excerpt":"Venerd\u00ec 12 Novembre il Ministro della Cultura Daniel Krajcer (SaS) ha consegnato alla citt\u00e1 di Levoca il certificato che conferma l'iscrizione della Citt\u00e1 nella Lista del Patrimonio universale dell\u2019Unesco. Krajcer ha detto che se ci fossero i sette miracoli della Slovacchia, Levoca ne farebbe sicuramente parte quale perla dell\u2019architettura medievale,\u2026","rel":"","context":"In &quot;Articoli&quot;","img":{"alt_text":"","src":"https:\/\/i0.wp.com\/www.turismoslovacchia.it\/wp-content\/uploads\/Levoca_Municipio.jpg?resize=350%2C200&ssl=1","width":350,"height":200},"classes":[]},{"id":1466,"url":"https:\/\/www.turismoslovacchia.it\/?p=1466","url_meta":{"origin":1913,"position":3},"title":"Cultura: le Giornate Europee del Patrimonio in Slovacchia dal 14 al 23 settembre","date":"13 Settembre 2012","format":false,"excerpt":"Le Giornate Europee del Patrimonio, evento pan-europeo organizzato da Consiglio d'Europa e Commissione Europea che si svolge tutti gli anni nel mese di settembre, si tiene anche quest\u2019anno in Slovacchia sotto l\u2019acronimo DEKD - Dni eur\u00f3pskeho kult\u00farneho dedi\u010dstva. L\u2019evento ha l\u2019obiettivo di richiamare l'attenzione del grande pubblico sul valore del\u2026","rel":"","context":"In &quot;Eventi&quot;","img":{"alt_text":"","src":"https:\/\/i0.wp.com\/www.turismoslovacchia.it\/wp-content\/uploads\/Reduta_SlovenskaFilharmonia.jpg?resize=350%2C200&ssl=1","width":350,"height":200},"classes":[]},{"id":1228,"url":"https:\/\/www.turismoslovacchia.it\/?p=1228","url_meta":{"origin":1913,"position":4},"title":"Il Museo minerario slovacco \u00e8 Museo dell\u2019Anno 2011","date":"18 Maggio 2012","format":false,"excerpt":"In occasione della Giornata Internazionale dei Musei, il Ministro della Cultura Marek Madaric ha premiato con il titolo di Museo dell\u2019Anno 2011 il Museo minerario slovacco di Banska Stiavnica (Slovensk\u00e9 bansk\u00e9 m\u00fazeum) che \u00e8 arrivato primo nella categoria Musei e gallerie specializzati. Il Museo della Citta' di Bratislava ha invece\u2026","rel":"","context":"In &quot;Articoli&quot;","img":{"alt_text":"","src":"https:\/\/i0.wp.com\/www.turismoslovacchia.it\/wp-content\/uploads\/Museo-minerario-Banska-Stiavnica-Slovenske-banske-muzeum.jpg?resize=350%2C200&ssl=1","width":350,"height":200},"classes":[]},{"id":865,"url":"https:\/\/www.turismoslovacchia.it\/?p=865","url_meta":{"origin":1913,"position":5},"title":"La Zecca di Kremnica \u00e8 ora parte del Patrimonio Culturale Europeo","date":"22 Marzo 2011","format":false,"excerpt":"Kremnica, una delle cittadine minerarie pi\u00f9 importanti non solo in Europa, ma anche in tutto il mondo, \u00e8 stata inclusa nella lista del Patrimonio Culturale Europeo, dove sono iscritti insigni monumenti culturali e luoghi naturali d'Europa. Il 24 febbraio scorso, infatti, la Zecca di Kremnica \u00e8 entrata a far parte\u2026","rel":"","context":"In &quot;Articoli&quot;","img":{"alt_text":"","src":"https:\/\/i0.wp.com\/www.turismoslovacchia.it\/wp-content\/uploads\/Kremnica-Colonna-della-Trinita-Slovacchia-sk-travel.jpg?resize=350%2C200&ssl=1","width":350,"height":200},"classes":[]}],"jetpack_shortlink":"https:\/\/wp.me\/p1oiY9-uR","_links":{"self":[{"href":"https:\/\/www.turismoslovacchia.it\/index.php?rest_route=\/wp\/v2\/posts\/1913"}],"collection":[{"href":"https:\/\/www.turismoslovacchia.it\/index.php?rest_route=\/wp\/v2\/posts"}],"about":[{"href":"https:\/\/www.turismoslovacchia.it\/index.php?rest_route=\/wp\/v2\/types\/post"}],"author":[{"embeddable":true,"href":"https:\/\/www.turismoslovacchia.it\/index.php?rest_route=\/wp\/v2\/users\/2"}],"replies":[{"embeddable":true,"href":"https:\/\/www.turismoslovacchia.it\/index.php?rest_route=%2Fwp%2Fv2%2Fcomments&post=1913"}],"version-history":[{"count":0,"href":"https:\/\/www.turismoslovacchia.it\/index.php?rest_route=\/wp\/v2\/posts\/1913\/revisions"}],"wp:featuredmedia":[{"embeddable":true,"href":"https:\/\/www.turismoslovacchia.it\/index.php?rest_route=\/wp\/v2\/media\/1236"}],"wp:attachment":[{"href":"https:\/\/www.turismoslovacchia.it\/index.php?rest_route=%2Fwp%2Fv2%2Fmedia&parent=1913"}],"wp:term":[{"taxonomy":"category","embeddable":true,"href":"https:\/\/www.turismoslovacchia.it\/index.php?rest_route=%2Fwp%2Fv2%2Fcategories&post=1913"},{"taxonomy":"post_tag","embeddable":true,"href":"https:\/\/www.turismoslovacchia.it\/index.php?rest_route=%2Fwp%2Fv2%2Ftags&post=1913"}],"curies":[{"name":"wp","href":"https:\/\/api.w.org\/{rel}","templated":true}]}}