{"id":1907,"date":"2013-05-30T17:37:29","date_gmt":"2013-05-30T15:37:29","guid":{"rendered":"http:\/\/www.turismoslovacchia.it\/?p=1907"},"modified":"2015-05-15T17:11:21","modified_gmt":"2015-05-15T15:11:21","slug":"dolce-vitaj-decine-di-appuntamenti-per-litalia-in-festival","status":"publish","type":"post","link":"https:\/\/www.turismoslovacchia.it\/?p=1907","title":{"rendered":"Dolce Vitaj: decine di appuntamenti per l\u2019Italia in festival"},"content":{"rendered":"<p style=\"text-align: justify;\"><img decoding=\"async\" loading=\"lazy\" class=\"alignnone size-full wp-image-1908\" title=\"dv13\" src=\"http:\/\/www.turismoslovacchia.it\/wp-content\/uploads\/dv13.jpg\" alt=\"\" width=\"520\" height=\"400\" srcset=\"https:\/\/www.turismoslovacchia.it\/wp-content\/uploads\/dv13.jpg 520w, https:\/\/www.turismoslovacchia.it\/wp-content\/uploads\/dv13-300x231.jpg 300w, https:\/\/www.turismoslovacchia.it\/wp-content\/uploads\/dv13-400x308.jpg 400w, https:\/\/www.turismoslovacchia.it\/wp-content\/uploads\/dv13-98x75.jpg 98w, https:\/\/www.turismoslovacchia.it\/wp-content\/uploads\/dv13-163x125.jpg 163w, https:\/\/www.turismoslovacchia.it\/wp-content\/uploads\/dv13-150x115.jpg 150w\" sizes=\"(max-width: 520px) 100vw, 520px\" \/><\/p>\n<p style=\"text-align: justify;\">Una trentina di eventi effonderanno gli aromi del bel Paese in tutta la Slovacchia nel giugno 2013, che si annuncia fitto di appuntamenti tricolori. Il festival di cultura italiana Dolce Vitaj porta anche quest&#8217;anno in varie citta&#8217; e cittadine della Slovacchia un po\u2019 di italianita&#8217;. Eventi molteplici e mostre d\u2019arte, teatro di strada, cinema contemporaneo, musica antica e contemporanea ne saranno i fili conduttori della carica. Ma non mancheranno la gastronomia e la moda, che sono tra gli elementi della tradizione italiana pi\u00f9 riconoscibili e riconosciuti nel mondo, portavoce dell\u2019eccellenza del \u201cmestiere\u201d italiano che si \u00e8 sviluppato in secoli di esperienza.<\/p>\n<p style=\"text-align: justify;\">Il programma della corrente edizione \u00e8 stato presentato in conferenza stampa a Bratislava dall\u2019Ambasciatore d\u2019Italia Roberto Martini, che l\u2019ha definita una festa della creativit\u00e0 italiana, in tutti i settori. L&#8217;Ambasciatore era visibilmente soddisfatto del lavoro svolto, e del generoso e felice guazzabuglio di \u201ccose\u201d che distinguono la Penisola e che vale la pena di mostrare agli slovacchi. Slovacchi che del resto non hanno difficolt\u00e0 ad amare tutto ci\u00f2 che nasce tra le Alpi e Lampedusa (tranne, a volte, gli italiani\u2026<\/p>\n<p style=\"text-align: justify;\">Quest\u2019anno la rassegna intende anche, ha ricordato Martini, \u00abcontribuire a celebrare i venti anni di relazioni diplomatiche tra l\u2019Italia e la Repubblica Slovacca\u00bb (\u00e8 del 1993 l\u2019indipendenza del Paese). In questi due decenni \u00abla collaborazione tra i due paesi \u00e8 diventata sempre pi\u00f9 stretta in tutti i settori, dalla cultura, all\u2019economia, all\u2019imprenditoria\u00bb. In grande rilievo sar\u00e0 inoltre il 200\u00b0 anniversario della nascita di Giuseppe Verdi, che sar\u00e0 celebrato a Bratislava con un grande concerto con interpreti slovacchi e italiani, sotto la direzione del maestro Walter Attanasi, e a Zvolen nel corso del vivace festival operistico annuale. Dolce Vitaj 2013 aprir\u00e0 all\u2019insegna dell\u2019eleganza, con la grazia inconfondibile degli abiti di noti stilisti italiani \u2013 nomi come Armani, Biagiotti, Coveri, Valentino, Missoni, Prada, Versace, e tanti altri \u2013 tutti riuniti in una avvolgente mostra dal titolo \u201cPassioni e sogni della moda italiana\u201d.<\/p>\n<p style=\"text-align: justify;\">Anche quest\u2019anno l\u2019arte figurativa antica avr\u00e0 un posto d\u2019eccezione al festival: alla Galleria Nazionale Slovacca (SNG) si svolger\u00e0 una mostra di maestri della pittura italiana del XVI\u2013XVIII secolo. Tra i dipinti che abbelliranno la capitale \u00e8 presente una preziosa opera di Giambattista Tiepolo, proveniente come il resto dal Museo Civico di Bassano del Grappa, considerata dagli esperti un pezzo giovanile importante dell\u2019artista veneziano.<\/p>\n<p style=\"text-align: justify;\">Quanto alla musica, dopo la classica antica ci saranno alcuni assaggi delle produzioni contemporanee, con concerti tra minimalismo e \u201ccross-over\u201d, jazz e rock strumentale d\u2019archi. Una piccola rassegna mostrer\u00e0 il meglio dell\u2019ultima produzione del cinema italiano, e spettacoli teatrali e performance si terranno, per grandi e piccini, in diverse location.<\/p>\n<p style=\"text-align: justify;\">Ancora: mercatini di prodotti tipici regionali, un coro degli alpini (che siamo certi porteranno la loro allegria e solidariet\u00e0 \u2013 nonch\u00e9 damigiane di grappa \u2013 anche in Slovacchia), una performance di strada di \u201cArti per Via\u201d \u2013 un indefinito insieme folcloristico di \u201cmuseo itinerante\u201d e teatro di strada da non perdere \u2013 e un ricordo di Alexander Dubcek (ricordiamo che l\u2019Italia ne ha \u201crisuscitato\u201d il nome quando nel 1988 l\u2019Universit\u00e0 di Bologna lo invit\u00f2 a ricevere un dottorato honoris causa) con una mostra fotografica dello slovacco Vladimir Benka.<\/p>\n<p style=\"text-align: justify;\">E infine, con il Vespa Riders Club Slovakia sar\u00e0 organizzato un \u201cVespa Pique-Nique\u201d, un raduno del mitico scooter che si terr\u00e0 presso l\u2019area commerciale di Eurovea a Bratislava.<\/p>\n<p style=\"text-align: justify;\">Il programma del festival \u00e8 gi\u00e0 disponibile sul sito\u00a0<a href=\"http:\/\/www.dolcevitaj.eu\/\" target=\"_blank\">www.dolcevitaj.eu<\/a>.<\/p>\n<p style=\"text-align: justify;\">(Pierluigi Solieri per Buongiorno Slovacchia)<\/p>\n","protected":false},"excerpt":{"rendered":"<p>Una trentina di eventi effonderanno gli aromi del bel Paese in tutta la Slovacchia nel giugno 2013, che si annuncia fitto di appuntamenti tricolori. Il festival di cultura italiana Dolce Vitaj porta anche quest&#8217;anno in varie citta&#8217; e cittadine della Slovacchia un po\u2019 di italianita&#8217;. Eventi molteplici e mostre d\u2019arte, teatro di strada, cinema contemporaneo, [&hellip;]<\/p>\n","protected":false},"author":2,"featured_media":1908,"comment_status":"closed","ping_status":"open","sticky":false,"template":"","format":"standard","meta":[],"categories":[5,1],"tags":[29,42,44,38],"aioseo_notices":[],"jetpack_featured_media_url":"https:\/\/www.turismoslovacchia.it\/wp-content\/uploads\/dv13.jpg","jetpack_sharing_enabled":true,"jetpack-related-posts":[{"id":1279,"url":"https:\/\/www.turismoslovacchia.it\/?p=1279","url_meta":{"origin":1907,"position":0},"title":"Dolce Vitaj 2012: una stagione di appuntamenti italiani in Slovacchia","date":"29 Maggio 2012","format":false,"excerpt":"\u00c8 stato presentato oggi il festival Dolce Vitaj 2012, la pi\u00f9 importante manifestazione culturale italiana in Slovacchia, che realizza per la quinta volta nel mese di giugno una serie di appuntamenti che rappresentano una vera e propria finestra sull\u2019Italia. In una conferenza stampa presso il Comune di Bratislava si sono\u2026","rel":"","context":"In &quot;Eventi&quot;","img":{"alt_text":"","src":"https:\/\/i0.wp.com\/www.turismoslovacchia.it\/wp-content\/uploads\/dolcev12.jpg?resize=350%2C200&ssl=1","width":350,"height":200},"classes":[]},{"id":8971,"url":"https:\/\/www.turismoslovacchia.it\/?p=8971","url_meta":{"origin":1907,"position":1},"title":"Giugno 2019: gli eventi a Bratislava e dintorni","date":"28 Maggio 2019","format":false,"excerpt":"Weekend dei parchi e giardini aperti 1 - 2 giugno 2019 Decine di aree verdi, storiche e moderne, saranno aperte durante il fine settimana a Bratislava e in tutto il Paese. Solo nella capitale \u00e8 possibile visitare oltre venti tra giardini e parchi, alcuni dei quali durante l\u2019anno non sono\u2026","rel":"","context":"In &quot;Eventi&quot;","img":{"alt_text":"","src":"https:\/\/i0.wp.com\/www.turismoslovacchia.it\/wp-content\/uploads\/eventi_00.jpg?resize=350%2C200&ssl=1","width":350,"height":200},"classes":[]},{"id":2857,"url":"https:\/\/www.turismoslovacchia.it\/?p=2857","url_meta":{"origin":1907,"position":2},"title":"\u2018Talianska ma\u013eba\u2019, la pittura italiana alla Galleria Nazionale a Bratislava","date":"12 Settembre 2013","format":false,"excerpt":"Fino al 17 novembre presso la Galleria Nazionale Slovacca \u00e8 visitabile la mostra \u201cTalianska ma\u013eba\u201d, una carrellata di arte italiana in particolare dal XVI al XVIII secolo, proveniente in grandissima parte dalle collezioni nazionali. Nelle oltre cento opere presenti in mostra sono rappresentate le diverse influenze e scuole artistiche e\u2026","rel":"","context":"In &quot;Articoli&quot;","img":{"alt_text":"","src":"https:\/\/i0.wp.com\/www.turismoslovacchia.it\/wp-content\/uploads\/talianska-malba-sng.jpg?resize=350%2C200&ssl=1","width":350,"height":200},"classes":[]},{"id":9043,"url":"https:\/\/www.turismoslovacchia.it\/?p=9043","url_meta":{"origin":1907,"position":3},"title":"Luglio 2019: gli eventi a Bratislava e in Slovacchia","date":"2 Luglio 2019","format":false,"excerpt":"Estate culturale di Bratislava 2019 \u2013 Bratislava giugno\u00a0\u2013 settembre\u00a02019 La rassegna\u00a0\u201cEstate culturale di Bratislava\u201d \u00e8 il pi\u00f9 grande evento estivo in Slovacchia che, nel corso dei mesi d\u2019estate propone nella capitale centinaia di appuntamenti culturali, musicali, letterari, teatrali, e attivit\u00e0 per il tempo libero\u00a0per i residenti e i tanti turisti.\u2026","rel":"","context":"In &quot;Eventi&quot;","img":{"alt_text":"","src":"https:\/\/i0.wp.com\/www.turismoslovacchia.it\/wp-content\/uploads\/vychodna-festiv-folk.jpg?resize=350%2C200&ssl=1","width":350,"height":200},"classes":[]},{"id":9118,"url":"https:\/\/www.turismoslovacchia.it\/?p=9118","url_meta":{"origin":1907,"position":4},"title":"Agosto 2019: gli eventi a Bratislava e in Slovacchia","date":"2 Agosto 2019","format":false,"excerpt":"VIVA MUSICA! FESTIVAL \u2013 Bratislava 6 luglio \u2013\u00a025 agosto\u00a02018 Il festival Viva Musica! \u00e8 nato nel 2005 con l'ambizione di creare un evento estivo di un alto livello per tutti gli appassionati di musica - classica e non - ma in luoghi e con stile innovativo. Il festival offre il\u2026","rel":"","context":"In &quot;Eventi&quot;","img":{"alt_text":"","src":"https:\/\/i0.wp.com\/www.turismoslovacchia.it\/wp-content\/uploads\/eventi_00.jpg?resize=350%2C200&ssl=1","width":350,"height":200},"classes":[]},{"id":4269,"url":"https:\/\/www.turismoslovacchia.it\/?p=4269","url_meta":{"origin":1907,"position":5},"title":"A Bratislava \u00e8 novembre il Mese della Fotografia","date":"7 Novembre 2014","format":false,"excerpt":"Ha avuto inizio da poco pi\u00f9 di una settimana, e si svolger\u00e0 fino al 30 novembre a Bratislava, la 24esima edizione del Festival internazionaleMesiac fotografie\u00a0(Mese della fotografia). Divenuto nel corso del tempo uno dei pi\u00f9 importanti eventi culturali d\u2019autunno dell\u2019intera regione, il festival vede nel corso del mese decine di\u2026","rel":"","context":"In &quot;Articoli&quot;","img":{"alt_text":"","src":"https:\/\/i0.wp.com\/www.turismoslovacchia.it\/wp-content\/uploads\/mesefotogr-koppitz-2014.jpg?resize=350%2C200&ssl=1","width":350,"height":200},"classes":[]}],"jetpack_shortlink":"https:\/\/wp.me\/p1oiY9-uL","_links":{"self":[{"href":"https:\/\/www.turismoslovacchia.it\/index.php?rest_route=\/wp\/v2\/posts\/1907"}],"collection":[{"href":"https:\/\/www.turismoslovacchia.it\/index.php?rest_route=\/wp\/v2\/posts"}],"about":[{"href":"https:\/\/www.turismoslovacchia.it\/index.php?rest_route=\/wp\/v2\/types\/post"}],"author":[{"embeddable":true,"href":"https:\/\/www.turismoslovacchia.it\/index.php?rest_route=\/wp\/v2\/users\/2"}],"replies":[{"embeddable":true,"href":"https:\/\/www.turismoslovacchia.it\/index.php?rest_route=%2Fwp%2Fv2%2Fcomments&post=1907"}],"version-history":[{"count":0,"href":"https:\/\/www.turismoslovacchia.it\/index.php?rest_route=\/wp\/v2\/posts\/1907\/revisions"}],"wp:featuredmedia":[{"embeddable":true,"href":"https:\/\/www.turismoslovacchia.it\/index.php?rest_route=\/wp\/v2\/media\/1908"}],"wp:attachment":[{"href":"https:\/\/www.turismoslovacchia.it\/index.php?rest_route=%2Fwp%2Fv2%2Fmedia&parent=1907"}],"wp:term":[{"taxonomy":"category","embeddable":true,"href":"https:\/\/www.turismoslovacchia.it\/index.php?rest_route=%2Fwp%2Fv2%2Fcategories&post=1907"},{"taxonomy":"post_tag","embeddable":true,"href":"https:\/\/www.turismoslovacchia.it\/index.php?rest_route=%2Fwp%2Fv2%2Ftags&post=1907"}],"curies":[{"name":"wp","href":"https:\/\/api.w.org\/{rel}","templated":true}]}}