{"id":1891,"date":"2013-05-28T17:17:05","date_gmt":"2013-05-28T15:17:05","guid":{"rendered":"http:\/\/www.turismoslovacchia.it\/?p=1891"},"modified":"2015-05-15T17:20:53","modified_gmt":"2015-05-15T15:20:53","slug":"ladislav-skultety-ussaro-come-servire-quattro-imperatori-e-vivere-a-lungo","status":"publish","type":"post","link":"https:\/\/www.turismoslovacchia.it\/?p=1891","title":{"rendered":"Ladislav \u0160kult\u00e9ty, ussaro \u2013 come servire quattro imperatori e vivere a lungo"},"content":{"rendered":"<p style=\"text-align: justify;\"><img decoding=\"async\" loading=\"lazy\" class=\"alignnone size-full wp-image-1892\" title=\"ladislav-skultety_(ceskatelevize)\" src=\"http:\/\/www.turismoslovacchia.it\/wp-content\/uploads\/ladislav-skultety_ceskatelevize.jpg\" alt=\"\" width=\"520\" height=\"310\" srcset=\"https:\/\/www.turismoslovacchia.it\/wp-content\/uploads\/ladislav-skultety_ceskatelevize.jpg 520w, https:\/\/www.turismoslovacchia.it\/wp-content\/uploads\/ladislav-skultety_ceskatelevize-300x179.jpg 300w, https:\/\/www.turismoslovacchia.it\/wp-content\/uploads\/ladislav-skultety_ceskatelevize-400x238.jpg 400w, https:\/\/www.turismoslovacchia.it\/wp-content\/uploads\/ladislav-skultety_ceskatelevize-100x60.jpg 100w, https:\/\/www.turismoslovacchia.it\/wp-content\/uploads\/ladislav-skultety_ceskatelevize-200x119.jpg 200w, https:\/\/www.turismoslovacchia.it\/wp-content\/uploads\/ladislav-skultety_ceskatelevize-150x89.jpg 150w\" sizes=\"(max-width: 520px) 100vw, 520px\" \/><\/p>\n<p style=\"text-align: justify;\">\u00c8 rimasto a servizio dell&#8217;Impero per 80 anni, e ha visto morire ben quattro imperatori. <a href=\"http:\/\/sk.wikipedia.org\/wiki\/Ladislav_%C5%A0kult%C3%A9ty-G%C3%A1bri%C5%A1\">Ladislav Skult\u00e9ty-Gabri\u0161<\/a>, ussaroslovacco, \u00e8 stato il militare di carriera che ha servito pi\u00f9 a lungo il suo datore di lavoro \u2013 in tutto il mondo. Per lui \u00e8 stata coniata la definizione di \u201ceterno soldato imperiale\u201d.\u00a0Nato nel giugno 1738 a Mojtin, nella Slovacchia occidentale (distretto di Puchov, regione di Trencin), fin\u00ec dopo la morte della madre come volontario in un reggimento di Ussari, lo stesso dove era inquadrato anche il padre Juraj Gabri\u0161, e prese le armi dopo un anno, quando era 13enne. Sopravvisse a 22 campagne di guerra cimentandosi su 256 campi di battaglia, e fu al servizio degli <a href=\"http:\/\/it.wikipedia.org\/wiki\/Sovrani_d%27Austria\">imperatori<\/a>\u00a0Maria Teresa, Giuseppe II, Leopoldo VII e Francesco II \u2013 in seguito rinominato Francesco I. Se ne and\u00f2 a 93 anni, nell\u2019agosto 1831, ancora soldato, morendo a San Nicola, in Romania. \u00c8 da l\u00ec che in questi giorni i suoi resti sono ritornati in Patria, dove, all\u2019arrivo in aeroporto, gli sono stati\u00a0riservati gli onori\u00a0degli eroi, quelli che probabilmente non ha mai ricevuto in vita, con la Guardia d\u2019Onore delle Forze Armate della Slovacchia e il suo Capo di Stato Maggiore Generale Peter Vojtek.<\/p>\n<p style=\"text-align: justify;\">La storia militare lo ricorda come il pi\u00f9 duraturo \u2013 e pi\u00f9 vecchio \u2013 soldato. Come ricorda lo slovacco Vladim\u00edr Sege\u0161 dell\u2019Istituto storico militare slovacco (Vhu), che pubblic\u00f2 nel 2011 un lungo articolo sulla rivista mensile del Ministero della Difesa, per dodici volte \u0160kult\u00e9ty si trov\u00f2 a combattere contro i Francesi, sette volte contro i Prussiani, due contro i Turchi e una volta anche contro lo Zar di tutte le Russie. La sua storia, di cui per primo scrisse in tedesco l\u2019etnografo slovacco <a href=\"http:\/\/sk.wikipedia.org\/wiki\/J%C3%A1n_%C4%8Caplovi%C4%8D_(etnograf)\">J\u00e1n \u010caplovi\u010d<\/a>\u00a0(1780-1847) nell\u2019articolo \u201cLadislav \u0160kult\u00e9ty \u2013 il soldato pi\u00f9 anziano\u201d\u00a0 per il settimanale viennese Iris nel 1825, fu ripresa al tempo da molti giornali e periodici, con parole di lode e ammirazione per la sua lunghissima carriera negli Ussari. Fu poi immortalata in due romanzi storici negli anni \u201970 del secolo scorso dallo slovacco <a href=\"http:\/\/www.databazeknih.cz\/zivotopis\/jan-martis-8462\" target=\"_blank\">J\u00e1n Marti\u0161<\/a>\u00a0(anche lui originario di Mojtin): \u201cL\u2019eterno soldato imperiale\u201d e \u201cServire quattro imperatori\u201d.<\/p>\n<figure style=\"width: 520px\" class=\"wp-caption alignnone\"><img decoding=\"async\" loading=\"lazy\" class=\" \" title=\"Fonte ct24.cz ceska televize\" src=\"http:\/\/img.ct24.cz\/cache\/900x700\/article\/48\/4728\/472712.jpg?1370017938\" alt=\"\" width=\"520\" height=\"300\" \/><figcaption class=\"wp-caption-text\">busto in bronzo di Skultety-Gabris<\/figcaption><\/figure>\n<p style=\"text-align: justify;\">Vice caporale dopo 25 anni di servizio, poi caporale, non ebbe una carriera esattamente fulminante, ma forse proprio per questo fu cos\u00ec inusitatamente longevo. Alto 5 piedi, 4 pollici e 7 linee (poco meno di 170 cm), come risulta da un documento del 1780, viene definito un \u201cussaro di buona corporatura\u201d.<\/p>\n<p style=\"text-align: justify;\">Tra le pi\u00f9 famose guerre e battaglie europee del periodo che abbiamo studiato (insomma\u2026 si fa per dire) sui libri di storia, il nostro eroe ha vissuto ad esempio la <a href=\"http:\/\/it.wikipedia.org\/wiki\/Guerra_dei_sette_anni\">Guerra dei Sette Anni<\/a>\u00a0(1756-1763), ove fu due volte ferito ma partecip\u00f2 comunque alla presa di Colonia e poi di Berlino, o l\u2019ultima guerra <a href=\"http:\/\/it.wikipedia.org\/wiki\/Guerra_russo-turca_(1787-1792)\">contro i Turchi<\/a>(1787-1791). Ritorn\u00f2 col suo reggimento in Europa occidentale sugli echi della <a href=\"http:\/\/it.wikipedia.org\/wiki\/Guerre_rivoluzionarie_francesi\">Rivoluzione Francese<\/a>, quando la Francia dichiara guerra nell\u2019aprile 1792 all\u2019Austria, questa volta affiancata dalla Prussia.<\/p>\n<p style=\"text-align: justify;\">Sergente e poi alfiere (gonfaloniere) del reggimento, che perde met\u00e0 dei suoi uomini e cavalli nei primi sei mesi di guerra contro la Francia, Skultety sopravvisse a tutte le <a href=\"http:\/\/it.wikipedia.org\/wiki\/Guerre_napoleoniche\">Guerre napoleoniche<\/a>\u00a0\u2013 fino al 1815, quando aveva ormai 77 anni, ben oltre l\u2019et\u00e0 media di allora, tanto pi\u00f9 se si considera quella dei militari di prima linea. Ebbe la fortuna di essere dislocato con i suoi compagni in questa lunga campagna soltanto in battaglie minori, ma la cosa \u00e8 comunque abbastanza miracolosa: in quegli anni morirono sul campo pi\u00f9 di 350 mila soldati ungheresi. Ricevette due tra le maggiori onorificenze: la Croce d\u2019Armata e la Medaglia d\u2019argento per l\u2019eroismo (1790).<\/p>\n<figure style=\"width: 303px\" class=\"wp-caption alignright\"><img decoding=\"async\" loading=\"lazy\" title=\"fonte _Wikipedia\" src=\"http:\/\/upload.wikimedia.org\/wikipedia\/commons\/2\/22\/%C3%96.u._Husaren_1830.jpg\" alt=\"\" width=\"303\" height=\"361\" \/><figcaption class=\"wp-caption-text\">Ussari austro-ungarici, 1830 cca. &#8211; \u00a9 H.A. Eckert &#8211; Wikipedia.org<\/figcaption><\/figure>\n<p style=\"text-align: justify;\">Nel 1825, mentre prestava servizio d\u2019onore al palazzo imperiale dell\u2019<a href=\"http:\/\/it.wikipedia.org\/wiki\/Hofburg\">Hofburg<\/a>\u00a0a Vienna, <a href=\"http:\/\/it.wikipedia.org\/wiki\/Francesco_II_d%27Asburgo\">Francesco I d\u2019Asburgo<\/a>\u00a0not\u00f2 quel vecchietto (allora 87enne) che ancora teneva con vigore e dignit\u00e0 il labaro del reggimento. Saputo che vi aveva servito per 75 anni, Franz lo fece chiamare e gli chiese che premio desiderasse per un cos\u00ec lungo servizio all\u2019Impero, suggerendogli che avrebbe potuto farlo ufficiale e inviarlo al meritato riposo. Secondo la tradizione, \u0160kult\u00e9ty rispose che era grato a Sua Altezza per la generosa offerta, ma la grazia maggiore che l\u2019Imperatore poteva fargli era di lasciarlo al suo incarico, cos\u00ec che da gonfaloniere potesse anche finire i suoi giorni. Pare che Franz sia rimasto colpito dalla risposta del soldato, e disse che certo, fosse come lui desiderava. E ordin\u00f2 al comandante del reggimento di tenere l\u2019uomo come gonfaloniere a tempo indeterminato, esentandolo per\u00f2 da qualunque servizio, e fissandogli un salario annuo di cento pezzi d\u2019oro. A quel punto anche il titolare del reggimento, il generale di cavalleria Michael Kienmayer, aggiunse come premio annuale per lo \u0160kult\u00e9ty altri cento pezzi d\u2019oro.<\/p>\n<p style=\"text-align: justify;\">Ladislav \u0160kult\u00e9ty parlava slovacco, ungherese, tedesco e latino, e a 75 anni studi\u00f2 anche il francese. Secondo il cappellano del reggimento (uno slovacco di Sladkovicovo), era molto religioso e si confessava tutti i mesi, non mancando di fare una generosa offerta. Mor\u00ec nel 1831 a 93 anni in un lazzaretto militare, nel villaggio di San Nicola (S\u00e2nnicolau Mic), in Romania, non lontano dalla citt\u00e0 di Arad, dove venne sepolto nel vecchio cimitero del paese, onorato da un ricco monumento in marmo nero con decorazioni in ottone, chiuso da una catena su 4 pilastri.<\/p>\n<p style=\"text-align: justify;\">In seguito al rientro in Slovacchia, la sua salma rimarr\u00e0 fino al 27 giugno presso la cripta del Duomo di San Martino a Bratislava. In quella data si celebrano i 230 anni dalla sua nascita. Verr\u00e0 poi tumulata nel suo villaggio natale Mojtin.<\/p>\n<p style=\"text-align: justify;\">(Pierluigi Solieri, fonte Buongiorno Slovacchia)<\/p>\n<p style=\"text-align: justify;\"><em>Nella foto in alto: ritratti del tempo di Ladislav Skultety-Gabri\u0161 &#8211; a desstra una litografia del 1825 che veniva venduta per un pezzo d\u2019oro (fonte Ceska Televize). <\/em><em>Sotto: un busto in bronzo nel villaggio slovacco di Mojtin<\/em>).<\/p>\n","protected":false},"excerpt":{"rendered":"<p>\u00c8 rimasto a servizio dell&#8217;Impero per 80 anni, e ha visto morire ben quattro imperatori. Ladislav Skult\u00e9ty-Gabri\u0161, ussaroslovacco, \u00e8 stato il militare di carriera che ha servito pi\u00f9 a lungo il suo datore di lavoro \u2013 in tutto il mondo. Per lui \u00e8 stata coniata la definizione di \u201ceterno soldato imperiale\u201d.\u00a0Nato nel giugno 1738 a [&hellip;]<\/p>\n","protected":false},"author":2,"featured_media":1892,"comment_status":"open","ping_status":"open","sticky":false,"template":"","format":"standard","meta":[],"categories":[3,1],"tags":[9,212,355],"aioseo_notices":[],"jetpack_featured_media_url":"https:\/\/www.turismoslovacchia.it\/wp-content\/uploads\/ladislav-skultety_ceskatelevize.jpg","jetpack_sharing_enabled":true,"jetpack-related-posts":[{"id":9399,"url":"https:\/\/www.turismoslovacchia.it\/?p=9399","url_meta":{"origin":1891,"position":0},"title":"I prezzi del pedaggio autostradale in Slovacchia per il 2020","date":"12 Dicembre 2019","format":false,"excerpt":"Il cambiamento pi\u00f9 grande nel sistema di pagamento del pedaggio per il 2020 consiste nel fatto che il contrassegno annuale, che fino a quest\u2019anno era valido per l\u2019esercizio corrispondente all\u2019anno solare (ovvero dal 1\u00b0 gennaio al 31 dicembre) a prescindere dal momento del suo acquisto, sar\u00e0 disponibile per la prima\u2026","rel":"","context":"In &quot;Articoli&quot;","img":{"alt_text":"","src":"https:\/\/i0.wp.com\/www.turismoslovacchia.it\/wp-content\/uploads\/slovacc-strade-frontier_Xesc@fickr.jpg?resize=350%2C200&ssl=1","width":350,"height":200},"classes":[]},{"id":6818,"url":"https:\/\/www.turismoslovacchia.it\/?p=6818","url_meta":{"origin":1891,"position":1},"title":"Artisti della Slovacchia: Ladislav Med\u0148ansk\u00fd (1852 \u2013 1919)","date":"17 Maggio 2016","format":false,"excerpt":"Ladislav Med\u0148ansk\u00fd (Beckov, 23 Aprile 1852 \u2013 Vienna, 17 Aprile 1919), artista slovacco (in ungherese: L\u00e1szl\u00f3 Medny\u00e1nszky, ovvero barone Ladislao Josephus Balthasar Eustachius Medny\u00e1nszky). Le sue opere pi\u00f9 importanti raffigurano scene naturalistiche, temi a lui altrettanto cari sono anche i ritratti di gente al lavoro specie contadini e pastori e\u2026","rel":"","context":"In &quot;Articoli&quot;","img":{"alt_text":"","src":"https:\/\/i0.wp.com\/www.turismoslovacchia.it\/wp-content\/uploads\/artisti_mednansky.jpg?resize=350%2C200&ssl=1","width":350,"height":200},"classes":[]},{"id":4262,"url":"https:\/\/www.turismoslovacchia.it\/?p=4262","url_meta":{"origin":1891,"position":2},"title":"San Martino, a Bratislava si gusta il vino nuovo","date":"7 Novembre 2014","format":false,"excerpt":"\u00a0 Da oggi e fino a marted\u00ec 11 novembre a Bratislava si festeggia San Martino, uno dei patroni della capitale slovacca, al quale \u00e8 dedicata la cattedrale. Ma anzich\u00e9 le classiche castagnate come siamo soliti fare in Italia, qui si celebra gustando il vino nuovo. Sulla Piazza Primaziale del centro\u2026","rel":"","context":"In &quot;Eventi&quot;","img":{"alt_text":"","src":"https:\/\/i0.wp.com\/www.turismoslovacchia.it\/wp-content\/uploads\/vino_contexttravel_4690413464@flickr_CC.jpg?resize=350%2C200&ssl=1","width":350,"height":200},"classes":[]},{"id":6783,"url":"https:\/\/www.turismoslovacchia.it\/?p=6783","url_meta":{"origin":1891,"position":3},"title":"Artisti della Slovacchia: Ladislav Z\u00e1borsk\u00fd (1921 \u2013 )","date":"22 Gennaio 2016","format":false,"excerpt":"22Ladislav Z\u00e1borsk\u00fd ( 22 gennaio 1921 a Tisovec). Ha frequentato il liceo a Banska Bystrica e il Dipartimento di Disegno e Pittura dell\u2019 Universit\u00e0 di Bratislava. Vive e lavora a Martin. L\u2019essenza delle opere di\u00a0 Z\u00e1borsk\u00fd sono i riflessi di quello che ricerca nella sua interiorit\u00e0. Pur non essendo un\u2026","rel":"","context":"In &quot;Articoli&quot;","img":{"alt_text":"","src":"https:\/\/i0.wp.com\/www.turismoslovacchia.it\/wp-content\/uploads\/artisti_zaborsky.jpg?resize=350%2C200&ssl=1","width":350,"height":200},"classes":[]},{"id":1024,"url":"https:\/\/www.turismoslovacchia.it\/?p=1024","url_meta":{"origin":1891,"position":4},"title":"Riapre il Vecchio Municipio di Bratislava con un nuovo Museo della Citt\u00e0","date":"6 Ottobre 2011","format":false,"excerpt":"Hanno riaperto nel luglio scorso, dopo tre anni di intensi lavori di restauro e rinnovamento, le porte del Vecchio Municipio (Stara Radnica) che ospita il Museo storico della Citta'. Il complesso di edifici del centro storico che vanno dal medioevo fino al periodo rococ\u00f2, un vero gioiello architettonico, \u00e8 aperto\u2026","rel":"","context":"In &quot;Articoli&quot;","img":{"alt_text":"","src":"https:\/\/i0.wp.com\/www.turismoslovacchia.it\/wp-content\/uploads\/Vecchio-Municipio-Bratislava-corte.jpg?resize=350%2C200&ssl=1","width":350,"height":200},"classes":[]},{"id":4351,"url":"https:\/\/www.turismoslovacchia.it\/?p=4351","url_meta":{"origin":1891,"position":5},"title":"Bratislava e la Regione di \u017dilina su Kilimangiaro (RAI 3) &#8211; Video","date":"5 Gennaio 2015","format":false,"excerpt":"Andato in onda ieri 4 gennaio, \u00e8 ora disponibile su YouTube grazie a Jaro (Jaruskot TalaPhotography) che lo ha estratto, il servizio di Kilimangiaro sulla Slovacchia. Dopo un breve focus sulla capitale Bratislava, il video \u00e8 puntato innanzitutto su alcune localit\u00e0 della regione di\u00a0\u017dilina. Il servizio di Kilimangiaro sulla Slovacchia:\u2026","rel":"","context":"In &quot;Articoli&quot;","img":{"alt_text":"","src":"https:\/\/i0.wp.com\/www.turismoslovacchia.it\/wp-content\/uploads\/kilim02_jasna.jpg?resize=350%2C200&ssl=1","width":350,"height":200},"classes":[]}],"jetpack_shortlink":"https:\/\/wp.me\/p1oiY9-uv","_links":{"self":[{"href":"https:\/\/www.turismoslovacchia.it\/index.php?rest_route=\/wp\/v2\/posts\/1891"}],"collection":[{"href":"https:\/\/www.turismoslovacchia.it\/index.php?rest_route=\/wp\/v2\/posts"}],"about":[{"href":"https:\/\/www.turismoslovacchia.it\/index.php?rest_route=\/wp\/v2\/types\/post"}],"author":[{"embeddable":true,"href":"https:\/\/www.turismoslovacchia.it\/index.php?rest_route=\/wp\/v2\/users\/2"}],"replies":[{"embeddable":true,"href":"https:\/\/www.turismoslovacchia.it\/index.php?rest_route=%2Fwp%2Fv2%2Fcomments&post=1891"}],"version-history":[{"count":0,"href":"https:\/\/www.turismoslovacchia.it\/index.php?rest_route=\/wp\/v2\/posts\/1891\/revisions"}],"wp:featuredmedia":[{"embeddable":true,"href":"https:\/\/www.turismoslovacchia.it\/index.php?rest_route=\/wp\/v2\/media\/1892"}],"wp:attachment":[{"href":"https:\/\/www.turismoslovacchia.it\/index.php?rest_route=%2Fwp%2Fv2%2Fmedia&parent=1891"}],"wp:term":[{"taxonomy":"category","embeddable":true,"href":"https:\/\/www.turismoslovacchia.it\/index.php?rest_route=%2Fwp%2Fv2%2Fcategories&post=1891"},{"taxonomy":"post_tag","embeddable":true,"href":"https:\/\/www.turismoslovacchia.it\/index.php?rest_route=%2Fwp%2Fv2%2Ftags&post=1891"}],"curies":[{"name":"wp","href":"https:\/\/api.w.org\/{rel}","templated":true}]}}