{"id":1806,"date":"2013-04-26T17:15:50","date_gmt":"2013-04-26T15:15:50","guid":{"rendered":"http:\/\/www.turismoslovacchia.it\/?p=1806"},"modified":"2015-05-15T17:11:36","modified_gmt":"2015-05-15T15:11:36","slug":"a-bratislava-fino-a-domenica-28-autosalon-il-motorshow-slovacco","status":"publish","type":"post","link":"https:\/\/www.turismoslovacchia.it\/?p=1806","title":{"rendered":"A Bratislava fino a domenica 28 \u201cAutosalon\u201d, il motorshow slovacco"},"content":{"rendered":"<p style=\"text-align: justify;\"><img decoding=\"async\" loading=\"lazy\" class=\"alignnone size-full wp-image-1807\" title=\"autosalon_(uwebkk_8642111176@flickr_CC)\" src=\"http:\/\/www.turismoslovacchia.it\/wp-content\/uploads\/autosalon_uwebkk_8642111176@flickr_CC.jpg\" alt=\"\" width=\"520\" height=\"320\" srcset=\"https:\/\/www.turismoslovacchia.it\/wp-content\/uploads\/autosalon_uwebkk_8642111176@flickr_CC.jpg 520w, https:\/\/www.turismoslovacchia.it\/wp-content\/uploads\/autosalon_uwebkk_8642111176@flickr_CC-300x185.jpg 300w, https:\/\/www.turismoslovacchia.it\/wp-content\/uploads\/autosalon_uwebkk_8642111176@flickr_CC-400x246.jpg 400w, https:\/\/www.turismoslovacchia.it\/wp-content\/uploads\/autosalon_uwebkk_8642111176@flickr_CC-100x62.jpg 100w, https:\/\/www.turismoslovacchia.it\/wp-content\/uploads\/autosalon_uwebkk_8642111176@flickr_CC-200x123.jpg 200w, https:\/\/www.turismoslovacchia.it\/wp-content\/uploads\/autosalon_uwebkk_8642111176@flickr_CC-150x92.jpg 150w\" sizes=\"(max-width: 520px) 100vw, 520px\" \/><\/p>\n<p style=\"text-align: justify;\">Si \u00e8 aperto mercoled\u00ec il maggior evento motoristico in Slovacchia, Autosalon, mostra di settore che presenta circa 90 nuovi modelli di autovetture di pi\u00f9 di 40 marche internazionali. La 23esima edizione, che si tiene come sempre presso il centro espositivo Incheba a Bratislava, rimane aperta fino a domenica 28 aprile con tante auto nuove, alcune delle quali appena presentate al recente Salone di Ginevra. Tra i 148 espositori presenti i visitatori potranno vedere, oltre alle vetture, una sezione specializzata in accessori per auto, componenti per la personalizzazione (<em>tuning<\/em>) e macchinari e tecnologie per i\u00a0<em>service<\/em>.<\/p>\n<p style=\"text-align: justify;\">Una serie di eventi collaterali, come l\u2019Exclusive Salon dedicato a barche e velivoli, e mostre di automobili da collezione difficilmente visibili sulle strade, fanno di Autosalon un appuntamento imperdibile per gli appassionati, che potranno anche provare i simulatori di guida di sicurezza.<\/p>\n<p style=\"text-align: justify;\">Tra i marchi in fiera ci saranno vetture Porsche, Bentley, Ferrari, Lamborghini, Maserati e Rolls Royce. Lo scorso anno, nei cinque giorni di mostra, sono stati sfiorati i 190 mila spettatori.<\/p>\n<p>Date: 23-28 aprile 2013<br \/>\nOrario: mercoled\u00ec \u2013 sabato 9:00-19:00, domenica 9:00-18:00<br \/>\nIngresso: 5 euro (ridotto 3). Gratis per bimbi fino a 6 anni e disabili.<br \/>\nParcheggio: 5 euro<br \/>\nBiglietti online:\u00a0<a href=\"http:\/\/www.incheba.sk\/buxus\/images\/2013\/logo-predpredaj.png\" target=\"_blank\" data-rel=\"lightbox-gallery-Z4O9zRpe\" data-rl_title=\"\" data-rl_caption=\"\" title=\"\">predpredaj.sk<\/a><\/p>\n<p>(Red)<\/p>\n","protected":false},"excerpt":{"rendered":"<p>Si \u00e8 aperto mercoled\u00ec il maggior evento motoristico in Slovacchia, Autosalon, mostra di settore che presenta circa 90 nuovi modelli di autovetture di pi\u00f9 di 40 marche internazionali. La 23esima edizione, che si tiene come sempre presso il centro espositivo Incheba a Bratislava, rimane aperta fino a domenica 28 aprile con tante auto nuove, alcune [&hellip;]<\/p>\n","protected":false},"author":2,"featured_media":1807,"comment_status":"open","ping_status":"open","sticky":false,"template":"","format":"standard","meta":[],"categories":[5,1],"tags":[349,9,44],"aioseo_notices":[],"jetpack_featured_media_url":"https:\/\/www.turismoslovacchia.it\/wp-content\/uploads\/autosalon_uwebkk_8642111176@flickr_CC.jpg","jetpack_sharing_enabled":true,"jetpack-related-posts":[{"id":4269,"url":"https:\/\/www.turismoslovacchia.it\/?p=4269","url_meta":{"origin":1806,"position":0},"title":"A Bratislava \u00e8 novembre il Mese della Fotografia","date":"7 Novembre 2014","format":false,"excerpt":"Ha avuto inizio da poco pi\u00f9 di una settimana, e si svolger\u00e0 fino al 30 novembre a Bratislava, la 24esima edizione del Festival internazionaleMesiac fotografie\u00a0(Mese della fotografia). Divenuto nel corso del tempo uno dei pi\u00f9 importanti eventi culturali d\u2019autunno dell\u2019intera regione, il festival vede nel corso del mese decine di\u2026","rel":"","context":"In &quot;Articoli&quot;","img":{"alt_text":"","src":"https:\/\/i0.wp.com\/www.turismoslovacchia.it\/wp-content\/uploads\/mesefotogr-koppitz-2014.jpg?resize=350%2C200&ssl=1","width":350,"height":200},"classes":[]},{"id":4245,"url":"https:\/\/www.turismoslovacchia.it\/?p=4245","url_meta":{"origin":1806,"position":1},"title":"Bratislava, weekend ricco di festival: arte al BLAF 2014 e musicisti emergenti con Waves","date":"2 Ottobre 2014","format":false,"excerpt":"La quinta edizione del Bratislava Art Festival (BLAF) porter\u00e0 di nuovo cittadini e visitatori della capitale slovacca a diretto contatto con l'arte contemporanea nelle sue diverse forme. BLAF \u00e8 un network di collaborazione attiva e itinerante tra le gallerie d'arte private e quelle pubbliche. Il programma del festival, che ha\u2026","rel":"","context":"In &quot;Articoli&quot;","img":{"alt_text":"","src":"https:\/\/i0.wp.com\/www.turismoslovacchia.it\/wp-content\/uploads\/artecontem_382853-pixabay.jpg?resize=350%2C200&ssl=1","width":350,"height":200},"classes":[]},{"id":1473,"url":"https:\/\/www.turismoslovacchia.it\/?p=1473","url_meta":{"origin":1806,"position":2},"title":"GMB Bratislava: mostra di Robert Bielik","date":"19 Settembre 2012","format":false,"excerpt":"Apre gioved\u00ec presso la Galleria Civica a Bratislava una mostra del pittore slovacco Robert Bielik, curata dal ditettore della galleria, Ivan Jan\u010d\u00e1r. Il controverso artista Robert Bielik ha, nella generazione artistica contemporanea slovacca, un posto solitario. Dopo un difficile inizio artistico, e un'esistenza frustrata per mancanza di interesse per il\u2026","rel":"","context":"In &quot;Eventi&quot;","img":{"alt_text":"","src":"https:\/\/i0.wp.com\/www.turismoslovacchia.it\/wp-content\/uploads\/Robert-Bielik-foto_GMB.jpg?resize=350%2C200&ssl=1","width":350,"height":200},"classes":[]},{"id":1575,"url":"https:\/\/www.turismoslovacchia.it\/?p=1575","url_meta":{"origin":1806,"position":3},"title":"Mese della Fotografia: aperta la rassegna fotografica clou dell\u2019anno a Bratislava","date":"31 Ottobre 2012","format":false,"excerpt":"La ventiduesima edizione del Mese della Fotografia (Mesiac fotografie) ha preso avvio con la bella mostra di Robert Capa alla Galleria Nazionale Slovacca (SNG) ed \u00e8 proseguita con l'apertura della mostra National Geographic, mentre oggi apre presso la Galleria Civica di Bratislava (GMB) la rassegna di Lewis Hine. Un altro\u2026","rel":"","context":"In &quot;Articoli&quot;","img":{"alt_text":"","src":"https:\/\/i0.wp.com\/www.turismoslovacchia.it\/wp-content\/uploads\/mese-fotografia-2012.jpg?resize=350%2C200&ssl=1","width":350,"height":200},"classes":[]},{"id":8861,"url":"https:\/\/www.turismoslovacchia.it\/?p=8861","url_meta":{"origin":1806,"position":4},"title":"Marzo 2019: gli eventi a Bratislava e dintorni","date":"6 Marzo 2019","format":false,"excerpt":"Mese della francofonia \u2013 Bratislava marzo 2019 Nel mese di marzo si svolge, a Bratislava e in altre citt\u00e0 slovacche, un festival della cultura francofona, un viaggio attraverso un programma variegato che include la settimana del cinema francese \u2018Cr\u00e9me de la Creme\u2019 dal 6 al 12 marzo, e poi ncontri,\u2026","rel":"","context":"In &quot;Eventi&quot;","img":{"alt_text":"","src":"https:\/\/i0.wp.com\/www.turismoslovacchia.it\/wp-content\/uploads\/cast-cervenykamen@gob-sk.jpg?resize=350%2C200&ssl=1","width":350,"height":200},"classes":[]},{"id":6848,"url":"https:\/\/www.turismoslovacchia.it\/?p=6848","url_meta":{"origin":1806,"position":5},"title":"Mese della Fotografia 2016, a Bratislava anche i grandi maestri italiani","date":"3 Novembre 2016","format":false,"excerpt":"Dal 4 novembre a Bratislava parte la rassegna internazionale annuale Mese della Fotografia (Mesiac fotografie) con numerose mostre\u00a0che inonderanno la capitale slovacca di immagini e\u00a0autori di alto profilo, slovacchi e internazionali. Alla sua 26esima\u00a0edizione\u00a0la rassegna presenta anche il terzo volume\u00a0della \u201cStoria della fotografia europea del XX secolo\u201d, un lavoro di\u2026","rel":"","context":"In &quot;Articoli&quot;","img":{"alt_text":"","src":"https:\/\/i0.wp.com\/www.turismoslovacchia.it\/wp-content\/uploads\/mesiacfotogr2016_poster.jpg?resize=350%2C200&ssl=1","width":350,"height":200},"classes":[]}],"jetpack_shortlink":"https:\/\/wp.me\/p1oiY9-t8","_links":{"self":[{"href":"https:\/\/www.turismoslovacchia.it\/index.php?rest_route=\/wp\/v2\/posts\/1806"}],"collection":[{"href":"https:\/\/www.turismoslovacchia.it\/index.php?rest_route=\/wp\/v2\/posts"}],"about":[{"href":"https:\/\/www.turismoslovacchia.it\/index.php?rest_route=\/wp\/v2\/types\/post"}],"author":[{"embeddable":true,"href":"https:\/\/www.turismoslovacchia.it\/index.php?rest_route=\/wp\/v2\/users\/2"}],"replies":[{"embeddable":true,"href":"https:\/\/www.turismoslovacchia.it\/index.php?rest_route=%2Fwp%2Fv2%2Fcomments&post=1806"}],"version-history":[{"count":0,"href":"https:\/\/www.turismoslovacchia.it\/index.php?rest_route=\/wp\/v2\/posts\/1806\/revisions"}],"wp:featuredmedia":[{"embeddable":true,"href":"https:\/\/www.turismoslovacchia.it\/index.php?rest_route=\/wp\/v2\/media\/1807"}],"wp:attachment":[{"href":"https:\/\/www.turismoslovacchia.it\/index.php?rest_route=%2Fwp%2Fv2%2Fmedia&parent=1806"}],"wp:term":[{"taxonomy":"category","embeddable":true,"href":"https:\/\/www.turismoslovacchia.it\/index.php?rest_route=%2Fwp%2Fv2%2Fcategories&post=1806"},{"taxonomy":"post_tag","embeddable":true,"href":"https:\/\/www.turismoslovacchia.it\/index.php?rest_route=%2Fwp%2Fv2%2Ftags&post=1806"}],"curies":[{"name":"wp","href":"https:\/\/api.w.org\/{rel}","templated":true}]}}