{"id":1773,"date":"2013-03-11T21:35:34","date_gmt":"2013-03-11T20:35:34","guid":{"rendered":"http:\/\/www.turismoslovacchia.it\/?p=1773"},"modified":"2015-05-15T17:11:43","modified_gmt":"2015-05-15T15:11:43","slug":"febio-fest-2013-un-mese-di-cinema-di-qualita-in-slovacchia","status":"publish","type":"post","link":"https:\/\/www.turismoslovacchia.it\/?p=1773","title":{"rendered":"Febio Fest 2013, un mese di cinema di qualit\u00e0 in Slovacchia"},"content":{"rendered":"<p style=\"text-align: justify;\"><img decoding=\"async\" loading=\"lazy\" class=\"alignnone size-full wp-image-1774\" title=\"febiofest\" src=\"http:\/\/www.turismoslovacchia.it\/wp-content\/uploads\/febiofest.jpg\" alt=\"\" width=\"520\" height=\"320\" srcset=\"https:\/\/www.turismoslovacchia.it\/wp-content\/uploads\/febiofest.jpg 520w, https:\/\/www.turismoslovacchia.it\/wp-content\/uploads\/febiofest-300x185.jpg 300w, https:\/\/www.turismoslovacchia.it\/wp-content\/uploads\/febiofest-400x246.jpg 400w, https:\/\/www.turismoslovacchia.it\/wp-content\/uploads\/febiofest-100x62.jpg 100w, https:\/\/www.turismoslovacchia.it\/wp-content\/uploads\/febiofest-200x123.jpg 200w, https:\/\/www.turismoslovacchia.it\/wp-content\/uploads\/febiofest-150x92.jpg 150w\" sizes=\"(max-width: 520px) 100vw, 520px\" \/><\/p>\n<p style=\"text-align: justify;\">Dopo l\u2019avvio del festival cinematografico Febio Fest oggi a Praga \u2013 con Giancarlo Giannini premiato dalla critica ceca e una rassegna \u2013 sara&#8217; il turno anche del suo gemello Febio Fest slovacco (<a href=\"http:\/\/www.febiofest.sk\/\">www.febiofest.sk<\/a>), che si tiene a Bratislava dal 15 al 21 marzo e in seguito si sposta in altre localit\u00e0 slovacche fino a met\u00e0 aprile. Anche la manifestazione slovacca celebra quest\u2019anno la sua 20esima edizione.<\/p>\n<p style=\"text-align: justify;\">L\u2019inaugurazione nella capitale slovacca vedr\u00e0 la proiezione del nuovo film della regista e sceneggiatrice slovacca Mira Fornay, \u201cMy dog killer\u201d che ha gi\u00e0 vinto il premio principale al Rotterdam IFF \u2013 il Premio HiVo Tiger.<\/p>\n<p style=\"text-align: justify;\">Per il suo ventesimo, il Febio Fest slovacco presenter\u00e0 un programma ricco con ben 130 opere tra lungometraggi, corti, documentari e film d\u2019animazione, concentrando l\u2019attenzione \u00a0sulle migliori produzione del cinema europeo\u00a0<em>d\u2019essai<\/em>, con una speciale interesse sui film slovacchi e cechi dell\u2019ultima stagione 2012\/2013. Le sezioni Nuovo cinema slovacco e ceco, e Nuovi documentari slovacchi e cechi, domineranno anche quaest\u2019anno le tredici sezioni totali nelle quali \u00e8 suddiviso il festival \u2013 tra di esse anche le novit\u00e0 del Club Jukebox, con cinque scelte votate dal pubblico e Film Night with Febio Fest che riserveranno, dice l\u2019organizzazione, delle sorprese.<\/p>\n<p style=\"text-align: justify;\">Sei film slovacchi avranno qui la loro\u00a0<em>premi\u00e9re<\/em>\u00a0sulle 37 opere di produzione o coproduzione slovacca presentate in festival. Quattro di loro saranno visionati in anteprima mondiale.<\/p>\n<p style=\"text-align: justify;\">Lo Slovak Film Institute festeggia nel 2013 il suo cinquantesimo anniversario, in aprile, e per celebrarlo, insieme con il centenario della nascita di Dominik Tatarka \u2013 uno degli scrittori pi\u00f9 importanti della Slovacchia \u2013 il Febio Fest presenter\u00e0 una versione restaurata di Stefan Uher del romanzo\u00a0<a href=\"http:\/\/www.bonjourtristesse.net\/2012\/06\/miraculous-virgin-1967.html\">La Vergine Miracolosa<\/a>\u00a0(Panna z\u00e1zracnica), del quale lo stesso scrittore stil\u00f2 l\u2019adattamento nel 1967.<\/p>\n<div>\n<p style=\"text-align: justify;\"><em>Un fotogramma di\u00a0Panna z\u00e1zracnica (dal sito bonjourtristesse.net)<\/em><\/p>\n<p style=\"text-align: justify;\">In programma al Febio Fest anche una pellicola in coproduzione italiana \u2013 si tratta dell\u2019ultimo film di Ken Loach, The angel share (La parte degli angeli), del 2012. Quattro profili del festival sono poi dedicati ad altrettanti registi europei \u2013 il ceco Jiri Menzel, l\u2019austriaco Michael Haneke, l\u2019ungherese Bence Fliegauf e la slovacca Mira Fornay.<\/p>\n<p style=\"text-align: justify;\">Queste le date del festival:<br \/>\n15-21\/3\/2013 Bratislava, Kino Lumi\u00e8re \/ Kino Mlados\u0165 \/ Artkino zaz rkadlom \/ A4 \/ FK 35_mm V\u0160MU<br \/>\n22-27\/3\/2013 Tren\u010d\u00edn, Artkino Metro<br \/>\n25-27\/3\/2013 Bansk\u00e1 Bystrica, FK in the SNP Museum<br \/>\n2-6\/4\/2013 Martin, Kino Stroj\u00e1r<br \/>\n8-10\/4\/2013 Prievidza, FK \u00b493<br \/>\n8-11\/4\/2013 Trnava, Kino Hviezda<br \/>\n10-14\/4\/2013 Pre\u0161ov, Kino Scala<\/p>\n<p style=\"text-align: justify;\">Maggiori info:\u00a0<a href=\"http:\/\/www.febiofest.sk\/sk\/program-prehliadky\" target=\"_blank\">www.febiofest.sk<\/a><\/p>\n<p style=\"text-align: justify;\">(La Redazione)<\/p>\n<\/div>\n","protected":false},"excerpt":{"rendered":"<p>Dopo l\u2019avvio del festival cinematografico Febio Fest oggi a Praga \u2013 con Giancarlo Giannini premiato dalla critica ceca e una rassegna \u2013 sara&#8217; il turno anche del suo gemello Febio Fest slovacco (www.febiofest.sk), che si tiene a Bratislava dal 15 al 21 marzo e in seguito si sposta in altre localit\u00e0 slovacche fino a met\u00e0 [&hellip;]<\/p>\n","protected":false},"author":2,"featured_media":1774,"comment_status":"closed","ping_status":"open","sticky":false,"template":"","format":"standard","meta":[],"categories":[5,1],"tags":[9,339,338,42,337],"aioseo_notices":[],"jetpack_featured_media_url":"https:\/\/www.turismoslovacchia.it\/wp-content\/uploads\/febiofest.jpg","jetpack_sharing_enabled":true,"jetpack-related-posts":[{"id":4456,"url":"https:\/\/www.turismoslovacchia.it\/?p=4456","url_meta":{"origin":1773,"position":0},"title":"Premiate a Bologna tre personalit\u00e0 attive nelle relazioni italo-slovacche","date":"2 Aprile 2015","format":false,"excerpt":"Sabato 14 marzo Bologna \u00e8 stata ancora una volta capitale delle relazioni tra Italia e Slovacchia, grazie alla cerimonia di consegna del Premio Re Enzo 2015, che si \u00e8 tenuto\u00a0sotto gli auspici\u00a0del Presidente del Parlamento Slovacco Peter Pellegrini e del Ministero degli Esteri Italiano.\u00a0Presente a Palazzo Re Enzo, nel cuore\u2026","rel":"","context":"In &quot;Articoli&quot;","img":{"alt_text":"","src":"https:\/\/i0.wp.com\/www.turismoslovacchia.it\/wp-content\/uploads\/reenzo2015.jpg?resize=350%2C200&ssl=1","width":350,"height":200},"classes":[]},{"id":2839,"url":"https:\/\/www.turismoslovacchia.it\/?p=2839","url_meta":{"origin":1773,"position":1},"title":"Parte a Bratislava il Mese della Fotografia 2013","date":"7 Novembre 2013","format":false,"excerpt":"Partita in sordina nei giorni scorsi, la kermesse della fotografia novembrina conosciuta con il brand \u201cMonth of Photography\u201d, che rappresenta una rete di festival in capitali di tutta Europa (tra cui Berlino, Vienna e Parigi), entra nel vivo da oggi fino a sabato con decine di vernissage e incontri, per\u2026","rel":"","context":"In &quot;Eventi&quot;","img":{"alt_text":"","src":"https:\/\/i0.wp.com\/www.turismoslovacchia.it\/wp-content\/uploads\/festival-foto-2013.jpg?resize=350%2C200&ssl=1","width":350,"height":200},"classes":[]},{"id":579,"url":"https:\/\/www.turismoslovacchia.it\/?p=579","url_meta":{"origin":1773,"position":2},"title":"Armonie classiche nella capitale per il Bratislava Music Festival","date":"16 Novembre 2010","format":false,"excerpt":"Il 46\u00b0 Bratislava Music Festival (BHF) comincia il 19 novembre, e comprende una serie di concerti di musica classica di top performers provenienti da tutta Europa e anche oltre. Il BHF inizia Venerd\u00ec 19 novembre con un concerto al Teatro Nazionale Slovacco (l'edificio storico, in Stare Mesto). Guidata dal pluripremiato\u2026","rel":"","context":"In &quot;Eventi&quot;","img":{"alt_text":"","src":"https:\/\/i0.wp.com\/www.turismoslovacchia.it\/wp-content\/uploads\/Bratislava-Teatro-Nazionale-Slovacco-e1337710011473.jpg?resize=350%2C200&ssl=1","width":350,"height":200},"classes":[]},{"id":1279,"url":"https:\/\/www.turismoslovacchia.it\/?p=1279","url_meta":{"origin":1773,"position":3},"title":"Dolce Vitaj 2012: una stagione di appuntamenti italiani in Slovacchia","date":"29 Maggio 2012","format":false,"excerpt":"\u00c8 stato presentato oggi il festival Dolce Vitaj 2012, la pi\u00f9 importante manifestazione culturale italiana in Slovacchia, che realizza per la quinta volta nel mese di giugno una serie di appuntamenti che rappresentano una vera e propria finestra sull\u2019Italia. In una conferenza stampa presso il Comune di Bratislava si sono\u2026","rel":"","context":"In &quot;Eventi&quot;","img":{"alt_text":"","src":"https:\/\/i0.wp.com\/www.turismoslovacchia.it\/wp-content\/uploads\/dolcev12.jpg?resize=350%2C200&ssl=1","width":350,"height":200},"classes":[]},{"id":9222,"url":"https:\/\/www.turismoslovacchia.it\/?p=9222","url_meta":{"origin":1773,"position":4},"title":"Bratislava, ritorna il Mese della fotografia","date":"1 Novembre 2019","format":false,"excerpt":"Ritorna per la ventinovesima volta il festival annuale Mesiac Fotografie \u2013 Month of Photography che ancora una volta porta a Bratislava star internazionali della fotografia contemporanea come AES + F e Joan Fountcouberta (vincitore del Premio Hasselblad, l'equivalente fotografico del Premio Nobel), insieme a vecchie glorie che dell'ottava arte hanno\u2026","rel":"","context":"In &quot;Articoli&quot;","img":{"alt_text":"","src":"https:\/\/i0.wp.com\/www.turismoslovacchia.it\/wp-content\/uploads\/mesiac-fotograf-19_1.jpg?resize=350%2C200&ssl=1","width":350,"height":200},"classes":[]},{"id":8654,"url":"https:\/\/www.turismoslovacchia.it\/?p=8654","url_meta":{"origin":1773,"position":5},"title":"Personalit\u00e0 e anniversari significativi: \u013dudov\u00edt \u0160t\u00far","date":"13 Luglio 2018","format":false,"excerpt":"\u013dudov\u00edt \u0160t\u00far (Uhrovec,\u00a028 ottobre\u00a01815\u00a0\u2013\u00a0Modra,\u00a012 gennaio1856) \u00c8 stato un\u00a0linguista,\u00a0poeta\u00a0e\u00a0giornalista\u00a0slovacco. Codific\u00f2 la\u00a0lingua slovacca\u00a0secondo le parlate della\u00a0Slovacchia centrale, organizz\u00f2 i volontari slovacchi durante la sollevazione slovacca del\u00a01848\u00a0contro il\u00a0regno d'Ungheria. \u00a0Fu anche politico, editore, professore e filosofo. Aveva un'ottima conoscenza del\u00a0latino, oltre al quale conosceva anche l'ungherese, il\u00a0tedesco, il\u00a0francese, il\u00a0greco, il\u00a0polacco, il\u00a0serbocroato, il\u00a0russo\u00a0e studi\u00f2\u2026","rel":"","context":"In &quot;Articoli&quot;","img":{"alt_text":"","src":"https:\/\/i0.wp.com\/www.turismoslovacchia.it\/wp-content\/uploads\/stur1.jpg?resize=350%2C200&ssl=1","width":350,"height":200},"classes":[]}],"jetpack_shortlink":"https:\/\/wp.me\/p1oiY9-sB","_links":{"self":[{"href":"https:\/\/www.turismoslovacchia.it\/index.php?rest_route=\/wp\/v2\/posts\/1773"}],"collection":[{"href":"https:\/\/www.turismoslovacchia.it\/index.php?rest_route=\/wp\/v2\/posts"}],"about":[{"href":"https:\/\/www.turismoslovacchia.it\/index.php?rest_route=\/wp\/v2\/types\/post"}],"author":[{"embeddable":true,"href":"https:\/\/www.turismoslovacchia.it\/index.php?rest_route=\/wp\/v2\/users\/2"}],"replies":[{"embeddable":true,"href":"https:\/\/www.turismoslovacchia.it\/index.php?rest_route=%2Fwp%2Fv2%2Fcomments&post=1773"}],"version-history":[{"count":0,"href":"https:\/\/www.turismoslovacchia.it\/index.php?rest_route=\/wp\/v2\/posts\/1773\/revisions"}],"wp:featuredmedia":[{"embeddable":true,"href":"https:\/\/www.turismoslovacchia.it\/index.php?rest_route=\/wp\/v2\/media\/1774"}],"wp:attachment":[{"href":"https:\/\/www.turismoslovacchia.it\/index.php?rest_route=%2Fwp%2Fv2%2Fmedia&parent=1773"}],"wp:term":[{"taxonomy":"category","embeddable":true,"href":"https:\/\/www.turismoslovacchia.it\/index.php?rest_route=%2Fwp%2Fv2%2Fcategories&post=1773"},{"taxonomy":"post_tag","embeddable":true,"href":"https:\/\/www.turismoslovacchia.it\/index.php?rest_route=%2Fwp%2Fv2%2Ftags&post=1773"}],"curies":[{"name":"wp","href":"https:\/\/api.w.org\/{rel}","templated":true}]}}