{"id":1768,"date":"2013-03-18T21:24:22","date_gmt":"2013-03-18T20:24:22","guid":{"rendered":"http:\/\/www.turismoslovacchia.it\/?p=1768"},"modified":"2015-05-15T17:21:52","modified_gmt":"2015-05-15T15:21:52","slug":"zilina-la-sinagoga-diventera-un-centro-artistico","status":"publish","type":"post","link":"https:\/\/www.turismoslovacchia.it\/?p=1768","title":{"rendered":"Zilina: la Sinagoga diventer\u00e0 un centro artistico"},"content":{"rendered":"<p style=\"text-align: justify;\"><img decoding=\"async\" loading=\"lazy\" class=\"alignnone size-full wp-image-1769\" title=\"sinagoga-zilina\" src=\"http:\/\/www.turismoslovacchia.it\/wp-content\/uploads\/sinagoga-zilina.jpg\" alt=\"\" width=\"520\" height=\"320\" srcset=\"https:\/\/www.turismoslovacchia.it\/wp-content\/uploads\/sinagoga-zilina.jpg 520w, https:\/\/www.turismoslovacchia.it\/wp-content\/uploads\/sinagoga-zilina-300x185.jpg 300w, https:\/\/www.turismoslovacchia.it\/wp-content\/uploads\/sinagoga-zilina-400x246.jpg 400w, https:\/\/www.turismoslovacchia.it\/wp-content\/uploads\/sinagoga-zilina-100x62.jpg 100w, https:\/\/www.turismoslovacchia.it\/wp-content\/uploads\/sinagoga-zilina-200x123.jpg 200w, https:\/\/www.turismoslovacchia.it\/wp-content\/uploads\/sinagoga-zilina-150x92.jpg 150w\" sizes=\"(max-width: 520px) 100vw, 520px\" \/><\/p>\n<p style=\"text-align: justify;\">La comunita&#8217; ebraica di Zilina affittera&#8217; la sua ex sinagoga ad artisti, addebitando loro una tariffa simbolica, per trasformarla in una galleria d\u2019arte. L\u2019edificio, originariamente chiamato <a href=\"http:\/\/www.novasynagoga.sk\/\" target=\"_blank\">Sinagoga Neolog<\/a>, \u00e8 stato progettato nel 1930 dal famoso architetto modernista tedesco Peter Behrens e smise di essere adibito al culto nel 1941, quando la maggior parte dei 19.000 ebrei della citt\u00e0 furono deportati e in gran parte uccisi durante l\u2019Olocausto.<\/p>\n<p style=\"text-align: justify;\">Dopo il 1989, la costruzione \u00e8 stata restituita alle istituzioni di ci\u00f2 che rimaneva della comunit\u00e0 ebraica della Slovacchia, dopo essere stata usata come cinema, teatro e sala concerti. L\u2019edificio, secondo gli esperti, \u00e8 uno dei monumenti architettonici pi\u00f9 notevoli tra le due guerre a livello europeo, dichiarato nel 1963 monumento culturale nazionale slovacco.<\/p>\n<p style=\"text-align: justify;\">Ora, anche per evitare che venga magari trasformata in un centro commerciale, un gruppo di artisti si sono fatti avanti per prendere in mano il destino della sinagoga, restaurarla e aprire entro l\u2019anno prossimo \u00abuna galleria che metter\u00e0 Zilina sulla mappa\u00bb delle localit\u00e0 degne di una visita. I lavori sono iniziati lo scorso anno e stanno procedendo alacremente, con l\u2019invito alla popolazione a partecipare, come volontari o con donazioni, con lo slogan \u201cKupte si smrtelnost\u201d, compratevi l\u2019immortalit\u00e0.<\/p>\n<p style=\"text-align: justify;\">Il progettista del restauro, che dovrebbe costare circa un milione di euro \u00e8 Martin Jancok, uno dei premiati del noto premio di architettura slovacco CE-ZA-AR.<\/p>\n<p style=\"text-align: justify;\">Un tempo centro importante della cultura ebraica, la comunit\u00e0 di Zilina \u00e8 ora composta da appena 50 ebrei.<\/p>\n<p style=\"text-align: justify;\">(Fonte Buongiornoslovacchia.sk)<\/p>\n","protected":false},"excerpt":{"rendered":"<p>La comunita&#8217; ebraica di Zilina affittera&#8217; la sua ex sinagoga ad artisti, addebitando loro una tariffa simbolica, per trasformarla in una galleria d\u2019arte. L\u2019edificio, originariamente chiamato Sinagoga Neolog, \u00e8 stato progettato nel 1930 dal famoso architetto modernista tedesco Peter Behrens e smise di essere adibito al culto nel 1941, quando la maggior parte dei 19.000 [&hellip;]<\/p>\n","protected":false},"author":2,"featured_media":1769,"comment_status":"closed","ping_status":"open","sticky":false,"template":"","format":"standard","meta":[],"categories":[3,1],"tags":[216,190,30,336,603,26],"aioseo_notices":[],"jetpack_featured_media_url":"https:\/\/www.turismoslovacchia.it\/wp-content\/uploads\/sinagoga-zilina.jpg","jetpack_sharing_enabled":true,"jetpack-related-posts":[{"id":2811,"url":"https:\/\/www.turismoslovacchia.it\/?p=2811","url_meta":{"origin":1768,"position":0},"title":"Una guida alla memoria di Bratislava e le sue diverse comunit\u00e0 del Novecento","date":"15 Ottobre 2013","format":false,"excerpt":"Bratislava era un centro multietnico, multiculturale, multilingue e multireligioso, ove coabitavano diverse anime culturali una accanto all\u2019altra \u2013 ungherese, tedesca, yiddish, slovacca e ceca \u2013 rappresentate dalle rispettive comunita' e lingue, e ove la religione cristiana era praticata accanto all\u2019ebraismo. I tre nomi della citta', del resto, la dicono lunga\u2026","rel":"","context":"In &quot;Articoli&quot;","img":{"alt_text":"","src":"https:\/\/i0.wp.com\/www.turismoslovacchia.it\/wp-content\/uploads\/bratislava-ebraica_foto_bsk.sk_.jpg?resize=350%2C200&ssl=1","width":350,"height":200},"classes":[]},{"id":1269,"url":"https:\/\/www.turismoslovacchia.it\/?p=1269","url_meta":{"origin":1768,"position":1},"title":"\u00c8 nata la lista slovacca del Patrimonio culturale immateriale nazionale slovacco","date":"19 Dicembre 2011","format":false,"excerpt":"Il lungo flauto a becco dei pastori slovacchi, la fujara, i servizi dei minatori Aususnik (membri della gilda Herrengrund, che indossano per i loro rituali colorate uniformi) di Spania Dolina (regione di Banska Bystrica), la fiera di Radvan (nel comune di Banska Bystrica), la musica di Terchova (villaggio nella regione\u2026","rel":"","context":"In &quot;Articoli&quot;","img":{"alt_text":"","src":"https:\/\/i0.wp.com\/www.turismoslovacchia.it\/wp-content\/uploads\/suonatori-di-fujara-matejpivoluska@flickr.jpg?resize=350%2C200&ssl=1","width":350,"height":200},"classes":[]},{"id":2769,"url":"https:\/\/www.turismoslovacchia.it\/?p=2769","url_meta":{"origin":1768,"position":2},"title":"Cent\u2019anni fa l\u2019incendio del ghetto di Bratislava","date":"9 Settembre 2013","format":false,"excerpt":"Il 17 maggio 1913, nella zona extramuraria del ghetto ebraico di Bratislava ai piedi del castello, scoppi\u00f2 il maggior incendio mai visto in citta'. Sulle cause, le cronache del tempo dicono che era un sabato, quando intorno alle 14 in via Pet\u0151fi 5 (oggi via Beblavy) dalla stufa di una\u2026","rel":"","context":"In &quot;Articoli&quot;","img":{"alt_text":"","src":"https:\/\/i0.wp.com\/www.turismoslovacchia.it\/wp-content\/uploads\/Bratislava-ghetto-1913_foto_judaica.cz_.jpg?resize=350%2C200&ssl=1","width":350,"height":200},"classes":[]},{"id":1756,"url":"https:\/\/www.turismoslovacchia.it\/?p=1756","url_meta":{"origin":1768,"position":3},"title":"Primavera, riaprono in Slovacchia castelli e manieri","date":"17 Aprile 2013","format":false,"excerpt":"Chi non ama immergersi almeno per qualche ora nella storia medievale visitando e lasciandosi incantare da un castello, una rocca, un maniero? In Slovacchia, del resto, non c\u2019\u00e8 che l\u2019imbarazzo della scelta, dato l\u2019alto numero di tali monumenti preservati di cui il Paese dispone, il che fa della Slovacchia uno\u2026","rel":"","context":"In &quot;Articoli&quot;","img":{"alt_text":"","src":"https:\/\/i0.wp.com\/www.turismoslovacchia.it\/wp-content\/uploads\/strecno-cast_dbartos-nc-nd.jpg?resize=350%2C200&ssl=1","width":350,"height":200},"classes":[]},{"id":4053,"url":"https:\/\/www.turismoslovacchia.it\/?p=4053","url_meta":{"origin":1768,"position":4},"title":"\u010ci\u010dmany, dove le case sembrano ricami (photogallery)","date":"9 Luglio 2014","format":false,"excerpt":"\u010ci\u010dmany (in ungherese: Csicsm\u00e1ny, tedesco: Zimmermannshau) \u00e8 un villaggio nella regione di \u017dilina, Slovacchia settentrionale. \u00c8 noto come prima riserva di architettura popolare in tutto il mondo (fu creata nel 1977). Il primo riferimento scritto al paese risale al 1272. Dopo un grande incendio nel 1921, il villaggio \u00e8 stato\u2026","rel":"","context":"In &quot;Articoli&quot;","img":{"alt_text":"","src":"https:\/\/i0.wp.com\/www.turismoslovacchia.it\/wp-content\/uploads\/Cicmany_arachide_150407449@flickr.jpg?resize=350%2C200&ssl=1","width":350,"height":200},"classes":[]},{"id":4327,"url":"https:\/\/www.turismoslovacchia.it\/?p=4327","url_meta":{"origin":1768,"position":5},"title":"Kilimangiaro: il 4 gennaio su Rai Tre la regione di \u017dilina (e Bratislava)","date":"3 Gennaio 2015","format":false,"excerpt":"L'Associazione Allegra che gestisce il sito Turismo Slovacchia, insieme e grazie all'Ente turistico regionale di \u017dilina hanno organizzato un viaggio in Slovacchia\u00a0di una troupe di Rai Tre\u00a0con lo\u00a0scopo di\u00a0produrre un documentario di viaggio da trasmettere nella popolarissima trasmissione domenicale \u201cKilimangiaro\u201d. Il programma, dopo l\u2019uscita di Licia Col\u00f2 che ne ha\u2026","rel":"","context":"In &quot;Articoli&quot;","img":{"alt_text":"","src":"https:\/\/i0.wp.com\/www.turismoslovacchia.it\/wp-content\/uploads\/zilina-regione_TS.jpg?resize=350%2C200&ssl=1","width":350,"height":200},"classes":[]}],"jetpack_shortlink":"https:\/\/wp.me\/p1oiY9-sw","_links":{"self":[{"href":"https:\/\/www.turismoslovacchia.it\/index.php?rest_route=\/wp\/v2\/posts\/1768"}],"collection":[{"href":"https:\/\/www.turismoslovacchia.it\/index.php?rest_route=\/wp\/v2\/posts"}],"about":[{"href":"https:\/\/www.turismoslovacchia.it\/index.php?rest_route=\/wp\/v2\/types\/post"}],"author":[{"embeddable":true,"href":"https:\/\/www.turismoslovacchia.it\/index.php?rest_route=\/wp\/v2\/users\/2"}],"replies":[{"embeddable":true,"href":"https:\/\/www.turismoslovacchia.it\/index.php?rest_route=%2Fwp%2Fv2%2Fcomments&post=1768"}],"version-history":[{"count":0,"href":"https:\/\/www.turismoslovacchia.it\/index.php?rest_route=\/wp\/v2\/posts\/1768\/revisions"}],"wp:featuredmedia":[{"embeddable":true,"href":"https:\/\/www.turismoslovacchia.it\/index.php?rest_route=\/wp\/v2\/media\/1769"}],"wp:attachment":[{"href":"https:\/\/www.turismoslovacchia.it\/index.php?rest_route=%2Fwp%2Fv2%2Fmedia&parent=1768"}],"wp:term":[{"taxonomy":"category","embeddable":true,"href":"https:\/\/www.turismoslovacchia.it\/index.php?rest_route=%2Fwp%2Fv2%2Fcategories&post=1768"},{"taxonomy":"post_tag","embeddable":true,"href":"https:\/\/www.turismoslovacchia.it\/index.php?rest_route=%2Fwp%2Fv2%2Ftags&post=1768"}],"curies":[{"name":"wp","href":"https:\/\/api.w.org\/{rel}","templated":true}]}}