{"id":1630,"date":"2013-01-19T13:48:30","date_gmt":"2013-01-19T12:48:30","guid":{"rendered":"http:\/\/www.turismoslovacchia.it\/?p=1630"},"modified":"2015-05-19T10:39:15","modified_gmt":"2015-05-19T08:39:15","slug":"kosice-da-oggi-capitale-europea-della-cultura-2013","status":"publish","type":"post","link":"https:\/\/www.turismoslovacchia.it\/?p=1630","title":{"rendered":"Ko\u0161ice, da oggi Capitale Europea della Cultura 2013"},"content":{"rendered":"<p style=\"text-align: justify;\"><img decoding=\"async\" loading=\"lazy\" class=\"alignnone size-full wp-image-1632\" title=\"Kosice2013, Cattedrale Santa Elisabetta (foto_kosice2013.sk)\" src=\"http:\/\/www.turismoslovacchia.it\/wp-content\/uploads\/Kosice2013-Cattedrale-Santa-Elisabetta-foto_kosice2013.sk_.jpg\" alt=\"\" width=\"520\" height=\"320\" srcset=\"https:\/\/www.turismoslovacchia.it\/wp-content\/uploads\/Kosice2013-Cattedrale-Santa-Elisabetta-foto_kosice2013.sk_.jpg 520w, https:\/\/www.turismoslovacchia.it\/wp-content\/uploads\/Kosice2013-Cattedrale-Santa-Elisabetta-foto_kosice2013.sk_-300x185.jpg 300w, https:\/\/www.turismoslovacchia.it\/wp-content\/uploads\/Kosice2013-Cattedrale-Santa-Elisabetta-foto_kosice2013.sk_-400x246.jpg 400w, https:\/\/www.turismoslovacchia.it\/wp-content\/uploads\/Kosice2013-Cattedrale-Santa-Elisabetta-foto_kosice2013.sk_-100x62.jpg 100w, https:\/\/www.turismoslovacchia.it\/wp-content\/uploads\/Kosice2013-Cattedrale-Santa-Elisabetta-foto_kosice2013.sk_-200x123.jpg 200w, https:\/\/www.turismoslovacchia.it\/wp-content\/uploads\/Kosice2013-Cattedrale-Santa-Elisabetta-foto_kosice2013.sk_-150x92.jpg 150w\" sizes=\"(max-width: 520px) 100vw, 520px\" \/><\/p>\n<p style=\"text-align: justify;\">Inizia questo weekend l\u2019anno internazionale di Ko\u0161ice \u2013 Capitale Europea della Cultura 2013, che propone una offerta di quasi 300 eventi in 70 diversi spazi all\u2019interno dell&#8217;area metropolitana e nei dintorni con circa 1.000 artisti nel corso di tutto il 2013. La cerimonia ufficiale di apertura, vede il suo culmine, domenica 20 gennaio, in un fine settimana zeppo di manifestazoni multiformi un po\u2019 per tutte le tipologie di pubblico.<\/p>\n<p style=\"text-align: justify;\">Il programma della maratona di due giorni si concluder\u00e0 con l\u2019apertura ufficiale di Ko\u0161ice \u2013 Capitale Europea della Cultura 2013 presso il Teatro di Stato, con forti presenze istituzionali.\u00a0Il grande spettacolo della cerimonia di apertura si terr\u00e0 domenica a partire dalle ore 18:00 nel palco su Hlavn\u00e1 ulica, mentre altri eventi sono tematicamente divisi in blocchi di programma (Colazione in citt\u00e0, Punti culturali internazionali, Design e Fashion Weekend, Collezione invernale della Facolt\u00e0 delle Arti, SPOTs, Terra Incognita, Musica nella Citt\u00e0, Scena Teatro e Danza, K.A.I.R.. E poi, uno speciale programma di illuminazione celebrativo della Cattedrale di S. Elisabetta e altri programmi di accompagnamento. Uno degli eventi internazionali principali \u00e8 il concerto del gruppo britannico Jamiroquai, domenica alle 20:30 alla Steel Arena. Inoltre, saranno a Ko\u0161ice nel programma principale nomi noti a livello internazionale come il maestro di tamburi giapponese Ichitaro, gli artisti di strada e musicisti francesi Stroon, gli Under Kontrol di Marsiglia (l\u2018altra Capitale della Cultura 2013). Sar\u00e0 una pr\u00e9miere in citt\u00e0 anche uno spettacolo di fuochi d\u2019artificio (definito piro-musicale) che promette di essere lo stato dell\u2019arte nella tecnologia pirotecnica, visto per la prima volta al festival dello scorso anno a Monaco. Secondo gli organizzatori il luogo migliore per godersi al meglio lo spettacolo \u00e8 tra il palco principale su Hlavna ulica e l\u2019Hotel Hilton.<\/p>\n<p style=\"text-align: justify;\">Anche un pezzo d\u2019Italia sar\u00e0 parte della cerimonia di apertura di Ko\u0161ice 2013: \u00e8 infatti in programma la composizione \u201cCorali per la vecchia e nuova Europa\u201d di Stefano Giannotti, che sar\u00e0 interpretata alla presenza dell\u2019autore in collaborazione con l\u2019Istituto Italiano di Cultura e l\u2019Ambasciata d\u2019Italia. I temi trattati nel brano sono un invito all\u2019Europa a riciclare materiali e a produrre beni ed energia pensando anche all\u2019ambiente.<\/p>\n<p style=\"text-align: justify;\">Per chi non potr\u00e0 essere presente a Ko\u0161ice, \u00e8 stato preparato un collegamento online che permetter\u00e0 a migliaia di internauti di seguire gli eventi direttamente da casa, grazie alla Internet TV <a href=\"http:\/\/streams.metoo.sk\/OC2013\/\" target=\"_blank\">MeToo.sk<\/a>,\u00a0che offrir\u00e0 un totale di 60 ore di trasmissione online. Da questo link si\u00a0possono seguire i lavori di preparazione del grande palco a Kosice.<\/p>\n<p style=\"text-align: justify;\">Ko\u0161ice, storicamente una citt\u00e0 ungherese, fu il primo Libero Comune dell\u2019Ungheria, e fu sede di importanti movimenti politici quale seconda metropoli del Regno d\u2019Ungheria. Sotto il dominio autro-ungarico la citt\u00e0 aument\u00f2 fortemente la popolazione tedesca, ebraica e slovacca, e l\u2019urbanistica dell\u2019urbe testimonia quest\u2019eredit\u00e0.<\/p>\n<p>Qui il programma del fine settimana: <a href=\"http:\/\/www.kosice2013.sk\/\">http:\/\/oc.kosice2013.sk\/en\/program<\/a>\u00a0e<a href=\"http:\/\/www.kosice2013.sk\/\">http:\/\/oc1.kosice2013.sk\/en<\/a>.<\/p>\n<p>Maggiori informazioni sugli eventi a Ko\u0161ice: <a href=\"http:\/\/www.kosice2013.sk\/\" target=\"_blank\">www.kosice2013.sk<\/a>, <a href=\"https:\/\/www.facebook.com\/kosice2013en\">facebook.com\/kosice2013en<\/a>.<\/p>\n<p>Per chi vuole leggersi gli eventi sullo smartphone, esiste una App Ko\u0161ice 2013 per<a href=\"https:\/\/play.google.com\/store\/apps\/details?id=com.ness.kdc\">Android<\/a>\u00a0e per <a href=\"https:\/\/itunes.apple.com\/us\/app\/kosice-2013\/id576700432?mt=8\">Apple<\/a>.<\/p>\n<p>&nbsp;<\/p>\n<p>(La Redazione)<\/p>\n","protected":false},"excerpt":{"rendered":"<p>Inizia questo weekend l\u2019anno internazionale di Ko\u0161ice \u2013 Capitale Europea della Cultura 2013, che propone una offerta di quasi 300 eventi in 70 diversi spazi all\u2019interno dell&#8217;area metropolitana e nei dintorni con circa 1.000 artisti nel corso di tutto il 2013. La cerimonia ufficiale di apertura, vede il suo culmine, domenica 20 gennaio, in un [&hellip;]<\/p>\n","protected":false},"author":2,"featured_media":1632,"comment_status":"open","ping_status":"open","sticky":false,"template":"","format":"standard","meta":[],"categories":[3,5,1],"tags":[315,30,22],"aioseo_notices":[],"jetpack_featured_media_url":"https:\/\/www.turismoslovacchia.it\/wp-content\/uploads\/Kosice2013-Cattedrale-Santa-Elisabetta-foto_kosice2013.sk_.jpg","jetpack_sharing_enabled":true,"jetpack-related-posts":[{"id":1600,"url":"https:\/\/www.turismoslovacchia.it\/?p=1600","url_meta":{"origin":1630,"position":0},"title":"Ko\u0161ice \u00e8 tra le destinazioni top del 2013 secondo CNN","date":"13 Gennaio 2013","format":false,"excerpt":"La Slovacchia all\u2019attenzione dei media internazionali. L\u2019americana CNN ha messo Ko\u0161ice tra le sette bellezze e principali destinazioni turistiche del 2013. Insieme alla metropoli dell'est della Slovacchia ci sono la Scozia, la capitale del Marocco Rabat, l\u2019Africa sub-Sahariana, Gettysburg, in Pennsylvania (per i 150 anni dalla fine della Guerra di\u2026","rel":"","context":"In &quot;Articoli&quot;","img":{"alt_text":"","src":"https:\/\/i0.wp.com\/www.turismoslovacchia.it\/wp-content\/uploads\/kosice-chies-cattedr_slovakia-travel.jpg?resize=350%2C200&ssl=1","width":350,"height":200},"classes":[]},{"id":1597,"url":"https:\/\/www.turismoslovacchia.it\/?p=1597","url_meta":{"origin":1630,"position":1},"title":"Aerei: riprende a marzo il Bratislava-Trapani, raddoppia linea per Kosice","date":"5 Gennaio 2013","format":false,"excerpt":"Riprendono dal 31 marzo 2013 le operazioni di Ryanair sulla linea Bratislava-Trapani, con un volo diretto due volte a settimana, il mercoled\u00ec e la domenica, e dal 30 marzo sulla Bratislava-Alghero con altri due voli, il luned\u00ec e il gioved\u00ec. I biglietti sono a disposizione per l'acquisto sul sito del\u2026","rel":"","context":"In &quot;Articoli&quot;","img":{"alt_text":"","src":"https:\/\/i0.wp.com\/www.turismoslovacchia.it\/wp-content\/uploads\/voli-collegamenti.jpg?resize=350%2C200&ssl=1","width":350,"height":200},"classes":[]},{"id":2753,"url":"https:\/\/www.turismoslovacchia.it\/?p=2753","url_meta":{"origin":1630,"position":2},"title":"Kosice: nuovo record di visitatori allo zoo nell\u2019anno della Capitale europea della cultura","date":"28 Agosto 2013","format":false,"excerpt":"Lo Zoo di Kosice ha superato negli otto mesi di quest\u2019anno, con 188 mila visitatori, il suo record di presenze del 2011 (furono allora 182 mila). L\u2019aumento \u00e8 in buona parte dovuto all\u2019apertura del DinoPark nel mese di giugno, un parco giochi paleontologico con riproduzione cinematografiche in 3D, ma anche\u2026","rel":"","context":"In &quot;Articoli&quot;","img":{"alt_text":"","src":"https:\/\/i0.wp.com\/www.turismoslovacchia.it\/wp-content\/uploads\/www-zookosice-sk.jpg?resize=350%2C200&ssl=1","width":350,"height":200},"classes":[]},{"id":2635,"url":"https:\/\/www.turismoslovacchia.it\/?p=2635","url_meta":{"origin":1630,"position":3},"title":"Video promozionale di Kosice 2013 vince festival internazionale (video)","date":"19 Ottobre 2013","format":false,"excerpt":"Un video per promuovere Kosice, secondo maggior centro della Slovacchia ove nel 2013 si celebra il titolo di Capitale europea della cultura, ha vinto il primo premio al Tourfilm, un festival internazionale che si tiene a Karlovy Vary, in Repubblica Ceca. Il video, intitolato \u2018Visit Kosice\u2019, ha sbaragliato gli altri\u2026","rel":"","context":"In &quot;Articoli&quot;","img":{"alt_text":"","src":"https:\/\/i0.wp.com\/www.turismoslovacchia.it\/wp-content\/uploads\/Kosice-Slovacchia-foto_sk-travel.jpg?resize=350%2C200&ssl=1","width":350,"height":200},"classes":[]},{"id":5556,"url":"https:\/\/www.turismoslovacchia.it\/?p=5556","url_meta":{"origin":1630,"position":4},"title":"Ko\u0161ice, turismo in crescita: +9% gli arrivi quest\u2019anno, +12% i pernotti","date":"8 Luglio 2015","format":false,"excerpt":"La citt\u00e0 di Ko\u0161ice ha registrato quest\u2019anno un numero crescente di visitatori, con gli arrivi nelle strutture alberghiere che sono cresciuti del 9,44%, in termini numerari di 7.511 persone, nei primi cinque mesi del 2015 rispetto all'anno precedente. Ancora meglio il dato sui pernotti in citt\u00e0, che tra gennaio e\u2026","rel":"","context":"In &quot;Articoli&quot;","img":{"alt_text":"kosice_(g.h.vandoorn-285916178)","src":"https:\/\/i0.wp.com\/www.turismoslovacchia.it\/wp-content\/uploads\/kosice_g.h.vandoorn-285916178.jpg?resize=350%2C200","width":350,"height":200},"classes":[]},{"id":748,"url":"https:\/\/www.turismoslovacchia.it\/?p=748","url_meta":{"origin":1630,"position":5},"title":"Campionati del Mondo di hockey su ghiaccio 2011 in Slovacchia","date":"27 Febbraio 2011","format":false,"excerpt":"Vorremmo invitare tutti gli appassionati dello sport e in particolare gli appassionati di hockey ai Campionati Mondiali di hockey su ghiaccio 2011 che si terranno dal 29 aprile al 15 maggio 2011 in Slovacchia. Le sedi del campionato saranno le due pi\u00f9 grandi citt\u00e0 slovacche di Bratislava e Kosice .\u2026","rel":"","context":"In &quot;Articoli&quot;","img":{"alt_text":"","src":"https:\/\/i0.wp.com\/www.turismoslovacchia.it\/wp-content\/uploads\/Campionati-del-Mondo-di-hockey-su-ghiaccio-Slovakia-2011.jpg?resize=350%2C200&ssl=1","width":350,"height":200},"classes":[]}],"jetpack_shortlink":"https:\/\/wp.me\/p1oiY9-qi","_links":{"self":[{"href":"https:\/\/www.turismoslovacchia.it\/index.php?rest_route=\/wp\/v2\/posts\/1630"}],"collection":[{"href":"https:\/\/www.turismoslovacchia.it\/index.php?rest_route=\/wp\/v2\/posts"}],"about":[{"href":"https:\/\/www.turismoslovacchia.it\/index.php?rest_route=\/wp\/v2\/types\/post"}],"author":[{"embeddable":true,"href":"https:\/\/www.turismoslovacchia.it\/index.php?rest_route=\/wp\/v2\/users\/2"}],"replies":[{"embeddable":true,"href":"https:\/\/www.turismoslovacchia.it\/index.php?rest_route=%2Fwp%2Fv2%2Fcomments&post=1630"}],"version-history":[{"count":0,"href":"https:\/\/www.turismoslovacchia.it\/index.php?rest_route=\/wp\/v2\/posts\/1630\/revisions"}],"wp:featuredmedia":[{"embeddable":true,"href":"https:\/\/www.turismoslovacchia.it\/index.php?rest_route=\/wp\/v2\/media\/1632"}],"wp:attachment":[{"href":"https:\/\/www.turismoslovacchia.it\/index.php?rest_route=%2Fwp%2Fv2%2Fmedia&parent=1630"}],"wp:term":[{"taxonomy":"category","embeddable":true,"href":"https:\/\/www.turismoslovacchia.it\/index.php?rest_route=%2Fwp%2Fv2%2Fcategories&post=1630"},{"taxonomy":"post_tag","embeddable":true,"href":"https:\/\/www.turismoslovacchia.it\/index.php?rest_route=%2Fwp%2Fv2%2Ftags&post=1630"}],"curies":[{"name":"wp","href":"https:\/\/api.w.org\/{rel}","templated":true}]}}