{"id":1575,"date":"2012-10-31T19:55:48","date_gmt":"2012-10-31T18:55:48","guid":{"rendered":"http:\/\/www.turismoslovacchia.it\/?p=1575"},"modified":"2015-05-15T17:12:01","modified_gmt":"2015-05-15T15:12:01","slug":"mese-della-fotografia-aperta-la-rassegna-clou-dell%e2%80%99anno-a-bratislava","status":"publish","type":"post","link":"https:\/\/www.turismoslovacchia.it\/?p=1575","title":{"rendered":"Mese della Fotografia: aperta la rassegna fotografica clou dell\u2019anno a Bratislava"},"content":{"rendered":"<p style=\"text-align: justify;\"><img decoding=\"async\" loading=\"lazy\" class=\"alignnone size-full wp-image-1576\" title=\"mese fotografia 2012\" src=\"http:\/\/www.turismoslovacchia.it\/wp-content\/uploads\/mese-fotografia-2012.jpg\" alt=\"\" width=\"520\" height=\"320\" srcset=\"https:\/\/www.turismoslovacchia.it\/wp-content\/uploads\/mese-fotografia-2012.jpg 520w, https:\/\/www.turismoslovacchia.it\/wp-content\/uploads\/mese-fotografia-2012-300x185.jpg 300w, https:\/\/www.turismoslovacchia.it\/wp-content\/uploads\/mese-fotografia-2012-400x246.jpg 400w, https:\/\/www.turismoslovacchia.it\/wp-content\/uploads\/mese-fotografia-2012-100x62.jpg 100w, https:\/\/www.turismoslovacchia.it\/wp-content\/uploads\/mese-fotografia-2012-200x123.jpg 200w, https:\/\/www.turismoslovacchia.it\/wp-content\/uploads\/mese-fotografia-2012-150x92.jpg 150w\" sizes=\"(max-width: 520px) 100vw, 520px\" \/><\/p>\n<p style=\"text-align: justify;\">La ventiduesima edizione del Mese della  Fotografia (Mesiac fotografie) ha preso avvio con la bella mostra di Robert Capa alla Galleria  Nazionale Slovacca (<a href=\"http:\/\/www.sng.sk\/\" target=\"_blank\">SNG<\/a>) ed \u00e8 proseguita con l&#8217;apertura della mostra  National Geographic, mentre oggi apre presso la Galleria Civica di  Bratislava (<a href=\"http:\/\/www.gmb.sk\/sk\/exhibition\/detail\/a-22mesiac-fotografie?sessid33a9da58c392d6140ed2781659e29839=4c0cc7a5de2bb9722206b4d8f1fd9a10\" target=\"_blank\">GMB<\/a>) la rassegna di Lewis Hine. Un altro evento di spessore, come \u00e8 d\u2019abitudine per questo  festival che porta in Slovacchia ogni anno i nomi pi\u00f9 importanti a  livello mondiale della fotografia del passato, insieme a nomi emergenti  di giovani autori contemporanei, slovacchi e stranieri.<\/p>\n<figure style=\"width: 520px\" class=\"wp-caption alignnone\"><img decoding=\"async\" loading=\"lazy\" src=\"http:\/\/www.buongiornoslovacchia.sk\/wp-content\/uploads\/robertcapa-mesiac-fotografie.jpg\" alt=\"\" width=\"520\" height=\"330\" \/><figcaption class=\"wp-caption-text\">Robert Capa, alla Galleria Nazionale<\/figcaption><\/figure>\n<p style=\"text-align: justify;\">Americano, vissuto a  cavallo tra Otto e Novecento, un\u2019et\u00e0 che ha visto l\u2019enorme sviluppo  dell\u2019arte fotografica e di soluzioni tecniche di avanguardia, Lewis  Wickes Hine \u00e8 considerato il fondatore della fotografia documentaria,  oltre che uno dei fotoreporter americani pi\u00f9 famosi. \u00c8 stato lui a documentare, per esempio,  la costruzione del grattacielo per eccellenza, l\u2019Empire State Building  di New York , un processo che lui ha seguito nel 1930 da terra fino alla cima (a  381 metri di altezza lungo ben 14 mesi) con grande sprezzo del pericolo, armato soltanto  di una cintura di sicurezza e la sua macchina fotografica (che non era certo leggera ed automatica come le moderne fotocamere reflex).<\/p>\n<figure style=\"width: 520px\" class=\"wp-caption alignnone\"><img decoding=\"async\" loading=\"lazy\" src=\"http:\/\/www.buongiornoslovacchia.sk\/wp-content\/uploads\/LewisHine-Bratislava.jpg\" alt=\"\" width=\"520\" height=\"380\" \/><figcaption class=\"wp-caption-text\">Lewis Hine, alla Galleria Civica<\/figcaption><\/figure>\n<p style=\"text-align: justify;\">\n<p style=\"text-align: justify;\">In tutto, il festival offre 28 mostre individuali e  collettive di autori internazionali nelle gallerie e musei di  Bratislava. Oltre alle star Capa e Hine, e oltre  alle 100 immagini di fotografia francese storica, alle foto del National  Geographic o ai giovani autori russi, sono da non perdere le foto di  Symon Kliman della serie \u201cBeautiful people\u201d, che si rif\u00e0 al tema principale della rassegna, le minoranze etniche.<\/p>\n<p style=\"text-align: justify;\"><div class=\"simplePullQuote right\"><p>Qui tutte le info sul festival: <a href=\"http:\/\/www.mesiacfotografie.sk\/\" target=\"_blank\">www.mesiacfotografie.sk<\/a> e <a href=\"http:\/\/www.sedf.sk\/\" target=\"_blank\">www.sedf.sk<\/a>. \u00a0A <a href=\"http:\/\/www.sedf.sk\/images\/stories\/mesiac_fotografie\/2012\/bulletin12.pdf\" target=\"_blank\">questo indirizzo<\/a> \u00e8 scaricabile l\u2019intero programma del festival con gli eventi, gli indirizzi e le mappe.<\/p>\n<\/div>Biglietto cumulativo  per tutte le mostre a 12 euro acquistabile presso Stredoeur\u00f3psky dom fotografie, Prepo\u0161tsk\u00e1 4, Bratislava e Dom umenia, N\u00e1m. SNP 12, Bratislava.. Alle mostre e workshops si accompagnano  visioni di portfolio fotografici e altri eventi come l\u2019International  film festival Bratislava (dal 9 al 15 novembre), opere di teatro, un  premio per il miglior libro fotografico dell\u2019Europa centro-orientale,  visite guidate eccetera, e il festival fotografico OFF.<\/p>\n<p style=\"text-align: justify;\">\n<p style=\"text-align: justify;\">(La Redazione)<\/p>\n","protected":false},"excerpt":{"rendered":"<p>La ventiduesima edizione del Mese della Fotografia (Mesiac fotografie) ha preso avvio con la bella mostra di Robert Capa alla Galleria Nazionale Slovacca (SNG) ed \u00e8 proseguita con l&#8217;apertura della mostra National Geographic, mentre oggi apre presso la Galleria Civica di Bratislava (GMB) la rassegna di Lewis Hine. Un altro evento di spessore, come \u00e8 [&hellip;]<\/p>\n","protected":false},"author":2,"featured_media":1576,"comment_status":"open","ping_status":"open","sticky":false,"template":"","format":"standard","meta":[],"categories":[3,5,1],"tags":[29,42,43,225,44],"aioseo_notices":[],"jetpack_featured_media_url":"https:\/\/www.turismoslovacchia.it\/wp-content\/uploads\/mese-fotografia-2012.jpg","jetpack_sharing_enabled":true,"jetpack-related-posts":[{"id":6848,"url":"https:\/\/www.turismoslovacchia.it\/?p=6848","url_meta":{"origin":1575,"position":0},"title":"Mese della Fotografia 2016, a Bratislava anche i grandi maestri italiani","date":"3 Novembre 2016","format":false,"excerpt":"Dal 4 novembre a Bratislava parte la rassegna internazionale annuale Mese della Fotografia (Mesiac fotografie) con numerose mostre\u00a0che inonderanno la capitale slovacca di immagini e\u00a0autori di alto profilo, slovacchi e internazionali. Alla sua 26esima\u00a0edizione\u00a0la rassegna presenta anche il terzo volume\u00a0della \u201cStoria della fotografia europea del XX secolo\u201d, un lavoro di\u2026","rel":"","context":"In &quot;Articoli&quot;","img":{"alt_text":"","src":"https:\/\/i0.wp.com\/www.turismoslovacchia.it\/wp-content\/uploads\/mesiacfotogr2016_poster.jpg?resize=350%2C200&ssl=1","width":350,"height":200},"classes":[]},{"id":4269,"url":"https:\/\/www.turismoslovacchia.it\/?p=4269","url_meta":{"origin":1575,"position":1},"title":"A Bratislava \u00e8 novembre il Mese della Fotografia","date":"7 Novembre 2014","format":false,"excerpt":"Ha avuto inizio da poco pi\u00f9 di una settimana, e si svolger\u00e0 fino al 30 novembre a Bratislava, la 24esima edizione del Festival internazionaleMesiac fotografie\u00a0(Mese della fotografia). Divenuto nel corso del tempo uno dei pi\u00f9 importanti eventi culturali d\u2019autunno dell\u2019intera regione, il festival vede nel corso del mese decine di\u2026","rel":"","context":"In &quot;Articoli&quot;","img":{"alt_text":"","src":"https:\/\/i0.wp.com\/www.turismoslovacchia.it\/wp-content\/uploads\/mesefotogr-koppitz-2014.jpg?resize=350%2C200&ssl=1","width":350,"height":200},"classes":[]},{"id":6046,"url":"https:\/\/www.turismoslovacchia.it\/?p=6046","url_meta":{"origin":1575,"position":2},"title":"Novembre, a Bratislava \u00e8 il Mese della Fotografia","date":"5 Novembre 2015","format":false,"excerpt":"Si stanno tenendo in questi giorni le numerose inaugurazioni del festival di fotografia Mesiac Fotografie 2015, che come tutti gli anni invade nel mese di novembre la capitale slovacca con mostre, workshops, conferenze ed eventi collaterali. La venticinquesima edizione della manifestazione, porta nuovi nomi, e nuove location grazie a una\u2026","rel":"","context":"In &quot;Articoli&quot;","img":{"alt_text":"","src":"https:\/\/i0.wp.com\/www.turismoslovacchia.it\/wp-content\/uploads\/mesefotog15.jpg?resize=350%2C200&ssl=1","width":350,"height":200},"classes":[]},{"id":1092,"url":"https:\/\/www.turismoslovacchia.it\/?p=1092","url_meta":{"origin":1575,"position":3},"title":"La fotografia come ogni novembre invade Bratislava","date":"12 Novembre 2011","format":false,"excerpt":"La 21\u00b0 edizione del Mese della Fotografia di Bratislava mette insieme diversi generi, fotografi e paesi per un totale di 26 mostre, che sono state aperte all'inizio del mese e sono sparse in tutta la citta' dalle grandi alle piccole gallerie. Parte del circuito sono anche la Galleria Nazionale Slovacca\u2026","rel":"","context":"In &quot;Articoli&quot;","img":{"alt_text":"","src":"https:\/\/i0.wp.com\/www.turismoslovacchia.it\/wp-content\/uploads\/mesiacfotografie-JanSaudek_ps03.jpg?resize=350%2C200&ssl=1","width":350,"height":200},"classes":[]},{"id":9222,"url":"https:\/\/www.turismoslovacchia.it\/?p=9222","url_meta":{"origin":1575,"position":4},"title":"Bratislava, ritorna il Mese della fotografia","date":"1 Novembre 2019","format":false,"excerpt":"Ritorna per la ventinovesima volta il festival annuale Mesiac Fotografie \u2013 Month of Photography che ancora una volta porta a Bratislava star internazionali della fotografia contemporanea come AES + F e Joan Fountcouberta (vincitore del Premio Hasselblad, l'equivalente fotografico del Premio Nobel), insieme a vecchie glorie che dell'ottava arte hanno\u2026","rel":"","context":"In &quot;Articoli&quot;","img":{"alt_text":"","src":"https:\/\/i0.wp.com\/www.turismoslovacchia.it\/wp-content\/uploads\/mesiac-fotograf-19_1.jpg?resize=350%2C200&ssl=1","width":350,"height":200},"classes":[]},{"id":2839,"url":"https:\/\/www.turismoslovacchia.it\/?p=2839","url_meta":{"origin":1575,"position":5},"title":"Parte a Bratislava il Mese della Fotografia 2013","date":"7 Novembre 2013","format":false,"excerpt":"Partita in sordina nei giorni scorsi, la kermesse della fotografia novembrina conosciuta con il brand \u201cMonth of Photography\u201d, che rappresenta una rete di festival in capitali di tutta Europa (tra cui Berlino, Vienna e Parigi), entra nel vivo da oggi fino a sabato con decine di vernissage e incontri, per\u2026","rel":"","context":"In &quot;Eventi&quot;","img":{"alt_text":"","src":"https:\/\/i0.wp.com\/www.turismoslovacchia.it\/wp-content\/uploads\/festival-foto-2013.jpg?resize=350%2C200&ssl=1","width":350,"height":200},"classes":[]}],"jetpack_shortlink":"https:\/\/wp.me\/p1oiY9-pp","_links":{"self":[{"href":"https:\/\/www.turismoslovacchia.it\/index.php?rest_route=\/wp\/v2\/posts\/1575"}],"collection":[{"href":"https:\/\/www.turismoslovacchia.it\/index.php?rest_route=\/wp\/v2\/posts"}],"about":[{"href":"https:\/\/www.turismoslovacchia.it\/index.php?rest_route=\/wp\/v2\/types\/post"}],"author":[{"embeddable":true,"href":"https:\/\/www.turismoslovacchia.it\/index.php?rest_route=\/wp\/v2\/users\/2"}],"replies":[{"embeddable":true,"href":"https:\/\/www.turismoslovacchia.it\/index.php?rest_route=%2Fwp%2Fv2%2Fcomments&post=1575"}],"version-history":[{"count":0,"href":"https:\/\/www.turismoslovacchia.it\/index.php?rest_route=\/wp\/v2\/posts\/1575\/revisions"}],"wp:featuredmedia":[{"embeddable":true,"href":"https:\/\/www.turismoslovacchia.it\/index.php?rest_route=\/wp\/v2\/media\/1576"}],"wp:attachment":[{"href":"https:\/\/www.turismoslovacchia.it\/index.php?rest_route=%2Fwp%2Fv2%2Fmedia&parent=1575"}],"wp:term":[{"taxonomy":"category","embeddable":true,"href":"https:\/\/www.turismoslovacchia.it\/index.php?rest_route=%2Fwp%2Fv2%2Fcategories&post=1575"},{"taxonomy":"post_tag","embeddable":true,"href":"https:\/\/www.turismoslovacchia.it\/index.php?rest_route=%2Fwp%2Fv2%2Ftags&post=1575"}],"curies":[{"name":"wp","href":"https:\/\/api.w.org\/{rel}","templated":true}]}}