{"id":1516,"date":"2012-09-27T17:16:07","date_gmt":"2012-09-27T15:16:07","guid":{"rendered":"http:\/\/www.turismoslovacchia.it\/?p=1516"},"modified":"2015-05-19T10:37:30","modified_gmt":"2015-05-19T08:37:30","slug":"bratislava-music-festival-2012-si-inizia-con-la-superstar-del-violino-sarah-chang","status":"publish","type":"post","link":"https:\/\/www.turismoslovacchia.it\/?p=1516","title":{"rendered":"Bratislava Music Festival 2012, si inizia con la superstar del violino Sarah Chang"},"content":{"rendered":"<p style=\"text-align: justify;\"><img decoding=\"async\" loading=\"lazy\" class=\"alignnone size-full wp-image-1195\" title=\"Filharmonia (foto_stv-sk)\" src=\"http:\/\/www.turismoslovacchia.it\/wp-content\/uploads\/Filharmonia-foto_stv-sk.jpg\" alt=\"\" width=\"520\" height=\"320\" srcset=\"https:\/\/www.turismoslovacchia.it\/wp-content\/uploads\/Filharmonia-foto_stv-sk.jpg 520w, https:\/\/www.turismoslovacchia.it\/wp-content\/uploads\/Filharmonia-foto_stv-sk-300x185.jpg 300w, https:\/\/www.turismoslovacchia.it\/wp-content\/uploads\/Filharmonia-foto_stv-sk-400x246.jpg 400w, https:\/\/www.turismoslovacchia.it\/wp-content\/uploads\/Filharmonia-foto_stv-sk-100x62.jpg 100w, https:\/\/www.turismoslovacchia.it\/wp-content\/uploads\/Filharmonia-foto_stv-sk-200x123.jpg 200w, https:\/\/www.turismoslovacchia.it\/wp-content\/uploads\/Filharmonia-foto_stv-sk-150x92.jpg 150w\" sizes=\"(max-width: 520px) 100vw, 520px\" \/><\/p>\n<p style=\"text-align: justify;\">Si apre domani con il Concerto per violino e orchestra op.77 di Johannes Brahms, eseguito dalla Slovensk\u00e1 filharm\u00f3nia diretta da Emmanuel Villaume, l&#8217;edizione numero 48 del Bratislava Music Festival (BHF), il festival di musica classica pi\u00f9 longevo in Slovacchia, e uno dei pi\u00f9 rinomati nell\u2019Europa Centrale. A dominare la scena alla sala concerti di Reduta, sede storica dell&#8217;Orchestra Filarmonica Slovacca restaurato dopo tre anni di chiusura, sar\u00e0 la\u00a0solista Sarah Chang, violinista statunitense nata da genitori coreani, figlia d\u2019arte e precoce talento musicale internazionale.<\/p>\n<p style=\"text-align: justify;\">Oggi 32enne, la Chang \u00e8 stata allieva di alcuni tra i pi\u00f9 rinomati violinisti al mondo \u2013 basti citare Itzhak Perlman e Shlomo Mintz fra gli altri \u2013 e gi\u00e0 a 8 anni ha avuto la possibilit\u00e0 di avere audizioni da Muti e Metha. Il suo debutto discografico \u00e8 avvenuto a 10 anni, e da allora non si \u00e8 mai fermata, suonando con le orchestre pi\u00f9 importanti ed illustri al mondo (incluse la New York Philharmonic, i Berliner e i Wiener Philharmoniker, e \u00a0le maggiori orchestre di Londra) dirette tra gli altri da Daniel Barenboim, Colin Davis, James Levine, Lorin Maazel, Zubin Mehta, Riccardo Muti, Simon Rattle, Wolfgang Sawallisch. La Chang, che suona un Guarneri del Ges\u00f9 del 1717, \u00e8 stata inserita nel 2006 dalla rivista Newsweek tra le prime 20 donne al mondo, e nel 2008 ha ricevuto il prestigioso Young Global Leader dal World Economic Forum (WEF).<\/p>\n<p style=\"text-align: justify;\">A Brahms fa seguito Also sprach Zarathustra di Richard Strauss, eseguito\u00a0dalla Slovensk\u00e1 filharm\u00f3nia condotta dal suo direttore principale, Emmanuel Villaume.\u00a0Il noto attacco di fiati del \u00a0poema sinfonico si apre con quell&#8217;armonia resa immortale per aver fatto da sfondo a Odissea nello spazio 2001, che ha sfruttato il suo spirito di origine, di creazione, inteso da Strauss quale celebrazione di una nuova era, quella del superuomo nietzschiano della fine del XIX secolo.<\/p>\n<p style=\"text-align: justify;\"><div class=\"simplePullQuote right\"><p>Per maggiori informazioni su date, orari e biglietti, vedere sul sito della\u00a0<a href=\"http:\/\/www.filharm.sk\/index.php?page=news&amp;itemid=615\" target=\"_blank\">Filarmonica<\/a> oppure su questo sito in slovacco con i prezzi dei concerti.<\/p>\n<\/div><\/p>\n<p style=\"text-align: justify;\">Il festival di quest\u2019anno, che si protrarr\u00e0 fino al 14 ottobre, propone 26 concerti con artisti provenienti da 20 paesi &#8211; tra cui nove diverse orchestre e 12 conduttori dall&#8217;estero.\u00a0Tra le serate da mettere in calendario per gli amanti della musica di qualit\u00e0 vi \u00e8 quella del 7 ottobre con i Wiener Philharmoniker, che ritornano a Bratislava dopo 21 anni nonostante gli appena 60 chilometri che separano le due capitali, diretti dall\u2019italiano Daniele Gatti. C\u2019\u00e8 poi, per esempio, il concerto della Academy of St. Martin in the Fields di Londra il 12 ottobre, con il carismatico violinista americano Joshua Bell.<\/p>\n<p style=\"text-align: justify;\">\n<p style=\"text-align: justify;\">(PS)<\/p>\n","protected":false},"excerpt":{"rendered":"<p>Si apre domani con il Concerto per violino e orchestra op.77 di Johannes Brahms, eseguito dalla Slovensk\u00e1 filharm\u00f3nia diretta da Emmanuel Villaume, l&#8217;edizione numero 48 del Bratislava Music Festival (BHF), il festival di musica classica pi\u00f9 longevo in Slovacchia, e uno dei pi\u00f9 rinomati nell\u2019Europa Centrale. A dominare la scena alla sala concerti di Reduta, [&hellip;]<\/p>\n","protected":false},"author":2,"featured_media":1195,"comment_status":"open","ping_status":"open","sticky":false,"template":"","format":"standard","meta":[],"categories":[5,1],"tags":[9,92,38,250,248],"aioseo_notices":[],"jetpack_featured_media_url":"https:\/\/www.turismoslovacchia.it\/wp-content\/uploads\/Filharmonia-foto_stv-sk.jpg","jetpack_sharing_enabled":true,"jetpack-related-posts":[{"id":1190,"url":"https:\/\/www.turismoslovacchia.it\/?p=1190","url_meta":{"origin":1516,"position":0},"title":"Riapre dopo i restauri la Filarmonica di Bratislava con la Nona di Beethoven","date":"23 Gennaio 2012","format":false,"excerpt":"Dopo oltre due anni di chiusura per un profondo restauro, riapre questa settimana a Bratislava lo storico edificio di Reduta, sede dell\u2019Orchestra Filarmonica Slovacca (Slovenska Filharmonia). Nato come granaio in stile tardo barocco a fine Settecento, l\u2019edificio che si affaccia su una delle maggiori e pi\u00f9 centrali piazze della capitale\u2026","rel":"","context":"In &quot;Articoli&quot;","img":{"alt_text":"","src":"https:\/\/i0.wp.com\/www.turismoslovacchia.it\/wp-content\/uploads\/Filharmonia-foto_stv-sk.jpg?resize=350%2C200&ssl=1","width":350,"height":200},"classes":[]},{"id":579,"url":"https:\/\/www.turismoslovacchia.it\/?p=579","url_meta":{"origin":1516,"position":1},"title":"Armonie classiche nella capitale per il Bratislava Music Festival","date":"16 Novembre 2010","format":false,"excerpt":"Il 46\u00b0 Bratislava Music Festival (BHF) comincia il 19 novembre, e comprende una serie di concerti di musica classica di top performers provenienti da tutta Europa e anche oltre. Il BHF inizia Venerd\u00ec 19 novembre con un concerto al Teatro Nazionale Slovacco (l'edificio storico, in Stare Mesto). Guidata dal pluripremiato\u2026","rel":"","context":"In &quot;Eventi&quot;","img":{"alt_text":"","src":"https:\/\/i0.wp.com\/www.turismoslovacchia.it\/wp-content\/uploads\/Bratislava-Teatro-Nazionale-Slovacco-e1337710011473.jpg?resize=350%2C200&ssl=1","width":350,"height":200},"classes":[]},{"id":8779,"url":"https:\/\/www.turismoslovacchia.it\/?p=8779","url_meta":{"origin":1516,"position":2},"title":"Novembre 2018: gli eventi a Bratislava e dintorni","date":"28 Ottobre 2018","format":false,"excerpt":"Bratislava Music Festival \u2013 Bratislava 28 settembre \u2013 14 ottobre 2018 La 54esima edizione del pi\u00f9 antico e prestigioso festival musicale internazionale in Slovacchia,\u00a0Bratislavsk\u00e9 Hudobn\u00e9 Sl\u00e1vnosti (BHS) prende il via il 28 settembre con un concerto inaugurale della Filarmonica Slovacca diretta da James Judd che vedr\u00e0 eseguiti brani di\u00a0Alexander Moyzes\u2026","rel":"","context":"In &quot;Eventi&quot;","img":{"alt_text":"","src":"https:\/\/i0.wp.com\/www.turismoslovacchia.it\/wp-content\/uploads\/vino-FB_malokarpatskavinnacestaMVC.jpg?resize=350%2C200&ssl=1","width":350,"height":200},"classes":[]},{"id":8802,"url":"https:\/\/www.turismoslovacchia.it\/?p=8802","url_meta":{"origin":1516,"position":3},"title":"Febbraio 2019: gli eventi a Bratislava e dintorni","date":"7 Febbraio 2019","format":false,"excerpt":"Festival invernale della gastronomia \u2013 Bratislava e tutta la Slovacchia 14 gennaio \u2013 24 febbraio 2019 Dal 14 gennaio al 24 febbraio 2019 si potranno gustare piatti di alta cucina a prezzi ragionevoli in molti locali di Bratislava e dintorni, ma anche in altre regioni del paese. Una iniziativa arrivata\u2026","rel":"","context":"In &quot;Articoli&quot;","img":{"alt_text":"","src":"https:\/\/i0.wp.com\/www.turismoslovacchia.it\/wp-content\/uploads\/fasiang-modra_gpb-sk.jpg?resize=350%2C200&ssl=1","width":350,"height":200},"classes":[]},{"id":9297,"url":"https:\/\/www.turismoslovacchia.it\/?p=9297","url_meta":{"origin":1516,"position":4},"title":"Melos-Ethos, il maggior festival slovacco di musica contemporanea","date":"3 Novembre 2019","format":false,"excerpt":"Il Festival biennale Melos-Ethos, che dal 1991 propone la pi\u00f9 importante rassegna di produzione musicale contemporanea slovacca, e selezionati autori stranieri prendendo spunto dalla\u00a0ricca tradizione musicale di Bratislava. Durante l'epoca comunista la musica contemporanea proveniente dall'America e dall'Europa era denigrata e agli autori slovacchi era permesso di esprimersi solo parzialmente,\u2026","rel":"","context":"In &quot;Articoli&quot;","img":{"alt_text":"","src":"https:\/\/i0.wp.com\/www.turismoslovacchia.it\/wp-content\/uploads\/melos-ethos19.jpg?resize=350%2C200&ssl=1","width":350,"height":200},"classes":[]},{"id":1466,"url":"https:\/\/www.turismoslovacchia.it\/?p=1466","url_meta":{"origin":1516,"position":5},"title":"Cultura: le Giornate Europee del Patrimonio in Slovacchia dal 14 al 23 settembre","date":"13 Settembre 2012","format":false,"excerpt":"Le Giornate Europee del Patrimonio, evento pan-europeo organizzato da Consiglio d'Europa e Commissione Europea che si svolge tutti gli anni nel mese di settembre, si tiene anche quest\u2019anno in Slovacchia sotto l\u2019acronimo DEKD - Dni eur\u00f3pskeho kult\u00farneho dedi\u010dstva. L\u2019evento ha l\u2019obiettivo di richiamare l'attenzione del grande pubblico sul valore del\u2026","rel":"","context":"In &quot;Eventi&quot;","img":{"alt_text":"","src":"https:\/\/i0.wp.com\/www.turismoslovacchia.it\/wp-content\/uploads\/Reduta_SlovenskaFilharmonia.jpg?resize=350%2C200&ssl=1","width":350,"height":200},"classes":[]}],"jetpack_shortlink":"https:\/\/wp.me\/p1oiY9-os","_links":{"self":[{"href":"https:\/\/www.turismoslovacchia.it\/index.php?rest_route=\/wp\/v2\/posts\/1516"}],"collection":[{"href":"https:\/\/www.turismoslovacchia.it\/index.php?rest_route=\/wp\/v2\/posts"}],"about":[{"href":"https:\/\/www.turismoslovacchia.it\/index.php?rest_route=\/wp\/v2\/types\/post"}],"author":[{"embeddable":true,"href":"https:\/\/www.turismoslovacchia.it\/index.php?rest_route=\/wp\/v2\/users\/2"}],"replies":[{"embeddable":true,"href":"https:\/\/www.turismoslovacchia.it\/index.php?rest_route=%2Fwp%2Fv2%2Fcomments&post=1516"}],"version-history":[{"count":0,"href":"https:\/\/www.turismoslovacchia.it\/index.php?rest_route=\/wp\/v2\/posts\/1516\/revisions"}],"wp:featuredmedia":[{"embeddable":true,"href":"https:\/\/www.turismoslovacchia.it\/index.php?rest_route=\/wp\/v2\/media\/1195"}],"wp:attachment":[{"href":"https:\/\/www.turismoslovacchia.it\/index.php?rest_route=%2Fwp%2Fv2%2Fmedia&parent=1516"}],"wp:term":[{"taxonomy":"category","embeddable":true,"href":"https:\/\/www.turismoslovacchia.it\/index.php?rest_route=%2Fwp%2Fv2%2Fcategories&post=1516"},{"taxonomy":"post_tag","embeddable":true,"href":"https:\/\/www.turismoslovacchia.it\/index.php?rest_route=%2Fwp%2Fv2%2Ftags&post=1516"}],"curies":[{"name":"wp","href":"https:\/\/api.w.org\/{rel}","templated":true}]}}