{"id":1473,"date":"2012-09-19T18:32:44","date_gmt":"2012-09-19T16:32:44","guid":{"rendered":"http:\/\/www.turismoslovacchia.it\/?p=1473"},"modified":"2015-05-15T17:12:38","modified_gmt":"2015-05-15T15:12:38","slug":"gmb-bratislava-mostra-di-robert-bielik","status":"publish","type":"post","link":"https:\/\/www.turismoslovacchia.it\/?p=1473","title":{"rendered":"GMB Bratislava: mostra di Robert Bielik"},"content":{"rendered":"<p style=\"text-align: justify;\"><img decoding=\"async\" loading=\"lazy\" class=\"alignnone size-full wp-image-1474\" title=\"Robert-Bielik (foto_GMB)\" src=\"http:\/\/www.turismoslovacchia.it\/wp-content\/uploads\/Robert-Bielik-foto_GMB.jpg\" alt=\"\" width=\"520\" height=\"320\" srcset=\"https:\/\/www.turismoslovacchia.it\/wp-content\/uploads\/Robert-Bielik-foto_GMB.jpg 520w, https:\/\/www.turismoslovacchia.it\/wp-content\/uploads\/Robert-Bielik-foto_GMB-300x185.jpg 300w, https:\/\/www.turismoslovacchia.it\/wp-content\/uploads\/Robert-Bielik-foto_GMB-400x246.jpg 400w, https:\/\/www.turismoslovacchia.it\/wp-content\/uploads\/Robert-Bielik-foto_GMB-100x62.jpg 100w, https:\/\/www.turismoslovacchia.it\/wp-content\/uploads\/Robert-Bielik-foto_GMB-200x123.jpg 200w, https:\/\/www.turismoslovacchia.it\/wp-content\/uploads\/Robert-Bielik-foto_GMB-150x92.jpg 150w\" sizes=\"(max-width: 520px) 100vw, 520px\" \/><\/p>\n<p style=\"text-align: justify;\">Apre gioved\u00ec presso la Galleria Civica a Bratislava una mostra del pittore slovacco Robert Bielik, curata dal ditettore della galleria, Ivan Jan\u010d\u00e1r. Il controverso artista Robert Bielik ha, nella generazione artistica contemporanea slovacca, un posto solitario. Dopo un difficile inizio artistico, e un&#8217;esistenza frustrata per mancanza di interesse per il suo lavoro, lo hanno aiutato molto il karma yoga e le religioni orientali, che ha avuto modo di frequentare nei suoi viaggi in India e soggiornando nei monasteri locali. Alla ricerca di se stesso nel ridurre i bisogni fisici per un rinnovamento spirituale, Bielik armonizza le sue composizioni con luce, ombra e penombra utilizzando i principi dei dipinti rinascimentali e barocchi. La chiave della creazione di Robert Bielik non si trova in una linea di sviluppo, ma piuttosto nei diversi temi e soggetti della sua figurazione, tra i quali appaiono angeli, tigri, ritratti di persone famose, autoritratti, se stesso da morto. Sono immagini con le quali l\u2019autore raggiunge una condizione di riposo mentale.<\/p>\n<p style=\"text-align: justify;\">\n<div id=\"_mcePaste\">Galeria Mesta Bratislava (GMB), P\u00e1lffyho pal\u00e1c, Pansk\u00e1 19, Bratislava<\/div>\n<div id=\"_mcePaste\">Inaugurazione mostra 20\/09\/2012 ore 17:00.<\/div>\n<div id=\"_mcePaste\">Orari: fino al 21\/10\/2012, da marted\u00ec a domenica, 11:00-18:00<\/div>\n<p><span style=\"text-align: justify;\"> (Fonte <a href=\"http:\/\/www.buongiornoslovacchia.sk\" target=\"_blank\">buongiornoslovacchia.sk<\/a>)<\/span><\/p>\n<p style=\"text-align: justify;\">\n","protected":false},"excerpt":{"rendered":"<p>Apre gioved\u00ec presso la Galleria Civica a Bratislava una mostra del pittore slovacco Robert Bielik, curata dal ditettore della galleria, Ivan Jan\u010d\u00e1r. Il controverso artista Robert Bielik ha, nella generazione artistica contemporanea slovacca, un posto solitario. Dopo un difficile inizio artistico, e un&#8217;esistenza frustrata per mancanza di interesse per il suo lavoro, lo hanno aiutato [&hellip;]<\/p>\n","protected":false},"author":2,"featured_media":1474,"comment_status":"open","ping_status":"open","sticky":false,"template":"","format":"standard","meta":[],"categories":[5,1],"tags":[190,9,29,188,44],"aioseo_notices":[],"jetpack_featured_media_url":"https:\/\/www.turismoslovacchia.it\/wp-content\/uploads\/Robert-Bielik-foto_GMB.jpg","jetpack_sharing_enabled":true,"jetpack-related-posts":[{"id":1575,"url":"https:\/\/www.turismoslovacchia.it\/?p=1575","url_meta":{"origin":1473,"position":0},"title":"Mese della Fotografia: aperta la rassegna fotografica clou dell\u2019anno a Bratislava","date":"31 Ottobre 2012","format":false,"excerpt":"La ventiduesima edizione del Mese della Fotografia (Mesiac fotografie) ha preso avvio con la bella mostra di Robert Capa alla Galleria Nazionale Slovacca (SNG) ed \u00e8 proseguita con l'apertura della mostra National Geographic, mentre oggi apre presso la Galleria Civica di Bratislava (GMB) la rassegna di Lewis Hine. Un altro\u2026","rel":"","context":"In &quot;Articoli&quot;","img":{"alt_text":"","src":"https:\/\/i0.wp.com\/www.turismoslovacchia.it\/wp-content\/uploads\/mese-fotografia-2012.jpg?resize=350%2C200&ssl=1","width":350,"height":200},"classes":[]},{"id":6046,"url":"https:\/\/www.turismoslovacchia.it\/?p=6046","url_meta":{"origin":1473,"position":1},"title":"Novembre, a Bratislava \u00e8 il Mese della Fotografia","date":"5 Novembre 2015","format":false,"excerpt":"Si stanno tenendo in questi giorni le numerose inaugurazioni del festival di fotografia Mesiac Fotografie 2015, che come tutti gli anni invade nel mese di novembre la capitale slovacca con mostre, workshops, conferenze ed eventi collaterali. La venticinquesima edizione della manifestazione, porta nuovi nomi, e nuove location grazie a una\u2026","rel":"","context":"In &quot;Articoli&quot;","img":{"alt_text":"","src":"https:\/\/i0.wp.com\/www.turismoslovacchia.it\/wp-content\/uploads\/mesefotog15.jpg?resize=350%2C200&ssl=1","width":350,"height":200},"classes":[]},{"id":2824,"url":"https:\/\/www.turismoslovacchia.it\/?p=2824","url_meta":{"origin":1473,"position":2},"title":"Ave Maria \u2013 l\u2019iconografia mariana nelle collezioni GMB","date":"10 Ottobre 2013","format":false,"excerpt":"La grande mostra \u201cAve Maria \u2013 Iconografia mariana\u201d allestita presso la Galleria Civica di Bratislava (GMB-Galeria Mesta Bratislavy) espone oltre quattrocento opere su questo tema tra quelle presenti nelle collezioni di arte antica della galleria, suddivise per autore, provenienza e tipologia di opere tra dipinti, statuaria e diversi oggetti. Molti\u2026","rel":"","context":"In &quot;Articoli&quot;","img":{"alt_text":"","src":"https:\/\/i0.wp.com\/www.turismoslovacchia.it\/wp-content\/uploads\/maria-mostra-gmb.jpg?resize=350%2C200&ssl=1","width":350,"height":200},"classes":[]},{"id":7937,"url":"https:\/\/www.turismoslovacchia.it\/?p=7937","url_meta":{"origin":1473,"position":3},"title":"37 musei slovacchi che sono gratuiti ogni prima domenica del mese","date":"29 Marzo 2017","format":false,"excerpt":"Diversi musei statali offrono ai visitatori l\u2019ingresso gratuito ogni prima domenica del mese, una iniziativa presa anni fa dal ministero dell Cultura che prosegue tutt\u2019ora. Sono gratuiti numerosi musei specializzati della rete del Museo Nazionale Slovacco (SNM), le cinque sedi della Galleria Nazionale Slovacca (SNG), quattro esposizioni del Museo dell\u2019Insurrezione\u2026","rel":"","context":"In &quot;Articoli&quot;","img":{"alt_text":"","src":"https:\/\/i0.wp.com\/www.turismoslovacchia.it\/wp-content\/uploads\/musei2.jpg?resize=350%2C200&ssl=1","width":350,"height":200},"classes":[]},{"id":8421,"url":"https:\/\/www.turismoslovacchia.it\/?p=8421","url_meta":{"origin":1473,"position":4},"title":"Febbraio 2018: gli eventi a Bratislava e dintorni","date":"28 Gennaio 2018","format":false,"excerpt":"Tra\u00a0gli eventi pi\u00f9 rilevanti del febbraio 2010 nella citt\u00e0 e regione di Bratislava\u00a0vanno ricordati la stagione dei balli che come tutti gli anni riporta in Slovacchia un po' dell'atmosfera delle serate danzanti d'epoca asburgica, l'opportunit\u00e0 di assaggiare piatti di stagione dei migliori chef slovacchi a costi accessibili, o di\u00a0godere della\u2026","rel":"","context":"In &quot;Articoli&quot;","img":{"alt_text":"","src":"https:\/\/i0.wp.com\/www.turismoslovacchia.it\/wp-content\/uploads\/music-concer_pix.jpg?resize=350%2C200&ssl=1","width":350,"height":200},"classes":[]},{"id":4269,"url":"https:\/\/www.turismoslovacchia.it\/?p=4269","url_meta":{"origin":1473,"position":5},"title":"A Bratislava \u00e8 novembre il Mese della Fotografia","date":"7 Novembre 2014","format":false,"excerpt":"Ha avuto inizio da poco pi\u00f9 di una settimana, e si svolger\u00e0 fino al 30 novembre a Bratislava, la 24esima edizione del Festival internazionaleMesiac fotografie\u00a0(Mese della fotografia). Divenuto nel corso del tempo uno dei pi\u00f9 importanti eventi culturali d\u2019autunno dell\u2019intera regione, il festival vede nel corso del mese decine di\u2026","rel":"","context":"In &quot;Articoli&quot;","img":{"alt_text":"","src":"https:\/\/i0.wp.com\/www.turismoslovacchia.it\/wp-content\/uploads\/mesefotogr-koppitz-2014.jpg?resize=350%2C200&ssl=1","width":350,"height":200},"classes":[]}],"jetpack_shortlink":"https:\/\/wp.me\/p1oiY9-nL","_links":{"self":[{"href":"https:\/\/www.turismoslovacchia.it\/index.php?rest_route=\/wp\/v2\/posts\/1473"}],"collection":[{"href":"https:\/\/www.turismoslovacchia.it\/index.php?rest_route=\/wp\/v2\/posts"}],"about":[{"href":"https:\/\/www.turismoslovacchia.it\/index.php?rest_route=\/wp\/v2\/types\/post"}],"author":[{"embeddable":true,"href":"https:\/\/www.turismoslovacchia.it\/index.php?rest_route=\/wp\/v2\/users\/2"}],"replies":[{"embeddable":true,"href":"https:\/\/www.turismoslovacchia.it\/index.php?rest_route=%2Fwp%2Fv2%2Fcomments&post=1473"}],"version-history":[{"count":0,"href":"https:\/\/www.turismoslovacchia.it\/index.php?rest_route=\/wp\/v2\/posts\/1473\/revisions"}],"wp:featuredmedia":[{"embeddable":true,"href":"https:\/\/www.turismoslovacchia.it\/index.php?rest_route=\/wp\/v2\/media\/1474"}],"wp:attachment":[{"href":"https:\/\/www.turismoslovacchia.it\/index.php?rest_route=%2Fwp%2Fv2%2Fmedia&parent=1473"}],"wp:term":[{"taxonomy":"category","embeddable":true,"href":"https:\/\/www.turismoslovacchia.it\/index.php?rest_route=%2Fwp%2Fv2%2Fcategories&post=1473"},{"taxonomy":"post_tag","embeddable":true,"href":"https:\/\/www.turismoslovacchia.it\/index.php?rest_route=%2Fwp%2Fv2%2Ftags&post=1473"}],"curies":[{"name":"wp","href":"https:\/\/api.w.org\/{rel}","templated":true}]}}