{"id":1466,"date":"2012-09-13T20:25:35","date_gmt":"2012-09-13T18:25:35","guid":{"rendered":"http:\/\/www.turismoslovacchia.it\/?p=1466"},"modified":"2015-05-15T17:12:42","modified_gmt":"2015-05-15T15:12:42","slug":"cultura-le-giornate-europee-del-patrimonio-in-slovacchia-dal-14-al-23-settembre","status":"publish","type":"post","link":"https:\/\/www.turismoslovacchia.it\/?p=1466","title":{"rendered":"Cultura: le Giornate Europee del Patrimonio in Slovacchia dal 14 al 23 settembre"},"content":{"rendered":"<p style=\"text-align: justify;\"><img decoding=\"async\" loading=\"lazy\" class=\"alignnone size-full wp-image-1192\" title=\"Reduta_SlovenskaFilharmonia\" src=\"http:\/\/www.turismoslovacchia.it\/wp-content\/uploads\/Reduta_SlovenskaFilharmonia.jpg\" alt=\"\" width=\"520\" height=\"320\" srcset=\"https:\/\/www.turismoslovacchia.it\/wp-content\/uploads\/Reduta_SlovenskaFilharmonia.jpg 520w, https:\/\/www.turismoslovacchia.it\/wp-content\/uploads\/Reduta_SlovenskaFilharmonia-300x185.jpg 300w, https:\/\/www.turismoslovacchia.it\/wp-content\/uploads\/Reduta_SlovenskaFilharmonia-400x246.jpg 400w, https:\/\/www.turismoslovacchia.it\/wp-content\/uploads\/Reduta_SlovenskaFilharmonia-100x62.jpg 100w, https:\/\/www.turismoslovacchia.it\/wp-content\/uploads\/Reduta_SlovenskaFilharmonia-200x123.jpg 200w, https:\/\/www.turismoslovacchia.it\/wp-content\/uploads\/Reduta_SlovenskaFilharmonia-150x92.jpg 150w\" sizes=\"(max-width: 520px) 100vw, 520px\" \/><\/p>\n<p style=\"text-align: justify;\">Le Giornate Europee del Patrimonio, evento pan-europeo organizzato da Consiglio d&#8217;Europa e Commissione Europea che si svolge tutti gli anni nel mese di settembre, si tiene anche quest\u2019anno in Slovacchia sotto l\u2019acronimo DEKD &#8211; Dni eur\u00f3pskeho kult\u00farneho dedi\u010dstva. L\u2019evento ha l\u2019obiettivo di richiamare l&#8217;attenzione del grande pubblico sul valore del patrimonio culturale cos\u00ec ricco e vario nei 49 paesi partecipanti.<\/p>\n<p style=\"text-align: justify;\">Durante l\u2018edizione 2012, che si tiene in Slovacchia tra il 14 e il 23 settembre, aprono al pubblico anche numerosi edifici storici, monumenti e siti, che di solito sono chiusi al pubblico, mentre in altri luoghi pi\u00f9 frequentati come musei e gallerie si organizzano per l\u2019occasione degli eventi speciali.<\/p>\n<p style=\"text-align: justify;\">L\u2019apertura ufficiale delle Giornate Europee del Patrimonio avverr\u00e0 venerd\u00ec 14 settembre presso Reduta (la sede della Filarmonica Slovacca in Namestie E.Suchona 1 alle 14:00), a\u00a0Bratislava, che \u00e8 la citt\u00e0 ai cui monumenti\u00a0\u00e8 dedicata questa edizione con ben 15 diversi edifici partecipanti (scaricare a\u00a0<a href=\"http:\/\/www.zhmao.sk\/stranka_data\/subory\/letak-dekd-2012.pdf\" target=\"_blank\">questo indirizzo<\/a> il volantino di Bratislava). Una delle visite che consigliamo di fare \u00e8 quella al Gymnazium su Grosslingova al numero 18, aperto per visite guidate sabato 15 alle 10:00 e alle 10:30. L\u2019edificio fu costruito negli anni 1906-1908 quale Ginnasio Reale Cattolico ed \u00e8 uno dei principali edifici in stile secessione\/art nouveau della Slovacchia. \u00c8 stato rinnovato con un lungo restauro conclusosi nel 2009.<\/p>\n<p style=\"text-align: justify;\">Le strutture civili e religiose che fanno parte in tutto il paese del fitto calendario di aperture sono in totale 78, suddivise nelle varie regioni. Consigliamo di andare alla pagina\u00a0<a href=\"http:\/\/www.zhmao.sk\/dekd\/katalog-podujati.html\" target=\"_blank\">www.zhmao.sk\/dekd\/katalog-podujati.html<\/a> per selezionare la citt\u00e0 di vostro interesse e selezionare i\u00a0monumenti che vi interessa visitare, alcuni dei quali aperti in via del tutto eccezionale.<\/p>\n<p style=\"text-align: justify;\">(Fonte <a href=\"http:\/\/www.buongiornoslovacchia.sk\" target=\"_blank\">buongiornoslovacchia.sk<\/a>)<\/p>\n","protected":false},"excerpt":{"rendered":"<p>Le Giornate Europee del Patrimonio, evento pan-europeo organizzato da Consiglio d&#8217;Europa e Commissione Europea che si svolge tutti gli anni nel mese di settembre, si tiene anche quest\u2019anno in Slovacchia sotto l\u2019acronimo DEKD &#8211; Dni eur\u00f3pskeho kult\u00farneho dedi\u010dstva. L\u2019evento ha l\u2019obiettivo di richiamare l&#8217;attenzione del grande pubblico sul valore del patrimonio culturale cos\u00ec ricco e [&hellip;]<\/p>\n","protected":false},"author":2,"featured_media":1192,"comment_status":"open","ping_status":"open","sticky":false,"template":"","format":"standard","meta":[],"categories":[5,1],"tags":[190,9,30,174,276,248],"aioseo_notices":[],"jetpack_featured_media_url":"https:\/\/www.turismoslovacchia.it\/wp-content\/uploads\/Reduta_SlovenskaFilharmonia.jpg","jetpack_sharing_enabled":true,"jetpack-related-posts":[{"id":4739,"url":"https:\/\/www.turismoslovacchia.it\/?p=4739","url_meta":{"origin":1466,"position":0},"title":"Notte dei Musei questo sabato in 61 localit\u00e0 della Slovacchia","date":"14 Maggio 2015","format":false,"excerpt":"Sabato 16 maggio in Slovacchia sar\u00e0 la \u201cNotte dei Musei e delle Gallerie\u201d (Noc m\u00faze\u00ed a gal\u00e9ri\u00ed), una Notte Bianca del patrimonio culturale slovacco a livello nazionale. Numerose saranno le iniziative e gli eventi in ben 61 localit\u00e0 di tutto il Paese. Citt\u00e0 grandi e meno grandi, ma anche paesi\u2026","rel":"","context":"In &quot;Eventi&quot;","img":{"alt_text":"","src":"https:\/\/i0.wp.com\/www.turismoslovacchia.it\/wp-content\/uploads\/Museo-Cerveny-Kamen_eadaoinflynn-CC.jpg?resize=350%2C200&ssl=1","width":350,"height":200},"classes":[]},{"id":736,"url":"https:\/\/www.turismoslovacchia.it\/?p=736","url_meta":{"origin":1466,"position":1},"title":"Levoca riceve il certificato dell\u2019iscrizione nel Patrimonio Unesco","date":"15 Novembre 2010","format":false,"excerpt":"Venerd\u00ec 12 Novembre il Ministro della Cultura Daniel Krajcer (SaS) ha consegnato alla citt\u00e1 di Levoca il certificato che conferma l'iscrizione della Citt\u00e1 nella Lista del Patrimonio universale dell\u2019Unesco. Krajcer ha detto che se ci fossero i sette miracoli della Slovacchia, Levoca ne farebbe sicuramente parte quale perla dell\u2019architettura medievale,\u2026","rel":"","context":"In &quot;Articoli&quot;","img":{"alt_text":"","src":"https:\/\/i0.wp.com\/www.turismoslovacchia.it\/wp-content\/uploads\/Levoca_Municipio.jpg?resize=350%2C200&ssl=1","width":350,"height":200},"classes":[]},{"id":758,"url":"https:\/\/www.turismoslovacchia.it\/?p=758","url_meta":{"origin":1466,"position":2},"title":"Grazie alla mostra \u201eL&#8217;Oro e il Fuoco\u201c di Parigi ci si \u00e8 fatta un&#8217;idea diversa dell&#8217;arte slovacca","date":"20 Gennaio 2011","format":false,"excerpt":"La mostra d\u2018arte gotica slovacca a Parigi \u201eL\u2019Oro e il Fuoco\u201c, della quale abbiamo gia' avuto modo di parlare in due precedenti occasioni, \u00e8 stata visitata da ben 105.000 visitatori, secondo le dichiarazioni dei rappresentanti del Museo di Cluny che l\u2019ha ospitata, e la partecipazione \u00e8 stata considerata, anche per\u2026","rel":"","context":"In &quot;Articoli&quot;","img":{"alt_text":"","src":"https:\/\/i0.wp.com\/www.turismoslovacchia.it\/wp-content\/uploads\/arte-gotica-slovacca.jpg?resize=350%2C200&ssl=1","width":350,"height":200},"classes":[]},{"id":6081,"url":"https:\/\/www.turismoslovacchia.it\/?p=6081","url_meta":{"origin":1466,"position":3},"title":"La zampogna slovacca \u00e8 ora sotto la protezione dell&#8217;Unesco","date":"8 Dicembre 2015","format":false,"excerpt":"\u00c8 stata inserita nella lista del Patrimonio mondiale immateriale dell\u2019Unesco la zampogna slovacca. O meglio: la \u201ccultura della zampogna\u201d (Bagpipe culture - gajdo\u0161sk\u00e1 kult\u00fara), volendo includere tutto quello che ci gira intorno \u2013 la creazione degli strumenti, il repertorio di musiche specifiche per tale strumento, le modalit\u00e0 per suonarlo e\u2026","rel":"","context":"In &quot;Articoli&quot;","img":{"alt_text":"","src":"https:\/\/i0.wp.com\/www.turismoslovacchia.it\/wp-content\/uploads\/gajdy-patrimonio_Unesco_unesco.org_.jpg?resize=350%2C200&ssl=1","width":350,"height":200},"classes":[]},{"id":1913,"url":"https:\/\/www.turismoslovacchia.it\/?p=1913","url_meta":{"origin":1466,"position":4},"title":"Museo dell\u2019Anno in Slovacchia: la Civica di Bratislava fa il tris","date":"24 Maggio 2013","format":false,"excerpt":"Il titolo Museo dell\u2019Anno 2012 \u00e8 stato consegnato l'altro ieri in una cerimonia che si \u00e8 tenuta presso il Ministero della Cultura a margine delle celebrazioni per la Giornata Internazionale dei Musei (svoltasi venerd\u00ec 18 maggio). Alla cerimonia il Ministro Marek Madaric ha sottolineato l\u2019importanza della conservazione, restauro e valorizzazione\u2026","rel":"","context":"In &quot;Articoli&quot;","img":{"alt_text":"","src":"https:\/\/i0.wp.com\/www.turismoslovacchia.it\/wp-content\/uploads\/picasso-alla-GMB-Bratislava.jpg?resize=350%2C200&ssl=1","width":350,"height":200},"classes":[]},{"id":9210,"url":"https:\/\/www.turismoslovacchia.it\/?p=9210","url_meta":{"origin":1466,"position":5},"title":"Settembre 2019: gli eventi a Bratislava e dintorni","date":"31 Agosto 2019","format":false,"excerpt":"Pezinsk\u00e9 viechy\u00a0\/ Cantine di Pezinok \u2013 Pezinok maggio-ottobre 2019 Dall\u2019inizio di maggio fino al prossimo ottobre, questo evento d\u00e0 l\u2019opportunit\u00e0 unica per degustare i vini dei produttori di Pezinok, e anche chiedere loro curiosit\u00e0 e segreti della propria produzione. Quanto meno, gustare un buon bicchiere di vino in compagnia. Iscrizione\u2026","rel":"","context":"In &quot;Eventi&quot;","img":{"alt_text":"","src":"https:\/\/i0.wp.com\/www.turismoslovacchia.it\/wp-content\/uploads\/eventi_00.jpg?resize=350%2C200&ssl=1","width":350,"height":200},"classes":[]}],"jetpack_shortlink":"https:\/\/wp.me\/p1oiY9-nE","_links":{"self":[{"href":"https:\/\/www.turismoslovacchia.it\/index.php?rest_route=\/wp\/v2\/posts\/1466"}],"collection":[{"href":"https:\/\/www.turismoslovacchia.it\/index.php?rest_route=\/wp\/v2\/posts"}],"about":[{"href":"https:\/\/www.turismoslovacchia.it\/index.php?rest_route=\/wp\/v2\/types\/post"}],"author":[{"embeddable":true,"href":"https:\/\/www.turismoslovacchia.it\/index.php?rest_route=\/wp\/v2\/users\/2"}],"replies":[{"embeddable":true,"href":"https:\/\/www.turismoslovacchia.it\/index.php?rest_route=%2Fwp%2Fv2%2Fcomments&post=1466"}],"version-history":[{"count":0,"href":"https:\/\/www.turismoslovacchia.it\/index.php?rest_route=\/wp\/v2\/posts\/1466\/revisions"}],"wp:featuredmedia":[{"embeddable":true,"href":"https:\/\/www.turismoslovacchia.it\/index.php?rest_route=\/wp\/v2\/media\/1192"}],"wp:attachment":[{"href":"https:\/\/www.turismoslovacchia.it\/index.php?rest_route=%2Fwp%2Fv2%2Fmedia&parent=1466"}],"wp:term":[{"taxonomy":"category","embeddable":true,"href":"https:\/\/www.turismoslovacchia.it\/index.php?rest_route=%2Fwp%2Fv2%2Fcategories&post=1466"},{"taxonomy":"post_tag","embeddable":true,"href":"https:\/\/www.turismoslovacchia.it\/index.php?rest_route=%2Fwp%2Fv2%2Ftags&post=1466"}],"curies":[{"name":"wp","href":"https:\/\/api.w.org\/{rel}","templated":true}]}}