{"id":1440,"date":"2012-09-01T12:27:57","date_gmt":"2012-09-01T10:27:57","guid":{"rendered":"http:\/\/www.turismoslovacchia.it\/?p=1440"},"modified":"2016-09-15T19:54:52","modified_gmt":"2016-09-15T17:54:52","slug":"eventi-in-slovacchia-settembre-2012","status":"publish","type":"post","link":"https:\/\/www.turismoslovacchia.it\/?p=1440","title":{"rendered":"Eventi in Slovacchia \u2013 SETTEMBRE 2012"},"content":{"rendered":"<p style=\"text-align: justify;\"><span style=\"color: #333333;\"><strong><em><span style=\"text-decoration: underline;\">Calendario eventi SETTEMBRE 2012<\/span><\/em><\/strong><\/span><\/p>\n<p style=\"text-align: justify;\"><span style=\"color: #ff0000;\"><em>Fino al 9.09.2012<br \/>\n<\/em><strong><em>Bratislava &#8211; Estate culturale<\/em><\/strong><\/span><\/p>\n<p style=\"text-align: justify;\"><img decoding=\"async\" loading=\"lazy\" class=\"size-full wp-image-1031 alignright\" title=\"Vecchio Municipio, Bratislava, corte\" src=\"http:\/\/www.turismoslovacchia.it\/wp-content\/uploads\/Vecchio-Municipio-Bratislava-corte.jpg\" alt=\"\" width=\"200\" height=\"122\" srcset=\"https:\/\/www.turismoslovacchia.it\/wp-content\/uploads\/Vecchio-Municipio-Bratislava-corte.jpg 520w, https:\/\/www.turismoslovacchia.it\/wp-content\/uploads\/Vecchio-Municipio-Bratislava-corte-300x185.jpg 300w, https:\/\/www.turismoslovacchia.it\/wp-content\/uploads\/Vecchio-Municipio-Bratislava-corte-400x246.jpg 400w, https:\/\/www.turismoslovacchia.it\/wp-content\/uploads\/Vecchio-Municipio-Bratislava-corte-100x62.jpg 100w, https:\/\/www.turismoslovacchia.it\/wp-content\/uploads\/Vecchio-Municipio-Bratislava-corte-200x123.jpg 200w, https:\/\/www.turismoslovacchia.it\/wp-content\/uploads\/Vecchio-Municipio-Bratislava-corte-150x92.jpg 150w\" sizes=\"(max-width: 200px) 100vw, 200px\" \/>In estate, Bratislava vive di cultura. Nelle strade del centro storico i visitatori possono trovare teatro di strada, concerti folk, jazz, pop e lirici, artigianato tradizionale, cinema all&#8217;aperto e molto altro.<\/p>\n<p style=\"text-align: justify;\">Luogo: Bratislava, Stare Mesto<br \/>\nEmail: <a href=\"mailto:info@bkis.sk\">info@bkis.sk<\/a><br \/>\nWeb: <a href=\"http:\/\/www.bkis.sk\/\" target=\"_blank\">www.bkis.sk<\/a>v<br \/>\nTel.: +421 \/ (0) 2 \/ 5443 3715<\/p>\n<p style=\"text-align: justify;\"><span style=\"color: #ff0000;\"><em>2, 9, 14.09.2012<strong><br \/>\n<\/strong><\/em><strong><em>Festival d\u2019organo di Trnava<\/em><\/strong><\/span><\/p>\n<p style=\"text-align: justify;\">La citt\u00e0 di Trnava invita tutti gli amanti della musica classica ad un festival di musica d&#8217;organo con esecutori internazionali.<\/p>\n<p style=\"text-align: justify;\">Luogo: Trnava<br \/>\nEmail: <a href=\"mailto:tins@trnava.sk\">tins@trnava.sk<\/a><br \/>\nWeb: <a href=\"http:\/\/www.trnava.sk\/\" target=\"_blank\">www.trnava.sk<\/a>, www.bachsociety.sk<br \/>\nTel.: +421 \/ (0) 33 \/ 3236 440<\/p>\n<p style=\"text-align: justify;\"><span style=\"color: #ff0000;\"><em>6.09.2012<strong><br \/>\n<\/strong><\/em><strong><em>Business Golf Tour 2012<\/em><\/strong><\/span><\/p>\n<p style=\"text-align: justify;\"><img decoding=\"async\" loading=\"lazy\" class=\"size-full wp-image-859 alignright\" title=\"golf (foto GuiriRReyes_flickr)\" src=\"http:\/\/www.turismoslovacchia.it\/wp-content\/uploads\/golf-foto-GuiriRReyes_flickr.jpg\" alt=\"\" width=\"200\" height=\"123\" srcset=\"https:\/\/www.turismoslovacchia.it\/wp-content\/uploads\/golf-foto-GuiriRReyes_flickr.jpg 520w, https:\/\/www.turismoslovacchia.it\/wp-content\/uploads\/golf-foto-GuiriRReyes_flickr-300x185.jpg 300w, https:\/\/www.turismoslovacchia.it\/wp-content\/uploads\/golf-foto-GuiriRReyes_flickr-400x246.jpg 400w, https:\/\/www.turismoslovacchia.it\/wp-content\/uploads\/golf-foto-GuiriRReyes_flickr-100x62.jpg 100w, https:\/\/www.turismoslovacchia.it\/wp-content\/uploads\/golf-foto-GuiriRReyes_flickr-200x123.jpg 200w, https:\/\/www.turismoslovacchia.it\/wp-content\/uploads\/golf-foto-GuiriRReyes_flickr-150x92.jpg 150w\" sizes=\"(max-width: 200px) 100vw, 200px\" \/>Speciale Golf Tour per tutti i fan di questo sport tra i green pi\u00f9 belli e di qualit\u00e0 della Repubblica Slovacca in cinque turni di serie. Per gli ospiti non giocatori sono a disposizione competizioni non tradizionali e programmi culturali.<\/p>\n<p style=\"text-align: justify;\">Luogo: Ve\u013ek\u00e1 Lomnica &#8211; Black Stork<br \/>\nOrganiz: BM Promotion s.r.o., Pajorova 12, Ko\u0161icev<br \/>\nEmail: <a href=\"mailto:kakascik@gmail.com\">kakascik@gmail.com<\/a><br \/>\nWeb: www.bmpromotion.eu<\/p>\n<p style=\"text-align: justify;\"><span style=\"color: #ff0000;\"><em>7.09.2012<strong><br \/>\n<\/strong><\/em><strong><em>NOKIA Business Golf Championship 2012<\/em><\/strong><\/span><\/p>\n<p style=\"text-align: justify;\">Questo evento \u00e8 il culmine del Business Golf Tour su uno dei campi da golf pi\u00f9 belli della Slovacchia, sotto i picchi degli Alti Tatra in localit\u00e0 Ve\u013ek\u00e1 Lomnica. Oltre al golf, i partecipanti possono aspettarsi diversi concorsi sportivi e non, suggerimenti culturali e altro nell\u2019ambiente naturale affascinante degli Alti Tatra.<\/p>\n<p style=\"text-align: justify;\">Luogo: Ve\u013ek\u00e1 Lomnica &#8211; Black Stork<br \/>\nOrganiz: BM Promotion s.r.o., Pajorova 12, Ko\u0161ice<br \/>\nEmail: <a href=\"mailto:kakascik@gmail.com\">kakascik@gmail.com<\/a><br \/>\nWeb: www.bmpromotion.eu<\/p>\n<p style=\"text-align: justify;\"><span style=\"color: #ff0000;\"><em>7 &#8211; 8.09.2012<strong><br \/>\n<\/strong><\/em><strong><em>Salamandrov\u00e9 dni<\/em><\/strong><\/span><span style=\"color: #ff0000;\"><strong><em>, Bansk\u00e1 \u0160tiavnica<\/em><\/strong><\/span><\/p>\n<p><a href=\"http:\/\/www.turismoslovacchia.it\/?attachment_id=3174\" rel=\"attachment wp-att-3174\"><img decoding=\"async\" loading=\"lazy\" class=\"wp-image-3174 alignright\" src=\"http:\/\/www.turismoslovacchia.it\/wp-content\/uploads\/Banska-Stiavnica_banska-stiavnica_6792482066@flickr.jpg\" alt=\"Banska-Stiavnica_(banska-stiavnica_6792482066@flickr)\" width=\"203\" height=\"135\" srcset=\"https:\/\/www.turismoslovacchia.it\/wp-content\/uploads\/Banska-Stiavnica_banska-stiavnica_6792482066@flickr-180x120.jpg 180w, https:\/\/www.turismoslovacchia.it\/wp-content\/uploads\/Banska-Stiavnica_banska-stiavnica_6792482066@flickr-272x182.jpg 272w\" sizes=\"(max-width: 203px) 100vw, 203px\" \/><\/a>Le Giornate della Salamandra ricordano la gloria della citt\u00e0 mineraria pi\u00f9 bella della Slovacchia, uno dei siti elencati tra il Patrimonio mondiale dell&#8217;UNESCO. Il festival annuale comprende sfilate storiche delle corporazioni dei minatori, \u00a0geologi e metallurgici e la celebrazione della ricca storia di tradizioni della cittadina con il mercato tipico Salamandrov\u00fd jarmok. Musica di diversi generi, spettacoli per grandi e bambini, mostre e altro arricchiscono il programma.<\/p>\n<p style=\"text-align: justify;\">Luogo: Bansk\u00e1 \u0160tiavnica<br \/>\nEmail: <a href=\"mailto:kultura@banskastiavnica.sk\">kultura@banskastiavnica.sk<\/a><br \/>\nWeb: <a href=\"http:\/\/www.banskastiavnica.sk\/\" target=\"_blank\">www.banskastiavnica.sk<\/a><br \/>\nTel.: +421 \/ (0) 45 \/ 694 9651<br \/>\nQui il <a href=\"http:\/\/www.banskastiavnica.sk\/navstevnik\/kultura-a-dobra-zabava\/salamandrove-dni\/program.html\" target=\"_blank\">programma<\/a>.<\/p>\n<p style=\"text-align: justify;\"><span style=\"color: #ff0000;\"><em>5 &#8211; 9.09.2012<strong><br \/>\n<\/strong><\/em><strong><em>Festival teatrale centroeuropeo, <\/em><\/strong><\/span><span style=\"color: #ff0000;\"><strong><em>Ko\u0161ice<\/em><\/strong><\/span><\/p>\n<p style=\"text-align: justify;\">Rappresentazioni teatrali di diversi dei pi\u00f9 interessanti gruppi di teatro provenienti dai quattro paesi dell\u2019Europa centrale che seguono le ultime tendenze contemporanee. Il festival, che si tiene nella piazza della Torre Civica a Ko\u0161ice, include conferenze internazionali e workshop.<\/p>\n<p style=\"text-align: justify;\">Luogo: Ko\u0161ice<br \/>\nOrganiz: Civil association Ko\u0161ick\u00e9 divadlo (Ko\u0161ice theatre)<br \/>\nWeb: <a href=\"http:\/\/www.kosicefest.eu\/\" target=\"_blank\">www.kosicefest.eu<\/a><br \/>\nTel.: +421 \/ (0)55 \/ 245 2222<\/p>\n<p style=\"text-align: justify;\"><span style=\"color: #ff0000;\"><em>13 &#8211; 15.09.2012<strong><br \/>\n<\/strong><\/em><strong><em>Ko\u0161ice Wine Festival<\/em><\/strong><\/span><\/p>\n<p><img decoding=\"async\" loading=\"lazy\" class=\"size-full wp-image-143\" title=\"Vini bianchi slovacchi\" src=\"http:\/\/www.turismoslovacchia.it\/wp-content\/uploads\/2010\/10\/Vini-bianchi-slovacchi.jpg\" alt=\"\" width=\"202\" height=\"72\" srcset=\"https:\/\/www.turismoslovacchia.it\/wp-content\/uploads\/2010\/10\/Vini-bianchi-slovacchi.jpg 510w, https:\/\/www.turismoslovacchia.it\/wp-content\/uploads\/2010\/10\/Vini-bianchi-slovacchi-300x107.jpg 300w, https:\/\/www.turismoslovacchia.it\/wp-content\/uploads\/2010\/10\/Vini-bianchi-slovacchi-400x143.jpg 400w, https:\/\/www.turismoslovacchia.it\/wp-content\/uploads\/2010\/10\/Vini-bianchi-slovacchi-100x36.jpg 100w, https:\/\/www.turismoslovacchia.it\/wp-content\/uploads\/2010\/10\/Vini-bianchi-slovacchi-200x71.jpg 200w, https:\/\/www.turismoslovacchia.it\/wp-content\/uploads\/2010\/10\/Vini-bianchi-slovacchi-150x54.jpg 150w\" sizes=\"(max-width: 202px) 100vw, 202px\" \/><\/p>\n<p style=\"text-align: justify;\">Questa festa del vino continua la tradizione viticola in citt\u00e0 e in regione con produttori locali e internazionali che si confronteranno nei locali della Doln\u00e1 br\u00e1na e sulla strada vicino al carcere Miklu\u0161. Degustazioni e valutazioni dei vini presentati si accompagnato a musica tradizionale e moderna.<\/p>\n<p style=\"text-align: justify;\">Luogo: Porta di Doln\u00e1 Br\u00e1na, cortile di fronte alla Vinoteca Cabinet, Ko\u0161ice<br \/>\nOrganiz: Comune di Ko\u0161ice, Cabinet Vinoteque<br \/>\nWeb: <a href=\"http:\/\/www.kosice.sk\/\" target=\"_blank\">www.kosice.sk<\/a><br \/>\nTel.: +421 \/ (0) 55 \/ 625 8888<\/p>\n<p style=\"text-align: justify;\"><span style=\"color: #ff0000;\"><em>13 &#8211; 16.09.2012<strong><br \/>\n<\/strong><\/em><strong><em>Giornate della citt\u00e0 di Bansk\u00e1 Bystrica, Mercato Radvan e mercati artigianali popolari<\/em><\/strong><\/span><\/p>\n<p><a href=\"http:\/\/www.turismoslovacchia.it\/?attachment_id=1307\" rel=\"attachment wp-att-1307\"><img decoding=\"async\" loading=\"lazy\" class=\"wp-image-1307 alignright\" src=\"http:\/\/www.turismoslovacchia.it\/wp-content\/uploads\/mercato-ceramico-di-Pezinok-foto_bsk-sk.jpg\" alt=\"mercato ceramico di Pezinok (foto_bsk-sk)\" width=\"203\" height=\"133\" \/><\/a>Tradizionale Mercato Radvan, che la tradizione fa risalire al 17\u00b0 secolo, con mostra degli antichi mestieri, come la produzione ceramica, di oggetti in vimini e la forgiatura dei metalli. Si possono assaggiare i prodotti degli apicoltori o ammirare la bellezza delle uova di Pasqua decorate a mano sul posto. I balli di vari ensemble di danza popolare, sia giovanile che di adulti, e le offerte della tradizionale salsiccia o del famoso &#8220;Burcak&#8221;, il mosto di vino fermentato, sono un classico sinonimo del mercato.<\/p>\n<p style=\"text-align: justify;\">Luogo: N\u00e1mestie SNP e \u00a0varie strade e luoghi, Bansk\u00e1 Bystrica<br \/>\nEmail: <a href=\"mailto:pko@pkobb.sk\">pko@pkobb.sk<\/a><br \/>\nWeb: www.pkobb.sk<br \/>\nQui il Programma.<\/p>\n<p style=\"text-align: justify;\"><span style=\"color: #ff0000;\"><em>6 &#8211; 9.09.2012<strong><br \/>\n<\/strong><\/em><strong><em>Mercato tradizionale di Trnava &#8211; Tradi\u010dn\u00fd trnavsk\u00fd jarmok<\/em><\/strong><\/span><\/p>\n<p style=\"text-align: justify;\">Lo spirito della manifestazione \u00e8 quello di preservare le tradizioni e i valori del passato, ricordarndo la storia della fiera della pi\u00f9 antica Libera Citt\u00e0 Reale in Slovacchia.<\/p>\n<p style=\"text-align: justify;\">Luogo: Trnava<br \/>\nEmail\u00a0: <a href=\"mailto:infoservis@trnava.sk\">infoservis@trnava.sk<\/a><br \/>\nWeb: <a href=\"http:\/\/www.trnava.sk\/\" target=\"_blank\">www.trnava.sk<\/a><br \/>\nTel.: +421 \/ (0) 33 \/ 323 6110<br \/>\nQui il <a href=\"http:\/\/www.trnava.sk\/userfiles\/image\/TTJ_plagat_2012_web.jpg\" target=\"_blank\" data-rel=\"lightbox-gallery-1lmhxHy8\" data-rl_title=\"\" data-rl_caption=\"\" title=\"\">Programma<\/a>.<\/p>\n<p style=\"text-align: justify;\"><span style=\"color: #ff0000;\"><em>7 &#8211; 13.09.2012<strong><br \/>\n<\/strong><\/em><strong><em>Cinematik International Film Festival Pie\u0161\u0165any<\/em><\/strong><\/span><\/p>\n<p style=\"text-align: justify;\"><img decoding=\"async\" loading=\"lazy\" class=\"alignright\" title=\"Cinematik\" src=\"http:\/\/www.buongiornoslovacchia.sk\/wp-content\/uploads\/cinema-zetson@flickr.jpg\" alt=\"\" width=\"200\" height=\"128\" \/>Il festival Cinematik ha l&#8217;ambizione di colmare le lacune degli altri festival cinematografici in Slovacchia, e al tempo stesso concentrarsi sui giovani spettatori di cinema, con particolare attenzione sullo sviluppo della loro &#8220;alfabetizzazione da film&#8221;. Cinematik, alla sua settima edizione, ha l\u2019ambizione di divenire un festival \u201cpopolare\u201d ovvero di attirare un pubblico vasto, ma senza le celebrit\u00e0 e i tappeti rossi.<\/p>\n<p style=\"text-align: justify;\">Luogo: Pie\u0161\u0165any<br \/>\nOrganiz: associazione MFF Pie\u0161\u0165any, o.z.<br \/>\nEmail: <a href=\"mailto:info@cinematik.sk\">info@cinematik.sk<\/a>v<br \/>\nWeb: <a href=\"http:\/\/www.cinematik.sk\/\" target=\"_blank\">www.cinematik.sk<\/a><br \/>\nCell.: +421 \/ (0)948 \/ 445 565<\/p>\n<p style=\"text-align: justify;\"><span style=\"color: #ff0000;\"><em>15.09.2012<\/em><strong><em><br \/>\nATP Challenger Trophy 2012 Trnava<\/em><\/strong><\/span><\/p>\n<p style=\"text-align: justify;\"><img decoding=\"async\" loading=\"lazy\" class=\"alignright\" title=\"Trnava\" src=\"http:\/\/www.trnava.sk\/userfiles\/image\/imageGallery\/53\/image\/2103201123111.jpg\" alt=\"\" width=\"200\" height=\"140\" \/>Il Torneo ATP Challenger Trophy Trnava \u00e8 il pi\u00f9 grande evento di tennis sulla terra rossa in Slovacchia.<\/p>\n<p style=\"text-align: justify;\">Luogo: Trnava \u2013 Tennis Centrum Empire<br \/>\nOrganiz: BM Promotion, s.r.o., Pajorova 12, Ko\u0161ice<br \/>\nEmail: <a href=\"mailto:kakascik@gmail.com\">kakascik@gmail.com<\/a><br \/>\nWeb: www.bmpromotion.eu<\/p>\n<p style=\"text-align: justify;\"><span style=\"color: #ff0000;\"><em>17 &#8211; 23.09.2012<strong><br \/>\n<\/strong><\/em><strong><em>7\u00b0 Bielopotock\u00fd kame\u0148<\/em><\/strong><\/span><\/p>\n<p style=\"text-align: justify;\">Festival internazionale del taglio della pietra all&#8217;aperto. Ai partecipanti viene fornito un blocco di arenaria da scolpire sul posto, rievocando la tradizione locale che data al XIX secolo.<\/p>\n<p style=\"text-align: justify;\">Luogo: Oravsk\u00fd Biely Potok<br \/>\nEmail: <a href=\"mailto:osvetadk@osvetadk.sk\">osvetadk@osvetadk.sk<\/a><br \/>\nWeb: <a href=\"http:\/\/www.osvetadk.sk\/\" target=\"_blank\">www.osvetadk.sk<\/a><br \/>\nTel.: +421 \/ (0) 43 \/ 586 4978<\/p>\n<p style=\"text-align: justify;\"><span style=\"color: #ff0000;\"><em>20 &#8211; 23.09.2012<strong><br \/>\n<\/strong><\/em><strong><em>Giornate dei Cavalieri<\/em><\/strong><\/span><span style=\"color: #ff0000;\"><strong><em>, Bojnice<\/em><\/strong><\/span><\/p>\n<p style=\"text-align: justify;\"><img decoding=\"async\" loading=\"lazy\" class=\"size-full wp-image-230 alignright\" title=\"Castello di Bojnice, Slovacchia (flickr, Peter Stacey)\" src=\"http:\/\/www.turismoslovacchia.it\/wp-content\/uploads\/2010\/10\/Castello-di-Bojnice-Slovacchia-flickr-Peter-Stacey.jpg\" alt=\"\" width=\"132\" height=\"150\" \/>L&#8217;evento rievoca i cavalieri del passato, caratterizzati da buone qualit\u00e0 come onest\u00e0 e giustizia, orgoglio e coraggio. Il Castello di Bojnice \u00e8 tra i pi\u00f9 romantici e pi\u00f9 visitati monumenti culturali in Europa centrale. Al suo interno sono esposte molte collezioni, in particolare provenienti dalle propriet\u00e0 dell&#8217;ultimo proprietario, il conte J\u00e1n Franti\u0161ek P\u00e1lfi.<\/p>\n<p style=\"text-align: justify;\">Luogo: Castello di Bojnice<br \/>\nOrganiz.: SNM &#8211; M\u00fazeum Bojnice<br \/>\nEmail: <a href=\"mailto:marketing@bojnicecastle.sk\">marketing@bojnicecastle.sk<\/a><br \/>\nWeb: <a href=\"http:\/\/www.bojnicecastle.sk\/\" target=\"_blank\">www.bojnicecastle.sk<\/a><br \/>\nTel.: +421 \/ 46 \/ 543 0633, +421 \/ 46 \/ 5430 624<\/p>\n<p style=\"text-align: justify;\"><span style=\"color: #ff0000;\"><em>21 &#8211; 23.09.2012<strong><br \/>\n<\/strong><\/em><strong><em>Vinobranie &#8211; Festa della Vendemmia, Pezinok<\/em><\/strong><\/span><\/p>\n<p><a href=\"http:\/\/www.turismoslovacchia.it\/?attachment_id=218\" rel=\"attachment wp-att-218\"><img decoding=\"async\" loading=\"lazy\" class=\"wp-image-218 alignright\" src=\"http:\/\/www.turismoslovacchia.it\/wp-content\/uploads\/2010\/10\/Vigne-a-Pezinok.jpg\" alt=\"Vigne a Pezinok\" width=\"138\" height=\"46\" \/><\/a>La festa dell\u2019uva e della vendemmia, appuntamento tradizionale per questa cittadina che ha una lunga storia di viticoltura (i primi festeggiamenti del genere vengono fatti risalire a Pezinok al XIII secolo), si accompagna con eventi quali concerti e mercatini.<\/p>\n<p style=\"text-align: justify;\">Luogo: Pezinok<br \/>\nEmail: <a href=\"mailto:eva.lupova@msupezinok.sk\">eva.lupova@msupezinok.sk<\/a><br \/>\nWeb: <a href=\"http:\/\/www.pezinok.sk\/\" target=\"_blank\">www.pezinok.sk<\/a><br \/>\nTel.: +421 \/ 33 \/ 690 1102<\/p>\n<p style=\"text-align: justify;\"><span style=\"color: #ff0000;\"><em>21 &#8211; 23.09.2012<strong><br \/>\n<\/strong><\/em><strong><em>Festival Internazionale di arte all\u2019aperto \u201cSulla Strada Gotica\u201d<\/em><\/strong><\/span><span style=\"color: #ff0000;\"><strong><em>, Ko\u0161ice<\/em><\/strong><\/span><\/p>\n<p style=\"text-align: justify;\">Manifestazione all\u2019aperto per artisti non professionisti.<\/p>\n<p style=\"text-align: justify;\">Luogo: Ko\u0161ice<br \/>\nEmail: <a href=\"mailto:osvetake@osvetake.sk\">osvetake@osvetake.sk<\/a><br \/>\nWeb: <a href=\"http:\/\/www.osvetake.sk\/\" target=\"_blank\">www.osvetake.sk<\/a><br \/>\nTel.: +421 \/ 55 \/ 7299 605<\/p>\n<p style=\"text-align: justify;\"><span style=\"color: #ff0000;\"><em>21 &#8211; 26.09.2012<strong><br \/>\n<\/strong><\/em><strong><em>Divadeln\u00e1 Nitra<\/em><\/strong><\/span><\/p>\n<p><a href=\"http:\/\/www.turismoslovacchia.it\/?attachment_id=3130\" rel=\"attachment wp-att-3130\"><img decoding=\"async\" loading=\"lazy\" class=\"wp-image-3130 alignright\" src=\"http:\/\/www.turismoslovacchia.it\/wp-content\/uploads\/Nitra_EadaoinFlynn_11689334844@flickr.jpg\" alt=\"Nitra_(EadaoinFlynn_11689334844@flickr)\" width=\"200\" height=\"130\" \/><\/a>Festival internazionale del teatro europeo, il pi\u00f9 grande in Slovacchia, riconosciuto nel contesto europeo. Si tratta di una selettiva ma non competitiva rassegna della produzione europea focalizzata principalmente su dramma e commedia, con innesti di danza, musica, teatro di marionette e anche teatro visuale. Il posto dove apprendere delle nuove tendenze treatrali nel vecchio continente. Un ricco programma di accompagnamento prevede l\u2019offerta di altre forme di arte della rappresentazione.<\/p>\n<p style=\"text-align: justify;\">Luogo: Nitra<br \/>\nOrganiz.: Divadeln\u00e1 Nitra<br \/>\nEmail: <a href=\"mailto:nitrafest@nitrafest.sk\">nitrafest@nitrafest.sk<\/a><br \/>\nWeb: <a href=\"http:\/\/www.nitrafest.sk\/\" target=\"_blank\">www.nitrafest.sk<\/a><br \/>\nTel.: +421 \/ 37 \/ 652 4870, Cell.: +421\/903\/ 554 475<br \/>\nQui un <a href=\"http:\/\/youtu.be\/qj5r8QlXe-4\" data-rel=\"lightbox-video-0\" target=\"_blank\">video\/trailer<\/a> con estratti dello scorso anno.<\/p>\n<p style=\"text-align: justify;\"><span style=\"color: #ff0000;\"><em>29.09 &#8211; 14.10.2012<strong><br \/>\n<\/strong><\/em><strong><em>Bratislava Music Festival \/ BHS<\/em><\/strong><\/span><\/p>\n<p><a href=\"http:\/\/www.turismoslovacchia.it\/?attachment_id=4315\" rel=\"attachment wp-att-4315\"><img decoding=\"async\" loading=\"lazy\" class=\"wp-image-4315 alignright\" src=\"http:\/\/www.turismoslovacchia.it\/wp-content\/uploads\/musica_takazart_publicdomain.jpg\" alt=\"musica_takazart_publicdomain\" width=\"192\" height=\"123\" \/><\/a>Pi\u00f9 importante festival musicale in Slovacchia, il presitigioso Bratislava Music Festival (Bratislavsk\u00e9 hudobn\u00e9 sl\u00e1vnosti) ha una lunga tradizione che data al 1964. Dal 1973, il festival \u00e8 l&#8217;unico rappresentante slovacco all\u2019EFA, l\u2019Associazione Europea dei Festival che ha sede a Bruxelles.<\/p>\n<p style=\"text-align: justify;\">Luogo: Bratislava<br \/>\nOrganiz: Bratislava Music Festival, Izabela Pa\u017e\u00edtkov\u00e1<br \/>\nEmail: <a href=\"mailto:bhsfest@nextra.sk\">bhsfest@nextra.sk<\/a><br \/>\nWeb: <a href=\"http:\/\/www.bhsfestival.sk\/\" target=\"_blank\">www.bhsfestival.sk<\/a><br \/>\nTel.: +421\/2\/5443 0378, +421\/2\/5920 8291<\/p>\n<p style=\"text-align: justify;\"><span style=\"color: #ff0000;\"><em>25.09 &#8211; 3.12.2012<strong><br \/>\n<\/strong><\/em><strong><em>Giornate di Visegrad &#8211; Vi\u0161egr\u00e1dske dni, Ko\u0161ice<\/em><\/strong><\/span><\/p>\n<p style=\"text-align: justify;\"><img decoding=\"async\" loading=\"lazy\" class=\"size-full wp-image-1216 alignright\" title=\"Kosice, Slovacchia (foto_sk-travel)\" src=\"http:\/\/www.turismoslovacchia.it\/wp-content\/uploads\/Kosice-Slovacchia-foto_sk-travel.jpg\" alt=\"\" width=\"201\" height=\"123\" srcset=\"https:\/\/www.turismoslovacchia.it\/wp-content\/uploads\/Kosice-Slovacchia-foto_sk-travel.jpg 520w, https:\/\/www.turismoslovacchia.it\/wp-content\/uploads\/Kosice-Slovacchia-foto_sk-travel-300x185.jpg 300w, https:\/\/www.turismoslovacchia.it\/wp-content\/uploads\/Kosice-Slovacchia-foto_sk-travel-400x246.jpg 400w, https:\/\/www.turismoslovacchia.it\/wp-content\/uploads\/Kosice-Slovacchia-foto_sk-travel-100x62.jpg 100w, https:\/\/www.turismoslovacchia.it\/wp-content\/uploads\/Kosice-Slovacchia-foto_sk-travel-200x123.jpg 200w, https:\/\/www.turismoslovacchia.it\/wp-content\/uploads\/Kosice-Slovacchia-foto_sk-travel-150x92.jpg 150w\" sizes=\"(max-width: 201px) 100vw, 201px\" \/>Appuntamento fisso dell\u2019autunno nella seconda citt\u00e0 della Slovacchia, che ancora una volta porta a Kosice il meglio di ci\u00f2 che sta accadendo nella vita culturale delle nazioni centro-europei. Si pu\u00f2 godere di spettacoli e artisti eccezionali provenienti da Repubblica Ceca, Ungheria, Polonia e Slovacchia.<\/p>\n<p style=\"text-align: justify;\">Luogo: Ko\u0161ice<br \/>\nEmail: <a href=\"mailto:klubm@pobox.sk\">klubm@pobox.sk<\/a><br \/>\nWeb: <a href=\"http:\/\/www.visegradskedni.sk\/\" target=\"_blank\">www.visegradskedni.sk<\/a>, <a href=\"http:\/\/www.forsa.sk\/\" target=\"_blank\">www.forsa.sk<\/a>, <a href=\"http:\/\/www.kosice2013.sk\/\" target=\"_blank\">www.kosice2013.sk<\/a><br \/>\nTel.: +421\/55\/622 04 21<\/p>\n<p style=\"text-align: justify;\"><span style=\"color: #ffffff;\">&#8230;<\/span><\/p>\n<div id=\"_mcePaste\" style=\"position: absolute; left: -10000px; top: 0px; width: 1px; height: 1px; overflow: hidden; text-align: justify;\"><!-- [if gte mso 9]><xml> <w:worddocument> <w:view>Normal<\/w:view> <w:zoom>0<\/w:zoom> <w:trackmoves><\/w:trackmoves> <w:trackformatting><\/w:trackformatting> <w:punctuationkerning><\/w:punctuationkerning> <w:validateagainstschemas><\/w:validateagainstschemas> <w:saveifxmlinvalid>false<\/w:saveifxmlinvalid> <w:ignoremixedcontent>false<\/w:ignoremixedcontent> <w:alwaysshowplaceholdertext>false<\/w:alwaysshowplaceholdertext> <w:donotpromoteqf><\/w:donotpromoteqf> <w:lidthemeother>EN-US<\/w:lidthemeother> <w:lidthemeasian>ZH-TW<\/w:lidthemeasian> <w:lidthemecomplexscript>HE<\/w:lidthemecomplexscript> <w:compatibility> <w:breakwrappedtables><\/w:breakwrappedtables> <w:snaptogridincell><\/w:snaptogridincell> <w:wraptextwithpunct><\/w:wraptextwithpunct> <w:useasianbreakrules><\/w:useasianbreakrules> <w:dontgrowautofit><\/w:dontgrowautofit> <w:splitpgbreakandparamark><\/w:splitpgbreakandparamark> <w:dontvertaligncellwithsp><\/w:dontvertaligncellwithsp> <w:dontbreakconstrainedforcedtables><\/w:dontbreakconstrainedforcedtables> <w:dontvertalignintxbx><\/w:dontvertalignintxbx> <w:word11kerningpairs><\/w:word11kerningpairs> <w:cachedcolbalance><\/w:cachedcolbalance> <\/w:compatibility> <w:browserlevel>MicrosoftInternetExplorer4<\/w:browserlevel> <m:mathpr> <m:mathfont m:val=\"Cambria Math\"><\/m:mathfont> <m:brkbin m:val=\"before\"><\/m:brkbin> <m:brkbinsub m:val=\"&#45;-\"><\/m:brkbinsub> <m:smallfrac m:val=\"off\"><\/m:smallfrac> <m:dispdef><\/m:dispdef> <m:lmargin m:val=\"0\"><\/m:lmargin> <m:rmargin m:val=\"0\"><\/m:rmargin> <m:defjc m:val=\"centerGroup\"><\/m:defjc> <m:wrapindent m:val=\"1440\"><\/m:wrapindent> <m:intlim m:val=\"subSup\"><\/m:intlim> <m:narylim m:val=\"undOvr\"><\/m:narylim> <\/m:mathpr><\/w:worddocument> <\/xml>< ![endif]--><!-- [if gte mso 9]><xml> <w:latentstyles DefLockedState=\"false\" DefUnhideWhenUsed=\"true\"   DefSemiHidden=\"true\" DefQFormat=\"false\" DefPriority=\"99\"   LatentStyleCount=\"267\"> <w:lsdexception Locked=\"false\" Priority=\"0\" SemiHidden=\"false\"    UnhideWhenUsed=\"false\" QFormat=\"true\" Name=\"Normal\"><\/w:lsdexception> <w:lsdexception Locked=\"false\" Priority=\"9\" SemiHidden=\"false\"    UnhideWhenUsed=\"false\" QFormat=\"true\" Name=\"heading 1\"><\/w:lsdexception> <w:lsdexception Locked=\"false\" Priority=\"9\" QFormat=\"true\" Name=\"heading 2\"><\/w:lsdexception> <w:lsdexception Locked=\"false\" Priority=\"9\" QFormat=\"true\" Name=\"heading 3\"><\/w:lsdexception> <w:lsdexception Locked=\"false\" Priority=\"9\" QFormat=\"true\" Name=\"heading 4\"><\/w:lsdexception> <w:lsdexception Locked=\"false\" Priority=\"9\" QFormat=\"true\" Name=\"heading 5\"><\/w:lsdexception> <w:lsdexception Locked=\"false\" Priority=\"9\" QFormat=\"true\" Name=\"heading 6\"><\/w:lsdexception> <w:lsdexception Locked=\"false\" Priority=\"9\" QFormat=\"true\" Name=\"heading 7\"><\/w:lsdexception> <w:lsdexception Locked=\"false\" Priority=\"9\" QFormat=\"true\" Name=\"heading 8\"><\/w:lsdexception> <w:lsdexception Locked=\"false\" Priority=\"9\" QFormat=\"true\" Name=\"heading 9\"><\/w:lsdexception> <w:lsdexception Locked=\"false\" Priority=\"39\" Name=\"toc 1\"><\/w:lsdexception> <w:lsdexception Locked=\"false\" Priority=\"39\" Name=\"toc 2\"><\/w:lsdexception> <w:lsdexception Locked=\"false\" Priority=\"39\" Name=\"toc 3\"><\/w:lsdexception> <w:lsdexception Locked=\"false\" Priority=\"39\" Name=\"toc 4\"><\/w:lsdexception> <w:lsdexception Locked=\"false\" Priority=\"39\" Name=\"toc 5\"><\/w:lsdexception> <w:lsdexception Locked=\"false\" Priority=\"39\" Name=\"toc 6\"><\/w:lsdexception> <w:lsdexception Locked=\"false\" Priority=\"39\" Name=\"toc 7\"><\/w:lsdexception> <w:lsdexception Locked=\"false\" Priority=\"39\" Name=\"toc 8\"><\/w:lsdexception> <w:lsdexception Locked=\"false\" Priority=\"39\" Name=\"toc 9\"><\/w:lsdexception> <w:lsdexception Locked=\"false\" Priority=\"35\" QFormat=\"true\" Name=\"caption\"><\/w:lsdexception> <w:lsdexception Locked=\"false\" Priority=\"10\" SemiHidden=\"false\"    UnhideWhenUsed=\"false\" QFormat=\"true\" Name=\"Title\"><\/w:lsdexception> <w:lsdexception Locked=\"false\" Priority=\"0\" Name=\"Default Paragraph Font\"><\/w:lsdexception> <w:lsdexception Locked=\"false\" Priority=\"11\" SemiHidden=\"false\"    UnhideWhenUsed=\"false\" QFormat=\"true\" Name=\"Subtitle\"><\/w:lsdexception> <w:lsdexception Locked=\"false\" Priority=\"22\" SemiHidden=\"false\"    UnhideWhenUsed=\"false\" QFormat=\"true\" Name=\"Strong\"><\/w:lsdexception> <w:lsdexception Locked=\"false\" Priority=\"20\" SemiHidden=\"false\"    UnhideWhenUsed=\"false\" QFormat=\"true\" Name=\"Emphasis\"><\/w:lsdexception> <w:lsdexception Locked=\"false\" Priority=\"59\" SemiHidden=\"false\"    UnhideWhenUsed=\"false\" Name=\"Table Grid\"><\/w:lsdexception> <w:lsdexception Locked=\"false\" UnhideWhenUsed=\"false\" Name=\"Placeholder Text\"><\/w:lsdexception> <w:lsdexception Locked=\"false\" Priority=\"1\" SemiHidden=\"false\"    UnhideWhenUsed=\"false\" QFormat=\"true\" Name=\"No Spacing\"><\/w:lsdexception> <w:lsdexception Locked=\"false\" Priority=\"60\" SemiHidden=\"false\"    UnhideWhenUsed=\"false\" Name=\"Light Shading\"><\/w:lsdexception> <w:lsdexception Locked=\"false\" Priority=\"61\" SemiHidden=\"false\"    UnhideWhenUsed=\"false\" Name=\"Light List\"><\/w:lsdexception> <w:lsdexception Locked=\"false\" Priority=\"62\" SemiHidden=\"false\"    UnhideWhenUsed=\"false\" Name=\"Light Grid\"><\/w:lsdexception> <w:lsdexception Locked=\"false\" Priority=\"63\" SemiHidden=\"false\"    UnhideWhenUsed=\"false\" Name=\"Medium Shading 1\"><\/w:lsdexception> <w:lsdexception Locked=\"false\" Priority=\"64\" SemiHidden=\"false\"    UnhideWhenUsed=\"false\" Name=\"Medium Shading 2\"><\/w:lsdexception> <w:lsdexception Locked=\"false\" Priority=\"65\" SemiHidden=\"false\"    UnhideWhenUsed=\"false\" Name=\"Medium List 1\"><\/w:lsdexception> <w:lsdexception Locked=\"false\" Priority=\"66\" SemiHidden=\"false\"    UnhideWhenUsed=\"false\" Name=\"Medium List 2\"><\/w:lsdexception> <w:lsdexception Locked=\"false\" Priority=\"67\" SemiHidden=\"false\"    UnhideWhenUsed=\"false\" Name=\"Medium Grid 1\"><\/w:lsdexception> <w:lsdexception Locked=\"false\" Priority=\"68\" SemiHidden=\"false\"    UnhideWhenUsed=\"false\" Name=\"Medium Grid 2\"><\/w:lsdexception> <w:lsdexception Locked=\"false\" Priority=\"69\" SemiHidden=\"false\"    UnhideWhenUsed=\"false\" Name=\"Medium Grid 3\"><\/w:lsdexception> <w:lsdexception Locked=\"false\" Priority=\"70\" SemiHidden=\"false\"    UnhideWhenUsed=\"false\" Name=\"Dark List\"><\/w:lsdexception> <w:lsdexception Locked=\"false\" Priority=\"71\" SemiHidden=\"false\"    UnhideWhenUsed=\"false\" Name=\"Colorful Shading\"><\/w:lsdexception> <w:lsdexception Locked=\"false\" Priority=\"72\" SemiHidden=\"false\"    UnhideWhenUsed=\"false\" Name=\"Colorful List\"><\/w:lsdexception> <w:lsdexception Locked=\"false\" Priority=\"73\" SemiHidden=\"false\"    UnhideWhenUsed=\"false\" Name=\"Colorful Grid\"><\/w:lsdexception> <w:lsdexception Locked=\"false\" Priority=\"60\" SemiHidden=\"false\"    UnhideWhenUsed=\"false\" Name=\"Light Shading Accent 1\"><\/w:lsdexception> <w:lsdexception Locked=\"false\" Priority=\"61\" SemiHidden=\"false\"    UnhideWhenUsed=\"false\" Name=\"Light List Accent 1\"><\/w:lsdexception> <w:lsdexception Locked=\"false\" Priority=\"62\" SemiHidden=\"false\"    UnhideWhenUsed=\"false\" Name=\"Light Grid Accent 1\"><\/w:lsdexception> <w:lsdexception Locked=\"false\" Priority=\"63\" SemiHidden=\"false\"    UnhideWhenUsed=\"false\" Name=\"Medium Shading 1 Accent 1\"><\/w:lsdexception> <w:lsdexception Locked=\"false\" Priority=\"64\" SemiHidden=\"false\"    UnhideWhenUsed=\"false\" Name=\"Medium Shading 2 Accent 1\"><\/w:lsdexception> <w:lsdexception Locked=\"false\" Priority=\"65\" SemiHidden=\"false\"    UnhideWhenUsed=\"false\" Name=\"Medium List 1 Accent 1\"><\/w:lsdexception> <w:lsdexception Locked=\"false\" UnhideWhenUsed=\"false\" Name=\"Revision\"><\/w:lsdexception> <w:lsdexception Locked=\"false\" Priority=\"34\" SemiHidden=\"false\"    UnhideWhenUsed=\"false\" QFormat=\"true\" Name=\"List Paragraph\"><\/w:lsdexception> <w:lsdexception Locked=\"false\" Priority=\"29\" SemiHidden=\"false\"    UnhideWhenUsed=\"false\" QFormat=\"true\" Name=\"Quote\"><\/w:lsdexception> <w:lsdexception Locked=\"false\" Priority=\"30\" SemiHidden=\"false\"    UnhideWhenUsed=\"false\" QFormat=\"true\" Name=\"Intense Quote\"><\/w:lsdexception> <w:lsdexception Locked=\"false\" Priority=\"66\" SemiHidden=\"false\"    UnhideWhenUsed=\"false\" Name=\"Medium List 2 Accent 1\"><\/w:lsdexception> <w:lsdexception Locked=\"false\" Priority=\"67\" SemiHidden=\"false\"    UnhideWhenUsed=\"false\" Name=\"Medium Grid 1 Accent 1\"><\/w:lsdexception> <w:lsdexception Locked=\"false\" Priority=\"68\" SemiHidden=\"false\"    UnhideWhenUsed=\"false\" Name=\"Medium Grid 2 Accent 1\"><\/w:lsdexception> <w:lsdexception Locked=\"false\" Priority=\"69\" SemiHidden=\"false\"    UnhideWhenUsed=\"false\" Name=\"Medium Grid 3 Accent 1\"><\/w:lsdexception> <w:lsdexception Locked=\"false\" Priority=\"70\" SemiHidden=\"false\"    UnhideWhenUsed=\"false\" Name=\"Dark List Accent 1\"><\/w:lsdexception> <w:lsdexception Locked=\"false\" Priority=\"71\" SemiHidden=\"false\"    UnhideWhenUsed=\"false\" Name=\"Colorful Shading Accent 1\"><\/w:lsdexception> <w:lsdexception Locked=\"false\" Priority=\"72\" SemiHidden=\"false\"    UnhideWhenUsed=\"false\" Name=\"Colorful List Accent 1\"><\/w:lsdexception> <w:lsdexception Locked=\"false\" Priority=\"73\" SemiHidden=\"false\"    UnhideWhenUsed=\"false\" Name=\"Colorful Grid Accent 1\"><\/w:lsdexception> <w:lsdexception Locked=\"false\" Priority=\"60\" SemiHidden=\"false\"    UnhideWhenUsed=\"false\" Name=\"Light Shading Accent 2\"><\/w:lsdexception> <w:lsdexception Locked=\"false\" Priority=\"61\" SemiHidden=\"false\"    UnhideWhenUsed=\"false\" Name=\"Light List Accent 2\"><\/w:lsdexception> <w:lsdexception Locked=\"false\" Priority=\"62\" SemiHidden=\"false\"    UnhideWhenUsed=\"false\" Name=\"Light Grid Accent 2\"><\/w:lsdexception> <w:lsdexception Locked=\"false\" Priority=\"63\" SemiHidden=\"false\"    UnhideWhenUsed=\"false\" Name=\"Medium Shading 1 Accent 2\"><\/w:lsdexception> <w:lsdexception Locked=\"false\" Priority=\"64\" SemiHidden=\"false\"    UnhideWhenUsed=\"false\" Name=\"Medium Shading 2 Accent 2\"><\/w:lsdexception> <w:lsdexception Locked=\"false\" Priority=\"65\" SemiHidden=\"false\"    UnhideWhenUsed=\"false\" Name=\"Medium List 1 Accent 2\"><\/w:lsdexception> <w:lsdexception Locked=\"false\" Priority=\"66\" SemiHidden=\"false\"    UnhideWhenUsed=\"false\" Name=\"Medium List 2 Accent 2\"><\/w:lsdexception> <w:lsdexception Locked=\"false\" Priority=\"67\" SemiHidden=\"false\"    UnhideWhenUsed=\"false\" Name=\"Medium Grid 1 Accent 2\"><\/w:lsdexception> <w:lsdexception Locked=\"false\" Priority=\"68\" SemiHidden=\"false\"    UnhideWhenUsed=\"false\" Name=\"Medium Grid 2 Accent 2\"><\/w:lsdexception> <w:lsdexception Locked=\"false\" Priority=\"69\" SemiHidden=\"false\"    UnhideWhenUsed=\"false\" Name=\"Medium Grid 3 Accent 2\"><\/w:lsdexception> <w:lsdexception Locked=\"false\" Priority=\"70\" SemiHidden=\"false\"    UnhideWhenUsed=\"false\" Name=\"Dark List Accent 2\"><\/w:lsdexception> <w:lsdexception Locked=\"false\" Priority=\"71\" SemiHidden=\"false\"    UnhideWhenUsed=\"false\" Name=\"Colorful Shading Accent 2\"><\/w:lsdexception> <w:lsdexception Locked=\"false\" Priority=\"72\" SemiHidden=\"false\"    UnhideWhenUsed=\"false\" Name=\"Colorful List Accent 2\"><\/w:lsdexception> <w:lsdexception Locked=\"false\" Priority=\"73\" SemiHidden=\"false\"    UnhideWhenUsed=\"false\" Name=\"Colorful Grid Accent 2\"><\/w:lsdexception> <w:lsdexception Locked=\"false\" Priority=\"60\" SemiHidden=\"false\"    UnhideWhenUsed=\"false\" Name=\"Light Shading Accent 3\"><\/w:lsdexception> <w:lsdexception Locked=\"false\" Priority=\"61\" SemiHidden=\"false\"    UnhideWhenUsed=\"false\" Name=\"Light List Accent 3\"><\/w:lsdexception> <w:lsdexception Locked=\"false\" Priority=\"62\" SemiHidden=\"false\"    UnhideWhenUsed=\"false\" Name=\"Light Grid Accent 3\"><\/w:lsdexception> <w:lsdexception Locked=\"false\" Priority=\"63\" SemiHidden=\"false\"    UnhideWhenUsed=\"false\" Name=\"Medium Shading 1 Accent 3\"><\/w:lsdexception> <w:lsdexception Locked=\"false\" Priority=\"64\" SemiHidden=\"false\"    UnhideWhenUsed=\"false\" Name=\"Medium Shading 2 Accent 3\"><\/w:lsdexception> <w:lsdexception Locked=\"false\" Priority=\"65\" SemiHidden=\"false\"    UnhideWhenUsed=\"false\" Name=\"Medium List 1 Accent 3\"><\/w:lsdexception> <w:lsdexception Locked=\"false\" Priority=\"66\" SemiHidden=\"false\"    UnhideWhenUsed=\"false\" Name=\"Medium List 2 Accent 3\"><\/w:lsdexception> <w:lsdexception Locked=\"false\" Priority=\"67\" SemiHidden=\"false\"    UnhideWhenUsed=\"false\" Name=\"Medium Grid 1 Accent 3\"><\/w:lsdexception> <w:lsdexception Locked=\"false\" Priority=\"68\" SemiHidden=\"false\"    UnhideWhenUsed=\"false\" Name=\"Medium Grid 2 Accent 3\"><\/w:lsdexception> <w:lsdexception Locked=\"false\" Priority=\"69\" SemiHidden=\"false\"    UnhideWhenUsed=\"false\" Name=\"Medium Grid 3 Accent 3\"><\/w:lsdexception> <w:lsdexception Locked=\"false\" Priority=\"70\" SemiHidden=\"false\"    UnhideWhenUsed=\"false\" Name=\"Dark List Accent 3\"><\/w:lsdexception> <w:lsdexception Locked=\"false\" Priority=\"71\" SemiHidden=\"false\"    UnhideWhenUsed=\"false\" Name=\"Colorful Shading Accent 3\"><\/w:lsdexception> <w:lsdexception Locked=\"false\" Priority=\"72\" SemiHidden=\"false\"    UnhideWhenUsed=\"false\" Name=\"Colorful List Accent 3\"><\/w:lsdexception> <w:lsdexception Locked=\"false\" Priority=\"73\" SemiHidden=\"false\"    UnhideWhenUsed=\"false\" Name=\"Colorful Grid Accent 3\"><\/w:lsdexception> <w:lsdexception Locked=\"false\" Priority=\"60\" SemiHidden=\"false\"    UnhideWhenUsed=\"false\" Name=\"Light Shading Accent 4\"><\/w:lsdexception> <w:lsdexception Locked=\"false\" Priority=\"61\" SemiHidden=\"false\"    UnhideWhenUsed=\"false\" Name=\"Light List Accent 4\"><\/w:lsdexception> <w:lsdexception Locked=\"false\" Priority=\"62\" SemiHidden=\"false\"    UnhideWhenUsed=\"false\" Name=\"Light Grid Accent 4\"><\/w:lsdexception> <w:lsdexception Locked=\"false\" Priority=\"63\" SemiHidden=\"false\"    UnhideWhenUsed=\"false\" Name=\"Medium Shading 1 Accent 4\"><\/w:lsdexception> <w:lsdexception Locked=\"false\" Priority=\"64\" SemiHidden=\"false\"    UnhideWhenUsed=\"false\" Name=\"Medium Shading 2 Accent 4\"><\/w:lsdexception> <w:lsdexception Locked=\"false\" Priority=\"65\" SemiHidden=\"false\"    UnhideWhenUsed=\"false\" Name=\"Medium List 1 Accent 4\"><\/w:lsdexception> <w:lsdexception Locked=\"false\" Priority=\"66\" SemiHidden=\"false\"    UnhideWhenUsed=\"false\" Name=\"Medium List 2 Accent 4\"><\/w:lsdexception> <w:lsdexception Locked=\"false\" Priority=\"67\" SemiHidden=\"false\"    UnhideWhenUsed=\"false\" Name=\"Medium Grid 1 Accent 4\"><\/w:lsdexception> <w:lsdexception Locked=\"false\" Priority=\"68\" SemiHidden=\"false\"    UnhideWhenUsed=\"false\" Name=\"Medium Grid 2 Accent 4\"><\/w:lsdexception> <w:lsdexception Locked=\"false\" Priority=\"69\" SemiHidden=\"false\"    UnhideWhenUsed=\"false\" Name=\"Medium Grid 3 Accent 4\"><\/w:lsdexception> <w:lsdexception Locked=\"false\" Priority=\"70\" SemiHidden=\"false\"    UnhideWhenUsed=\"false\" Name=\"Dark List Accent 4\"><\/w:lsdexception> <w:lsdexception Locked=\"false\" Priority=\"71\" SemiHidden=\"false\"    UnhideWhenUsed=\"false\" Name=\"Colorful Shading Accent 4\"><\/w:lsdexception> <w:lsdexception Locked=\"false\" Priority=\"72\" SemiHidden=\"false\"    UnhideWhenUsed=\"false\" Name=\"Colorful List Accent 4\"><\/w:lsdexception> <w:lsdexception Locked=\"false\" Priority=\"73\" SemiHidden=\"false\"    UnhideWhenUsed=\"false\" Name=\"Colorful Grid Accent 4\"><\/w:lsdexception> <w:lsdexception Locked=\"false\" Priority=\"60\" SemiHidden=\"false\"    UnhideWhenUsed=\"false\" Name=\"Light Shading Accent 5\"><\/w:lsdexception> <w:lsdexception Locked=\"false\" Priority=\"61\" SemiHidden=\"false\"    UnhideWhenUsed=\"false\" Name=\"Light List Accent 5\"><\/w:lsdexception> <w:lsdexception Locked=\"false\" Priority=\"62\" SemiHidden=\"false\"    UnhideWhenUsed=\"false\" Name=\"Light Grid Accent 5\"><\/w:lsdexception> <w:lsdexception Locked=\"false\" Priority=\"63\" SemiHidden=\"false\"    UnhideWhenUsed=\"false\" Name=\"Medium Shading 1 Accent 5\"><\/w:lsdexception> <w:lsdexception Locked=\"false\" Priority=\"64\" SemiHidden=\"false\"    UnhideWhenUsed=\"false\" Name=\"Medium Shading 2 Accent 5\"><\/w:lsdexception> <w:lsdexception Locked=\"false\" Priority=\"65\" SemiHidden=\"false\"    UnhideWhenUsed=\"false\" Name=\"Medium List 1 Accent 5\"><\/w:lsdexception> <w:lsdexception Locked=\"false\" Priority=\"66\" SemiHidden=\"false\"    UnhideWhenUsed=\"false\" Name=\"Medium List 2 Accent 5\"><\/w:lsdexception> <w:lsdexception Locked=\"false\" Priority=\"67\" SemiHidden=\"false\"    UnhideWhenUsed=\"false\" Name=\"Medium Grid 1 Accent 5\"><\/w:lsdexception> <w:lsdexception Locked=\"false\" Priority=\"68\" SemiHidden=\"false\"    UnhideWhenUsed=\"false\" Name=\"Medium Grid 2 Accent 5\"><\/w:lsdexception> <w:lsdexception Locked=\"false\" Priority=\"69\" SemiHidden=\"false\"    UnhideWhenUsed=\"false\" Name=\"Medium Grid 3 Accent 5\"><\/w:lsdexception> <w:lsdexception Locked=\"false\" Priority=\"70\" SemiHidden=\"false\"    UnhideWhenUsed=\"false\" Name=\"Dark List Accent 5\"><\/w:lsdexception> <w:lsdexception Locked=\"false\" Priority=\"71\" SemiHidden=\"false\"    UnhideWhenUsed=\"false\" Name=\"Colorful Shading Accent 5\"><\/w:lsdexception> <w:lsdexception Locked=\"false\" Priority=\"72\" SemiHidden=\"false\"    UnhideWhenUsed=\"false\" Name=\"Colorful List Accent 5\"><\/w:lsdexception> <w:lsdexception Locked=\"false\" Priority=\"73\" SemiHidden=\"false\"    UnhideWhenUsed=\"false\" Name=\"Colorful Grid Accent 5\"><\/w:lsdexception> <w:lsdexception Locked=\"false\" Priority=\"60\" SemiHidden=\"false\"    UnhideWhenUsed=\"false\" Name=\"Light Shading Accent 6\"><\/w:lsdexception> <w:lsdexception Locked=\"false\" Priority=\"61\" SemiHidden=\"false\"    UnhideWhenUsed=\"false\" Name=\"Light List Accent 6\"><\/w:lsdexception> <w:lsdexception Locked=\"false\" Priority=\"62\" SemiHidden=\"false\"    UnhideWhenUsed=\"false\" Name=\"Light Grid Accent 6\"><\/w:lsdexception> <w:lsdexception Locked=\"false\" Priority=\"63\" SemiHidden=\"false\"    UnhideWhenUsed=\"false\" Name=\"Medium Shading 1 Accent 6\"><\/w:lsdexception> <w:lsdexception Locked=\"false\" Priority=\"64\" SemiHidden=\"false\"    UnhideWhenUsed=\"false\" Name=\"Medium Shading 2 Accent 6\"><\/w:lsdexception> <w:lsdexception Locked=\"false\" Priority=\"65\" SemiHidden=\"false\"    UnhideWhenUsed=\"false\" Name=\"Medium List 1 Accent 6\"><\/w:lsdexception> <w:lsdexception Locked=\"false\" Priority=\"66\" SemiHidden=\"false\"    UnhideWhenUsed=\"false\" Name=\"Medium List 2 Accent 6\"><\/w:lsdexception> <w:lsdexception Locked=\"false\" Priority=\"67\" SemiHidden=\"false\"    UnhideWhenUsed=\"false\" Name=\"Medium Grid 1 Accent 6\"><\/w:lsdexception> <w:lsdexception Locked=\"false\" Priority=\"68\" SemiHidden=\"false\"    UnhideWhenUsed=\"false\" Name=\"Medium Grid 2 Accent 6\"><\/w:lsdexception> <w:lsdexception Locked=\"false\" Priority=\"69\" SemiHidden=\"false\"    UnhideWhenUsed=\"false\" Name=\"Medium Grid 3 Accent 6\"><\/w:lsdexception> <w:lsdexception Locked=\"false\" Priority=\"70\" SemiHidden=\"false\"    UnhideWhenUsed=\"false\" Name=\"Dark List Accent 6\"><\/w:lsdexception> <w:lsdexception Locked=\"false\" Priority=\"71\" SemiHidden=\"false\"    UnhideWhenUsed=\"false\" Name=\"Colorful Shading Accent 6\"><\/w:lsdexception> <w:lsdexception Locked=\"false\" Priority=\"72\" SemiHidden=\"false\"    UnhideWhenUsed=\"false\" Name=\"Colorful List Accent 6\"><\/w:lsdexception> <w:lsdexception Locked=\"false\" Priority=\"73\" SemiHidden=\"false\"    UnhideWhenUsed=\"false\" Name=\"Colorful Grid Accent 6\"><\/w:lsdexception> <w:lsdexception Locked=\"false\" Priority=\"19\" SemiHidden=\"false\"    UnhideWhenUsed=\"false\" QFormat=\"true\" Name=\"Subtle Emphasis\"><\/w:lsdexception> <w:lsdexception Locked=\"false\" Priority=\"21\" SemiHidden=\"false\"    UnhideWhenUsed=\"false\" QFormat=\"true\" Name=\"Intense Emphasis\"><\/w:lsdexception> <w:lsdexception Locked=\"false\" Priority=\"31\" SemiHidden=\"false\"    UnhideWhenUsed=\"false\" QFormat=\"true\" Name=\"Subtle Reference\"><\/w:lsdexception> <w:lsdexception Locked=\"false\" Priority=\"32\" SemiHidden=\"false\"    UnhideWhenUsed=\"false\" QFormat=\"true\" Name=\"Intense Reference\"><\/w:lsdexception> <w:lsdexception Locked=\"false\" Priority=\"33\" SemiHidden=\"false\"    UnhideWhenUsed=\"false\" QFormat=\"true\" Name=\"Book Title\"><\/w:lsdexception> <w:lsdexception Locked=\"false\" Priority=\"37\" Name=\"Bibliography\"><\/w:lsdexception> <w:lsdexception Locked=\"false\" Priority=\"39\" QFormat=\"true\" Name=\"TOC Heading\"><\/w:lsdexception> <\/w:latentstyles> <\/xml>< ![endif]--><!-- [if gte mso 10]> <mce:style>< !   \/* Style Definitions *\/  table.MsoNormalTable \t{mso-style-name:\"Tabella normale\"; \tmso-tstyle-rowband-size:0; \tmso-tstyle-colband-size:0; \tmso-style-noshow:yes; \tmso-style-priority:99; \tmso-style-qformat:yes; \tmso-style-parent:\"\"; \tmso-padding-alt:0cm 5.4pt 0cm 5.4pt; \tmso-para-margin:0cm; \tmso-para-margin-bottom:.0001pt; \tmso-pagination:widow-orphan; \tfont-size:10.0pt; \tfont-family:\"Times New Roman\",\"serif\";} --> <!--[endif] --><\/p>\n<p class=\"MsoNormal\" style=\"text-align: justify;\"><span lang=\"IT\" style=\"font-size: 9.0pt; font-family: &amp;amp;\">Luogo: Ko\u0161ice <\/span><\/p>\n<p class=\"MsoNormal\" style=\"text-align: justify;\"><span lang=\"IT\" style=\"font-size: 9.0pt; font-family: &amp;amp;\">Email: <a href=\"mailto:klubm@pobox.sk\">klubm@pobox.sk<\/a> <\/span><\/p>\n<p class=\"MsoNormal\" style=\"text-align: justify;\"><span lang=\"IT\" style=\"font-size: 9.0pt; font-family: &amp;amp;\">Web:<a href=\"http:\/\/www.visegradskedni.sk\/\">www.visegradskedni.sk<\/a>, <a href=\"http:\/\/www.forsa.sk\/\">www.forsa.sk<\/a>, <a href=\"http:\/\/www.kosice2013.sk\/\">www.kosice2013.sk<\/a> <\/span><\/p>\n<p class=\"MsoNormal\" style=\"text-align: justify;\"><span lang=\"IT\" style=\"font-size: 9.0pt; font-family: &amp;amp;\">Tel.: +421\/55\/622 04 21<\/span><\/p>\n<p>&nbsp;<\/p>\n<p><\/mce:style><\/div>\n","protected":false},"excerpt":{"rendered":"<p>Calendario eventi SETTEMBRE 2012 Fino al 9.09.2012 Bratislava &#8211; Estate culturale In estate, Bratislava vive di cultura. Nelle strade del centro storico i visitatori possono trovare teatro di strada, concerti folk, jazz, pop e lirici, artigianato tradizionale, cinema all&#8217;aperto e molto altro. Luogo: Bratislava, Stare Mesto Email: info@bkis.sk Web: www.bkis.skv Tel.: +421 \/ (0) 2 [&hellip;]<\/p>\n","protected":false},"author":2,"featured_media":249,"comment_status":"open","ping_status":"open","sticky":false,"template":"","format":"standard","meta":[],"categories":[5],"tags":[33,46,53,264,92,49,30,29,42,22,80,38,14,48,82,16,7],"aioseo_notices":[],"jetpack_featured_media_url":"https:\/\/www.turismoslovacchia.it\/wp-content\/uploads\/2010\/10\/Eventi-in-Slovacchia.jpg","jetpack_sharing_enabled":true,"jetpack-related-posts":[{"id":9210,"url":"https:\/\/www.turismoslovacchia.it\/?p=9210","url_meta":{"origin":1440,"position":0},"title":"Settembre 2019: gli eventi a Bratislava e dintorni","date":"31 Agosto 2019","format":false,"excerpt":"Pezinsk\u00e9 viechy\u00a0\/ Cantine di Pezinok \u2013 Pezinok maggio-ottobre 2019 Dall\u2019inizio di maggio fino al prossimo ottobre, questo evento d\u00e0 l\u2019opportunit\u00e0 unica per degustare i vini dei produttori di Pezinok, e anche chiedere loro curiosit\u00e0 e segreti della propria produzione. Quanto meno, gustare un buon bicchiere di vino in compagnia. Iscrizione\u2026","rel":"","context":"In &quot;Eventi&quot;","img":{"alt_text":"","src":"https:\/\/i0.wp.com\/www.turismoslovacchia.it\/wp-content\/uploads\/eventi_00.jpg?resize=350%2C200&ssl=1","width":350,"height":200},"classes":[]},{"id":3936,"url":"https:\/\/www.turismoslovacchia.it\/?p=3936","url_meta":{"origin":1440,"position":1},"title":"Parte oggi l\u2019Estate di Bratislava con una sfilata in piazza. In totale 250 eventi fino a settembre","date":"12 Giugno 2014","format":false,"excerpt":"Prende il via oggi 12 giugno L'estate culturale di Bratislava che, insieme al Festival del Castello propone eventi multi-genere nella capitale slovacca per i prossimi tre mesi. L\u2019evento con cui si apre ufficialmente la 39esima edizione dell\u2019Estate \u00e8 \u201cM\u00f3da v meste\u201d, Moda in citta', una sfilata di abiti delle collezioni\u2026","rel":"","context":"In &quot;Eventi&quot;","img":{"alt_text":"","src":"https:\/\/i0.wp.com\/www.turismoslovacchia.it\/wp-content\/uploads\/Bratislava-estate-eventi_flickr-10099099554.jpg?resize=350%2C200&ssl=1","width":350,"height":200},"classes":[]},{"id":9118,"url":"https:\/\/www.turismoslovacchia.it\/?p=9118","url_meta":{"origin":1440,"position":2},"title":"Agosto 2019: gli eventi a Bratislava e in Slovacchia","date":"2 Agosto 2019","format":false,"excerpt":"VIVA MUSICA! FESTIVAL \u2013 Bratislava 6 luglio \u2013\u00a025 agosto\u00a02018 Il festival Viva Musica! \u00e8 nato nel 2005 con l'ambizione di creare un evento estivo di un alto livello per tutti gli appassionati di musica - classica e non - ma in luoghi e con stile innovativo. Il festival offre il\u2026","rel":"","context":"In &quot;Eventi&quot;","img":{"alt_text":"","src":"https:\/\/i0.wp.com\/www.turismoslovacchia.it\/wp-content\/uploads\/eventi_00.jpg?resize=350%2C200&ssl=1","width":350,"height":200},"classes":[]},{"id":8270,"url":"https:\/\/www.turismoslovacchia.it\/?p=8270","url_meta":{"origin":1440,"position":3},"title":"Settembre 2017: gli eventi a Bratislava e dintorni","date":"25 Agosto 2017","format":false,"excerpt":"Segnaliamo qui gli eventi pi\u00f9 rilevanti del mese di settembre 2017 nella citt\u00e0 e regione di Bratislava.\u00a0Tra quelli da segnalare ci sono diverse Farm Fest, appuntamenti gastronomici in tutta la regione che includono il famoso Festival del cavolo di Stupava o il Regno dell'Oca di Slovensk\u00fd Grob, le sagre della\u2026","rel":"","context":"In &quot;Articoli&quot;","img":{"alt_text":"","src":"https:\/\/i0.wp.com\/www.turismoslovacchia.it\/wp-content\/uploads\/eventi_00.jpg?resize=350%2C200&ssl=1","width":350,"height":200},"classes":[]},{"id":207,"url":"https:\/\/www.turismoslovacchia.it\/?p=207","url_meta":{"origin":1440,"position":4},"title":"Eventi in Slovacchia \u2013 DICEMBRE 2010","date":"10 Ottobre 2010","format":false,"excerpt":"Calendario eventi NOVEMBRE 2010 15 settembre - 6 dicembre, 2010 Giornate di Visegrad Questo evento porta a Kosice tutto il meglio della scena della cultura centro-europea. I visitatori possono aspettarsi molti spettacoli e ottimi artisti provenienti dalla Repubblica Ceca, l'Ungheria, la Polonia e la Slovacchia. Luogo: Ko\u0161ice Informazioni: Zdru\u017eenie Forsa\u2026","rel":"","context":"In &quot;Eventi&quot;","img":{"alt_text":"","src":"https:\/\/i0.wp.com\/www.turismoslovacchia.it\/wp-content\/uploads\/2010\/10\/Eventi-in-Slovacchia.jpg?resize=350%2C200&ssl=1","width":350,"height":200},"classes":[]},{"id":9043,"url":"https:\/\/www.turismoslovacchia.it\/?p=9043","url_meta":{"origin":1440,"position":5},"title":"Luglio 2019: gli eventi a Bratislava e in Slovacchia","date":"2 Luglio 2019","format":false,"excerpt":"Estate culturale di Bratislava 2019 \u2013 Bratislava giugno\u00a0\u2013 settembre\u00a02019 La rassegna\u00a0\u201cEstate culturale di Bratislava\u201d \u00e8 il pi\u00f9 grande evento estivo in Slovacchia che, nel corso dei mesi d\u2019estate propone nella capitale centinaia di appuntamenti culturali, musicali, letterari, teatrali, e attivit\u00e0 per il tempo libero\u00a0per i residenti e i tanti turisti.\u2026","rel":"","context":"In &quot;Eventi&quot;","img":{"alt_text":"","src":"https:\/\/i0.wp.com\/www.turismoslovacchia.it\/wp-content\/uploads\/vychodna-festiv-folk.jpg?resize=350%2C200&ssl=1","width":350,"height":200},"classes":[]}],"jetpack_shortlink":"https:\/\/wp.me\/p1oiY9-ne","_links":{"self":[{"href":"https:\/\/www.turismoslovacchia.it\/index.php?rest_route=\/wp\/v2\/posts\/1440"}],"collection":[{"href":"https:\/\/www.turismoslovacchia.it\/index.php?rest_route=\/wp\/v2\/posts"}],"about":[{"href":"https:\/\/www.turismoslovacchia.it\/index.php?rest_route=\/wp\/v2\/types\/post"}],"author":[{"embeddable":true,"href":"https:\/\/www.turismoslovacchia.it\/index.php?rest_route=\/wp\/v2\/users\/2"}],"replies":[{"embeddable":true,"href":"https:\/\/www.turismoslovacchia.it\/index.php?rest_route=%2Fwp%2Fv2%2Fcomments&post=1440"}],"version-history":[{"count":0,"href":"https:\/\/www.turismoslovacchia.it\/index.php?rest_route=\/wp\/v2\/posts\/1440\/revisions"}],"wp:featuredmedia":[{"embeddable":true,"href":"https:\/\/www.turismoslovacchia.it\/index.php?rest_route=\/wp\/v2\/media\/249"}],"wp:attachment":[{"href":"https:\/\/www.turismoslovacchia.it\/index.php?rest_route=%2Fwp%2Fv2%2Fmedia&parent=1440"}],"wp:term":[{"taxonomy":"category","embeddable":true,"href":"https:\/\/www.turismoslovacchia.it\/index.php?rest_route=%2Fwp%2Fv2%2Fcategories&post=1440"},{"taxonomy":"post_tag","embeddable":true,"href":"https:\/\/www.turismoslovacchia.it\/index.php?rest_route=%2Fwp%2Fv2%2Ftags&post=1440"}],"curies":[{"name":"wp","href":"https:\/\/api.w.org\/{rel}","templated":true}]}}