{"id":1409,"date":"2012-08-30T19:33:30","date_gmt":"2012-08-30T17:33:30","guid":{"rendered":"http:\/\/www.turismoslovacchia.it\/?p=1409"},"modified":"2016-09-15T20:03:24","modified_gmt":"2016-09-15T18:03:24","slug":"festival-konvergencie-la-musica-nella-sua-molteplicita-di-stili","status":"publish","type":"post","link":"https:\/\/www.turismoslovacchia.it\/?p=1409","title":{"rendered":"Festival Konvergencie: la musica nella sua molteplicit\u00e0 di stili"},"content":{"rendered":"<p style=\"text-align: justify;\"><a href=\"http:\/\/www.turismoslovacchia.it\/?attachment_id=4343\" rel=\"attachment wp-att-4343\"><img decoding=\"async\" loading=\"lazy\" class=\"alignnone size-full wp-image-4343\" src=\"http:\/\/www.turismoslovacchia.it\/wp-content\/uploads\/konvergencie.jpg\" alt=\"konvergencie\" width=\"520\" height=\"320\" srcset=\"https:\/\/www.turismoslovacchia.it\/wp-content\/uploads\/konvergencie.jpg 520w, https:\/\/www.turismoslovacchia.it\/wp-content\/uploads\/konvergencie-300x185.jpg 300w, https:\/\/www.turismoslovacchia.it\/wp-content\/uploads\/konvergencie-400x246.jpg 400w, https:\/\/www.turismoslovacchia.it\/wp-content\/uploads\/konvergencie-100x62.jpg 100w, https:\/\/www.turismoslovacchia.it\/wp-content\/uploads\/konvergencie-200x123.jpg 200w, https:\/\/www.turismoslovacchia.it\/wp-content\/uploads\/konvergencie-150x92.jpg 150w\" sizes=\"(max-width: 520px) 100vw, 520px\" \/><\/a><\/p>\n<p style=\"text-align: justify;\">Il Festival internazionale di musica (da camera) Konvergencie (in italiano, naturalmente, Convergenze) \u00e8 ormai parte fissa del panorama di musica \u201cseria\u201d in Slovacchia. Arrivata allla sua tredicesima stagione a Bratislava, la rassegna presenta opere musicali e artisti particolari senza porre barriere o limiti di genere o di stile, e i concerti hanno la peculiarit\u00e0 di tenersi con atmosfera informale in locali non tradizionali, non pensati per la musica quanto piuttosto per mostre d\u2019arte o di architettura, o costruzioni adibite al culto. E proprio non ponendo delimitazioni di genere, il festival \u00a0combina modi e specie musicali a tutta apparenza inconciliabili: sono infatti in programma performance di musica classica antica e contemporanea, jazz, improvvisazione, musica sperimentale e molto altro.<\/p>\n<p style=\"text-align: justify;\">Parte integrante della rassegna fin dai suoi esordi, e anche quest\u2019anno, sono una serie di artisti che eseguono interpretazioni soliste o in duo, con tipiche atmosfere intimiste che sono un po\u2019 la chiave di Konvergencie. Ma ci sono anche complessi, tra i quali spicca, per le eccezionali virt\u00f9 qualitative e notoriet\u00e0 internazionale, The Hilliard Ensemble, formazione britannica molto nota nel settore della musica vocale antica (un gruppo con questo nome esiste da quasi quarant\u2019anno) che a Bratislava si presenter\u00e0 accompagnata dalla violinista francese Muriel Cantoreggi. Un appuntamento speciale per il pubblico locale \u00e8 anche il progetto Zelena Posta, che vede insieme dal vivo per la prima volta dal 1972 (quando usc\u00ec un LP leggendario con lo stesso nome) i due musicisti slovacchi Marian Varga e Pavol Hammel.<\/p>\n<p style=\"text-align: justify;\">Una dedica speciale viene fatta da Konvergencie 2012 a John Cage, del quale cade quest\u2019anno \u2013 il 5 settembre \u2013 il 100\u00b0 anniversario dalla nascita, oltre che il 20\u00b0 dalla morte. In quella data, si terr\u00e0 dunque un anticipo, una sorta di pre-inaugurazione della rassegna con un Cage-Event, concerto e mostra dal nome \u201cCage &#8211; 100 anni dopo\u201d, oltre ad un altro concerto dal nome Cage full of music il 20 settembre.<\/p>\n<p style=\"text-align: justify;\">John Cage, tra le maggiori personalit\u00e0 dell\u2019arte (non solo musicale) moderna, con il suo approccio aperto e non convenzionale ha influenzato una interra generazione di artisti in tutto il mondo. Scomparso il 12\u00a0agosto 1992, Cage si era esibito poche settimane prima al \u2018Festival della nuova musica\u2019a Bratislava.<\/p>\n<p style=\"text-align: justify;\">Qui di seguito il <strong>programma <\/strong>del festival:<\/p>\n<p style=\"text-align: justify;\">5.9.2012 16:00 \/ Slovensk\u00e1 n\u00e1rodn\u00e1 gal\u00e9ria Bratislava \u2013 Esterh\u00e1zyho pal\u00e1c <strong>Cage \u2013 100 Years after<\/strong> <strong>VENI ensemble, studEND.doc<\/strong> Musiche di John Cage, Daniel Matej, Karlheinz Stockhausen<\/p>\n<p style=\"text-align: justify;\">5.9.2012 19:00 \/ Design Factory <strong>Cage \u2013 100 Years After<\/strong> <strong>Something for Cage \/ Milan Adamciak<\/strong> Vernissage della mostra realizzata da uno dei pochi reali seguaci in Slovacchia dell\u2019americano, Milan Adamciak.<\/p>\n<p style=\"text-align: justify;\">17.9.2012 20:00 \/ D\u00f3m sv. Martina <strong>Morimur<\/strong> <strong>The Hilliard Ensemble + Muriel Cantoreggi <\/strong>(violino) Musiche di: Johann Sebastian Bach I fenomenali cantanti britannici nella \u201cPartita in re minore per violino solo e corale\u201d del genio della musica corale barocca Johann Sebastian Bach.<\/p>\n<p style=\"text-align: justify;\">19.9.2012 19:00 \/ Koncertn\u00e1 sie\u0148 Klarisky <strong>Konvergencie 2012 \u2013 Concerto d\u2019apertura<\/strong> <strong>Quasars Ensemble<\/strong>, dir.Ivan Buffa, cello: Jozef Luptak Musiche di: Alexander Albrecht, Paul Hindemith<\/p>\n<p style=\"text-align: justify;\">19.9.2012 21:00 \/ Koncertn\u00e1 sie\u0148 Klarisky <strong>Odpovede bez ot\u00e1zok<\/strong> <strong>Igor Kar\u0161ko<\/strong> (violino solo) Musiche di: Ernest Bloch, J. S. Bach, Alfred Schnittke, Boris Blacher, G. P. Telemann<\/p>\n<p style=\"text-align: justify;\">20.9.2012 18:30 \/ Design Factory <strong>Cage Of Full Music<\/strong> <strong>Nora Skuta<\/strong> (piano solo) Musiche di: John Cage<\/p>\n<p style=\"text-align: justify;\">20.9.2012 20:00 \/ Design Factory <strong>Cello Solo<\/strong> <strong>Jozef Lupt\u00e1k<\/strong> Musiche di: Ernest Bloch, Paul Hindemith, Sofia Gubajdulina, improvvisazioni<\/p>\n<p style=\"text-align: justify;\">20.9.2012 21:00 \/ Design Factory <strong>Classic Malts<\/strong> <strong>Ronald \u0160ebesta<\/strong> (violin solo) Musiche di: Igor Stravinskij, Karlheinz Stockhausen, Giacinto Scelsi, Salvatore Sciarrino, Steve Reich<\/p>\n<p style=\"text-align: justify;\">21.9.2012 19:00 \/ Design Factory <strong>Benjamin Schmid \u2013 Con Arco<\/strong> Benjamin Schmid violino e Jozef Lupt\u00e1k violoncello Musiche di: Eug\u00e8ne Ysa\u00ffe, Max Reger, Maurice Ravel<\/p>\n<p style=\"text-align: justify;\">21.9.2012 20:30 \/ Design Factory <strong>Dr. Caligari<\/strong> (ispirato al film film tedesco muto di Robert Wiene (1920) <strong>Yuval Gotlibovich<\/strong> (viola solo) Musiche di: Georg Philipp Telemann, Gy\u00f6rgy Ligeti, Yuval Gotlibovich<\/p>\n<p style=\"text-align: justify;\">22.9.2012 19:30 \/ Design Factory: <strong>Homo Harmonicus<\/strong> <strong>Boris Lenko <\/strong>(accordeon) Musiche di: J.S. Bach, D. Scarlatti, Gy\u0151rgy Ligeti, Ladislav Kupkovi\u010d, Boris Lenko, John Zorn<\/p>\n<p style=\"text-align: justify;\">22.9.2012 21:00 \/ Design Factory <strong>Silenzio \/ Gubajdulina, Beethoven<\/strong> M.Pa\u013ea violino, M.Svetl\u00edk violino, P.Vrbin\u010d\u00edk viola, J.Lupt\u00e1k violoncello, B.Lenko accordeon Musiche di: Sofia Gubajdulina, Ludwig van Beethoven <div class=\"simplePullQuote right\"><p>Maggiori informazioni sul sito Konvergencie 2012:\u00a0<a href=\"http:\/\/konvergencie.sk\/\">http:\/\/konvergencie.sk<\/a>. Prezzi da 4, 8, 25 euro (per l&#8217;Hilliard Ensemble).<\/p>\n<\/div><\/p>\n<p style=\"text-align: justify;\">23.9.2012 15:30 \/ Design Factory <strong>John Cage: Living Room Music<\/strong> Concerto per bambini e famiglie Tom\u00e1\u0161 Boro\u0161, Ivan \u0160iller e amici<\/p>\n<p style=\"text-align: justify;\">23.9.2012 20:00 \/ Design Factory <strong>Zelen\u00e1 po\u0161ta<\/strong> (posta verde) <strong>Varga &amp; Hammel<\/strong> Mari\u00e1n Varga &amp; Pavol Hammel, Franti\u0161ek Grigl\u00e1k, Fedor Fre\u0161o, Martin Valihora <span style=\"color: #ffffff;\">&#8230;<\/span><\/p>\n","protected":false},"excerpt":{"rendered":"<p>Il Festival internazionale di musica (da camera) Konvergencie (in italiano, naturalmente, Convergenze) \u00e8 ormai parte fissa del panorama di musica \u201cseria\u201d in Slovacchia. Arrivata allla sua tredicesima stagione a Bratislava, la rassegna presenta opere musicali e artisti particolari senza porre barriere o limiti di genere o di stile, e i concerti hanno la peculiarit\u00e0 di [&hellip;]<\/p>\n","protected":false},"author":2,"featured_media":4343,"comment_status":"open","ping_status":"open","sticky":false,"template":"","format":"standard","meta":[],"categories":[3,5,1],"tags":[9,249,30,29,42,301,302,300,38,303],"aioseo_notices":[],"jetpack_featured_media_url":"https:\/\/www.turismoslovacchia.it\/wp-content\/uploads\/konvergencie.jpg","jetpack_sharing_enabled":true,"jetpack-related-posts":[{"id":8447,"url":"https:\/\/www.turismoslovacchia.it\/?p=8447","url_meta":{"origin":1409,"position":0},"title":"ll Brodsky Quartet\u00a0porta Beethoven al festival Konvergencie","date":"5 Febbraio 2018","format":false,"excerpt":"I quartetti \u201ctardi\u201d di Ludwig van Beethoven (1770 - 1827), scritti nell\u2019ultima fase della sua vita, sono un percorso affascinante nel mondo dei quartetti d'archi, che hanno tuttavia ricevuto il loro pieno riconoscimento solamente nel 20\u00b0 secolo. Una musica di assoluta libert\u00e0, musica di concentrazione, musica di potenza, contemplazione e\u2026","rel":"","context":"In &quot;Articoli&quot;","img":{"alt_text":"","src":"https:\/\/i0.wp.com\/www.turismoslovacchia.it\/wp-content\/uploads\/music-concer_pix.jpg?resize=350%2C200&ssl=1","width":350,"height":200},"classes":[]},{"id":3936,"url":"https:\/\/www.turismoslovacchia.it\/?p=3936","url_meta":{"origin":1409,"position":1},"title":"Parte oggi l\u2019Estate di Bratislava con una sfilata in piazza. In totale 250 eventi fino a settembre","date":"12 Giugno 2014","format":false,"excerpt":"Prende il via oggi 12 giugno L'estate culturale di Bratislava che, insieme al Festival del Castello propone eventi multi-genere nella capitale slovacca per i prossimi tre mesi. L\u2019evento con cui si apre ufficialmente la 39esima edizione dell\u2019Estate \u00e8 \u201cM\u00f3da v meste\u201d, Moda in citta', una sfilata di abiti delle collezioni\u2026","rel":"","context":"In &quot;Eventi&quot;","img":{"alt_text":"","src":"https:\/\/i0.wp.com\/www.turismoslovacchia.it\/wp-content\/uploads\/Bratislava-estate-eventi_flickr-10099099554.jpg?resize=350%2C200&ssl=1","width":350,"height":200},"classes":[]},{"id":8421,"url":"https:\/\/www.turismoslovacchia.it\/?p=8421","url_meta":{"origin":1409,"position":2},"title":"Febbraio 2018: gli eventi a Bratislava e dintorni","date":"28 Gennaio 2018","format":false,"excerpt":"Tra\u00a0gli eventi pi\u00f9 rilevanti del febbraio 2010 nella citt\u00e0 e regione di Bratislava\u00a0vanno ricordati la stagione dei balli che come tutti gli anni riporta in Slovacchia un po' dell'atmosfera delle serate danzanti d'epoca asburgica, l'opportunit\u00e0 di assaggiare piatti di stagione dei migliori chef slovacchi a costi accessibili, o di\u00a0godere della\u2026","rel":"","context":"In &quot;Articoli&quot;","img":{"alt_text":"","src":"https:\/\/i0.wp.com\/www.turismoslovacchia.it\/wp-content\/uploads\/music-concer_pix.jpg?resize=350%2C200&ssl=1","width":350,"height":200},"classes":[]},{"id":8257,"url":"https:\/\/www.turismoslovacchia.it\/?p=8257","url_meta":{"origin":1409,"position":3},"title":"Agosto 2017: gli eventi a Bratislava e dintorni","date":"28 Luglio 2017","format":false,"excerpt":"Segnaliamo qui gli eventi pi\u00f9 rilevanti del mese di\u00a0agosto 2017 nella citt\u00e0 e regione di Bratislava.\u00a0Tra quelli da segnalare ci sono l'estate culturale di Bratislava, che\u00a0sta continuando da giugno con le sue\u00a0centinaia di appuntamenti, e la chiusura del\u00a0festival musicale Viva Musica!, poi il Summer Party nel resort acquatico-sportivo\u00a0Divok\u00e1 voda\u00a0a \u010cunovo,\u2026","rel":"","context":"In &quot;Articoli&quot;","img":{"alt_text":"","src":"https:\/\/i0.wp.com\/www.turismoslovacchia.it\/wp-content\/uploads\/eventi_00.jpg?resize=350%2C200&ssl=1","width":350,"height":200},"classes":[]},{"id":8767,"url":"https:\/\/www.turismoslovacchia.it\/?p=8767","url_meta":{"origin":1409,"position":4},"title":"Luglio 2018: gli eventi a Bratislava e dintorni","date":"29 Giugno 2018","format":false,"excerpt":"Estate culturale di Bratislava 2018 \u2013 Bratislava giugno\u00a0\u2013 settembre\u00a02018 La rassegna\u00a0\u201cEstate culturale di Bratislava\u201d \u00e8 il pi\u00f9 grande evento estivo in Slovacchia che, nel corso dei mesi d\u2019estate propone nella capitale centinaia di appuntamenti culturali, musicali, letterari, teatrali, e attivit\u00e0 per il tempo libero\u00a0per i residenti e i tanti turisti.\u2026","rel":"","context":"In &quot;Eventi&quot;","img":{"alt_text":"","src":"https:\/\/i0.wp.com\/www.turismoslovacchia.it\/wp-content\/uploads\/bratis-eurovea-cultur-bkis.jpg?resize=350%2C200&ssl=1","width":350,"height":200},"classes":[]},{"id":9297,"url":"https:\/\/www.turismoslovacchia.it\/?p=9297","url_meta":{"origin":1409,"position":5},"title":"Melos-Ethos, il maggior festival slovacco di musica contemporanea","date":"3 Novembre 2019","format":false,"excerpt":"Il Festival biennale Melos-Ethos, che dal 1991 propone la pi\u00f9 importante rassegna di produzione musicale contemporanea slovacca, e selezionati autori stranieri prendendo spunto dalla\u00a0ricca tradizione musicale di Bratislava. Durante l'epoca comunista la musica contemporanea proveniente dall'America e dall'Europa era denigrata e agli autori slovacchi era permesso di esprimersi solo parzialmente,\u2026","rel":"","context":"In &quot;Articoli&quot;","img":{"alt_text":"","src":"https:\/\/i0.wp.com\/www.turismoslovacchia.it\/wp-content\/uploads\/melos-ethos19.jpg?resize=350%2C200&ssl=1","width":350,"height":200},"classes":[]}],"jetpack_shortlink":"https:\/\/wp.me\/p1oiY9-mJ","_links":{"self":[{"href":"https:\/\/www.turismoslovacchia.it\/index.php?rest_route=\/wp\/v2\/posts\/1409"}],"collection":[{"href":"https:\/\/www.turismoslovacchia.it\/index.php?rest_route=\/wp\/v2\/posts"}],"about":[{"href":"https:\/\/www.turismoslovacchia.it\/index.php?rest_route=\/wp\/v2\/types\/post"}],"author":[{"embeddable":true,"href":"https:\/\/www.turismoslovacchia.it\/index.php?rest_route=\/wp\/v2\/users\/2"}],"replies":[{"embeddable":true,"href":"https:\/\/www.turismoslovacchia.it\/index.php?rest_route=%2Fwp%2Fv2%2Fcomments&post=1409"}],"version-history":[{"count":0,"href":"https:\/\/www.turismoslovacchia.it\/index.php?rest_route=\/wp\/v2\/posts\/1409\/revisions"}],"wp:featuredmedia":[{"embeddable":true,"href":"https:\/\/www.turismoslovacchia.it\/index.php?rest_route=\/wp\/v2\/media\/4343"}],"wp:attachment":[{"href":"https:\/\/www.turismoslovacchia.it\/index.php?rest_route=%2Fwp%2Fv2%2Fmedia&parent=1409"}],"wp:term":[{"taxonomy":"category","embeddable":true,"href":"https:\/\/www.turismoslovacchia.it\/index.php?rest_route=%2Fwp%2Fv2%2Fcategories&post=1409"},{"taxonomy":"post_tag","embeddable":true,"href":"https:\/\/www.turismoslovacchia.it\/index.php?rest_route=%2Fwp%2Fv2%2Ftags&post=1409"}],"curies":[{"name":"wp","href":"https:\/\/api.w.org\/{rel}","templated":true}]}}