{"id":1297,"date":"2012-05-31T20:48:46","date_gmt":"2012-05-31T18:48:46","guid":{"rendered":"http:\/\/www.turismoslovacchia.it\/?p=1297"},"modified":"2015-05-15T17:24:40","modified_gmt":"2015-05-15T15:24:40","slug":"dal-26-giugno-2012-e-obbligatorio-il-passaporto-individuale-per-i-minori-che-si-recano-all%e2%80%99estero","status":"publish","type":"post","link":"https:\/\/www.turismoslovacchia.it\/?p=1297","title":{"rendered":"Dal 26 giugno 2012 \u00e8 obbligatorio il passaporto individuale per i minori che si recano all\u2019estero"},"content":{"rendered":"<p><img decoding=\"async\" loading=\"lazy\" class=\"alignnone size-full wp-image-1299\" title=\"pass\" src=\"http:\/\/www.turismoslovacchia.it\/wp-content\/uploads\/pass.jpg\" alt=\"\" width=\"520\" height=\"320\" srcset=\"https:\/\/www.turismoslovacchia.it\/wp-content\/uploads\/pass.jpg 520w, https:\/\/www.turismoslovacchia.it\/wp-content\/uploads\/pass-300x185.jpg 300w, https:\/\/www.turismoslovacchia.it\/wp-content\/uploads\/pass-400x246.jpg 400w, https:\/\/www.turismoslovacchia.it\/wp-content\/uploads\/pass-100x62.jpg 100w, https:\/\/www.turismoslovacchia.it\/wp-content\/uploads\/pass-200x123.jpg 200w, https:\/\/www.turismoslovacchia.it\/wp-content\/uploads\/pass-150x92.jpg 150w\" sizes=\"(max-width: 520px) 100vw, 520px\" \/><\/p>\n<p style=\"text-align: justify;\">Ricordiamo che dal 26 giugno prossimo i minori di 18 anni non potranno pi\u00f9 recarsi all\u2019estero se non hanno un proprio documento per l\u2019espatrio. In tutto il territorio UE entra in vigore a quella data la nuova norma che istituisce il passaporto individuale per i minori, anche se iscritti sui passaporti dei genitori precedentemente al 25 novembre 2009, di un passaporto personale o di carta d\u2019identit\u00e0 valida per l\u2019espatrio per i paesi che l\u2019accettano. Il passaporto italiano per minori avr\u00e0 validit\u00e0 di 3 anni per i bambini sotto i 3 anni di et\u00e0 e di 5 anni per i minori fino a 18 anni.\u00a0Maggiori informazioni sul sito della\u00a0<a href=\"http:\/\/poliziadistato.it\/articolo\/191\/\">Polizia italiana<\/a>.<\/p>\n<p>(Red)<\/p>\n","protected":false},"excerpt":{"rendered":"<p>Ricordiamo che dal 26 giugno prossimo i minori di 18 anni non potranno pi\u00f9 recarsi all\u2019estero se non hanno un proprio documento per l\u2019espatrio. In tutto il territorio UE entra in vigore a quella data la nuova norma che istituisce il passaporto individuale per i minori, anche se iscritti sui passaporti dei genitori precedentemente al [&hellip;]<\/p>\n","protected":false},"author":2,"featured_media":1299,"comment_status":"open","ping_status":"open","sticky":false,"template":"","format":"standard","meta":[],"categories":[3,1],"tags":[284],"aioseo_notices":[],"jetpack_featured_media_url":"https:\/\/www.turismoslovacchia.it\/wp-content\/uploads\/pass.jpg","jetpack_sharing_enabled":true,"jetpack-related-posts":[{"id":961,"url":"https:\/\/www.turismoslovacchia.it\/?p=961","url_meta":{"origin":1297,"position":0},"title":"Tragedia dello sport: Pavol Demitra e un\u2019intera squadra di hockey muoiono in incidente aereo","date":"7 Settembre 2011","format":false,"excerpt":"Un giorno triste per lo sport. Un\u2019intera squadra di hockey su ghiaccio \u00e8 rimasta uccisa ieri in un incidente aereo avvenuto poco dopo il decollo nella citt\u00e1 russa di Yaroslavl, 200 km a nord-est di Mosca. Il Lokomotiv Yaroslavl, team di serie A russo che militava nella nota Kontinental hockey\u2026","rel":"","context":"In &quot;Articoli&quot;","img":{"alt_text":"","src":"https:\/\/i0.wp.com\/www.turismoslovacchia.it\/wp-content\/uploads\/pavol-demitra.jpg?resize=350%2C200&ssl=1","width":350,"height":200},"classes":[]},{"id":1891,"url":"https:\/\/www.turismoslovacchia.it\/?p=1891","url_meta":{"origin":1297,"position":1},"title":"Ladislav \u0160kult\u00e9ty, ussaro \u2013 come servire quattro imperatori e vivere a lungo","date":"28 Maggio 2013","format":false,"excerpt":"\u00c8 rimasto a servizio dell'Impero per 80 anni, e ha visto morire ben quattro imperatori. Ladislav Skult\u00e9ty-Gabri\u0161, ussaroslovacco, \u00e8 stato il militare di carriera che ha servito pi\u00f9 a lungo il suo datore di lavoro \u2013 in tutto il mondo. Per lui \u00e8 stata coniata la definizione di \u201ceterno soldato\u2026","rel":"","context":"In &quot;Articoli&quot;","img":{"alt_text":"","src":"https:\/\/i0.wp.com\/www.turismoslovacchia.it\/wp-content\/uploads\/ladislav-skultety_ceskatelevize.jpg?resize=350%2C200&ssl=1","width":350,"height":200},"classes":[]},{"id":8129,"url":"https:\/\/www.turismoslovacchia.it\/?p=8129","url_meta":{"origin":1297,"position":2},"title":"Arriva una nuova Bratislava CARD per visitare anche la regione","date":"2 Maggio 2017","format":false,"excerpt":"\u00c8 disponibile dall\u20191 maggio 2017 la nuova carta sconto \u201cBratislava CARD city & region\u201d che consente a turisti nazionali e stranieri di ottenere sconti e vantaggi su numerosi servizi e attivit\u00e0 sull\u2019intero territorio regionale. La nuova iniziativa, che amplia le potenzialit\u00e0 della Bratislava city card a dieci anni dal suo\u2026","rel":"","context":"In &quot;Articoli&quot;","img":{"alt_text":"","src":"https:\/\/i0.wp.com\/www.turismoslovacchia.it\/wp-content\/uploads\/bratislavacard-turis_BSK.jpg?resize=350%2C200&ssl=1","width":350,"height":200},"classes":[]},{"id":3599,"url":"https:\/\/www.turismoslovacchia.it\/?p=3599","url_meta":{"origin":1297,"position":3},"title":"Un Cammino di Santiago con itinerario Kosice-Levoca. Sar\u00e0 il pi\u00f9 ad est d\u2019Europa","date":"5 Aprile 2014","format":false,"excerpt":"Alla fine di marzo sono stati presentati in Slovacchia, Repubblica Ceca e Austria tre nuovi \u201cCammini di Santiago\" (San Giacomo) per l\u2019anno 2014, con un calendario di eventi per il 2014 e si \u00e8 fatto il punto sulla cooperazione transfrontaliera in opera. I tre itinerari principali sono Ko\u0161ice-Levo\u010da nella Slovacchia\u2026","rel":"","context":"In &quot;Articoli&quot;","img":{"alt_text":"","src":"https:\/\/i0.wp.com\/www.turismoslovacchia.it\/wp-content\/uploads\/camminosantiago_jakubska-e1396799106504.jpg?resize=350%2C200&ssl=1","width":350,"height":200},"classes":[]},{"id":1359,"url":"https:\/\/www.turismoslovacchia.it\/?p=1359","url_meta":{"origin":1297,"position":4},"title":"Karol Kallay, il pi\u00f9 noto fotografo slovacco amava l&#8217;Italia","date":"6 Agosto 2012","format":false,"excerpt":"Karol Kallay, il pi\u00f9 significativo e internazionale fotografo slovacco, \u00e8 morto a 86 anni sabato 2 agosto. Nato a Cadca (regione di Zilina) il 26 aprile 1926, Karol Kallay fece studi in economia e legge, laureandosi nel 1948, ma intraprese nonostante questo la carriera di fotografo professionista. Quando aveva 14\u2026","rel":"","context":"In &quot;Articoli&quot;","img":{"alt_text":"","src":"https:\/\/i0.wp.com\/www.turismoslovacchia.it\/wp-content\/uploads\/Karol-Kallay.jpg?resize=350%2C200&ssl=1","width":350,"height":200},"classes":[]},{"id":3956,"url":"https:\/\/www.turismoslovacchia.it\/?p=3956","url_meta":{"origin":1297,"position":5},"title":"Bratislava, nel week-end la cerimonia di incoronazione di Giuseppe I d\u2019Asburgo","date":"20 Giugno 2014","format":false,"excerpt":"Per un week-end Bratislava ritorna capitale di un regno, quello ungherese, che l\u2019ha resa uno dei luoghi preminenti dell\u2019Impero Asburgico. Nel mondo ci sono pochissimi luoghi che hanno avuto l\u2019onore di ospitare l\u2019incoronazione di re e regine. Uno di questi, accanto a Reims (per i re di Francia), Praga (per\u2026","rel":"","context":"In &quot;Articoli&quot;","img":{"alt_text":"","src":"https:\/\/i0.wp.com\/www.turismoslovacchia.it\/wp-content\/uploads\/incoronaz-pressburg_facebook._korunovacne.slavnosti.jpg?resize=350%2C200&ssl=1","width":350,"height":200},"classes":[]}],"jetpack_shortlink":"https:\/\/wp.me\/p1oiY9-kV","_links":{"self":[{"href":"https:\/\/www.turismoslovacchia.it\/index.php?rest_route=\/wp\/v2\/posts\/1297"}],"collection":[{"href":"https:\/\/www.turismoslovacchia.it\/index.php?rest_route=\/wp\/v2\/posts"}],"about":[{"href":"https:\/\/www.turismoslovacchia.it\/index.php?rest_route=\/wp\/v2\/types\/post"}],"author":[{"embeddable":true,"href":"https:\/\/www.turismoslovacchia.it\/index.php?rest_route=\/wp\/v2\/users\/2"}],"replies":[{"embeddable":true,"href":"https:\/\/www.turismoslovacchia.it\/index.php?rest_route=%2Fwp%2Fv2%2Fcomments&post=1297"}],"version-history":[{"count":0,"href":"https:\/\/www.turismoslovacchia.it\/index.php?rest_route=\/wp\/v2\/posts\/1297\/revisions"}],"wp:featuredmedia":[{"embeddable":true,"href":"https:\/\/www.turismoslovacchia.it\/index.php?rest_route=\/wp\/v2\/media\/1299"}],"wp:attachment":[{"href":"https:\/\/www.turismoslovacchia.it\/index.php?rest_route=%2Fwp%2Fv2%2Fmedia&parent=1297"}],"wp:term":[{"taxonomy":"category","embeddable":true,"href":"https:\/\/www.turismoslovacchia.it\/index.php?rest_route=%2Fwp%2Fv2%2Fcategories&post=1297"},{"taxonomy":"post_tag","embeddable":true,"href":"https:\/\/www.turismoslovacchia.it\/index.php?rest_route=%2Fwp%2Fv2%2Ftags&post=1297"}],"curies":[{"name":"wp","href":"https:\/\/api.w.org\/{rel}","templated":true}]}}