{"id":1265,"date":"2011-12-22T07:19:56","date_gmt":"2011-12-22T06:19:56","guid":{"rendered":"http:\/\/www.turismoslovacchia.it\/?p=1265"},"modified":"2015-05-15T17:26:23","modified_gmt":"2015-05-15T15:26:23","slug":"danubiana-sara-museo-nazionale-slovacco-di-arte-moderna","status":"publish","type":"post","link":"https:\/\/www.turismoslovacchia.it\/?p=1265","title":{"rendered":"Danubiana sar\u00e0 Museo Nazionale slovacco di Arte Moderna"},"content":{"rendered":"<p style=\"text-align: justify;\"><img decoding=\"async\" loading=\"lazy\" class=\"alignnone size-full wp-image-1266\" title=\"galleria Danubiana (szutyanyi-jani@panoramio)\" src=\"http:\/\/www.turismoslovacchia.it\/wp-content\/uploads\/galleria-Danubiana-szutyanyi-jani@panoramio.jpg\" alt=\"\" width=\"520\" height=\"320\" srcset=\"https:\/\/www.turismoslovacchia.it\/wp-content\/uploads\/galleria-Danubiana-szutyanyi-jani@panoramio.jpg 520w, https:\/\/www.turismoslovacchia.it\/wp-content\/uploads\/galleria-Danubiana-szutyanyi-jani@panoramio-300x185.jpg 300w, https:\/\/www.turismoslovacchia.it\/wp-content\/uploads\/galleria-Danubiana-szutyanyi-jani@panoramio-400x246.jpg 400w, https:\/\/www.turismoslovacchia.it\/wp-content\/uploads\/galleria-Danubiana-szutyanyi-jani@panoramio-100x62.jpg 100w, https:\/\/www.turismoslovacchia.it\/wp-content\/uploads\/galleria-Danubiana-szutyanyi-jani@panoramio-200x123.jpg 200w, https:\/\/www.turismoslovacchia.it\/wp-content\/uploads\/galleria-Danubiana-szutyanyi-jani@panoramio-150x92.jpg 150w\" sizes=\"(max-width: 520px) 100vw, 520px\" \/><\/p>\n<p style=\"text-align: justify;\">La Slovacchia, ha detto luned\u00ec il  Ministro della Cultura Daniel Krajcer, avra&#8217; il suo Museo Nazionale di  Arte Moderna entro il 2014. L\u2019idea sara&#8217; realizzata con l\u2019ampliamento del  Museo d\u2019Arte Moderna Danubiana di Cunovo, nei pressi di Bratislava, ha  informato il Ministro nel corso di una conferenza stampa. La nuova  istituzione dovrebbe diventare sede di mostre d\u2019arte e installazioni,  una biblioteca e un centro di documentazione.\u00a0Il progetto sar\u00e0 supervisionato da  Danubiana-Centro Slovacco di Arte visuale, un\u2019associazione civica non  profit che sar\u00e0 finanziata dal Museo Danubiana e dal Ministero della  Cultura, il quale ha stanziato 7 milioni di euro per la sua  realizzazione, a carico del bilancio statale. Danubiana era ultimamente  in gravi difficolt\u00e0 finanziarie, e nonostante un piano importante di  ampliamento, i suoi fondatori (la famiglia olandese Meulensteen) non  erano pi\u00f9 in grado di sostenerne il costo da soli. Se non fosse  intervenuto lo Stato, probabilmente il museo non sarebbe sopravvissuto.\u00a0\u00abAbbiamo concordato con la gestione  privata di Danubiana che eseguiremo l\u2019allargamento del Museo insieme\u00bb,  ha detto Krajcer, spiegando che secondo l\u2019accordo, i due partner  gestiranno in maniera congiunta la nuova struttura per i prossimi 20  anni, dopo di che Danubiana diverr\u00e0 interamente propriet\u00e0 dello Stato,  incluse tutte le opere d\u2019arte acquisite.<\/p>\n<p style=\"text-align: justify;\">L\u2019attuale direttore di Danubiana,  Vincent Polakovic, che ide\u00f2 la struttura e il progetto originario sar\u00e0  anche il primo direttore del nuovo museo in conduzione congiunta.  L\u2019appalto per i lavori di costruzione dell\u2019ampliamento dell\u2019edificio  dovrebbe essere lanciato il prossimo anno e \u00abse tutto va bene, i lavori  dovrebbe essere completati entro la fine del 2013\u00bb, ha detto Polakovic,  aggiungendo che il nuovo Museo Nazionale di Arte Moderna dovrebbe aprire  nel 2014. Secondo il progetto, presentato gi\u00e0 da tempo, la nuova  estensione dovrebbe lasciare intatto l\u2019edificio esistente, andando ad  erigere su una delle rive della penisola un lungo complesso a un piano  che si congiunger\u00e0 con l\u2019ingresso dal parcheggio, con un tetto  calpestabile organizzato a parco, riproducendo quello che\u00a0 gi\u00e0 esiste  ora con sculture di artisti internazionali. E dovrebbe dare la  possibilit\u00e0 di ampliare notevolmente la superficie disponibile per la  mostra permanente dell\u2019arte contemporanea del Paese. I galleristi  slovacchi e gli artisti hanno spesso considerato Danubiana uno spazio  espositivo meraviglioso in una posizione incredibile, che per\u00f2 \u00e8 stato  dedicato in particolare alla presentazione di artisti delle vecchie  generazioni, affermati, ma che non rispecchiano quello che succede nel  campo artistico dell\u2019oggi. Con l\u2019espansione si dovrebbero dunque poter  coprire anche le ultime istanze dell\u2019arte del XXI secolo.<\/p>\n<p style=\"text-align: justify;\"><img decoding=\"async\" loading=\"lazy\" class=\"alignnone size-full wp-image-1267\" title=\"danubiana (foto_pierremm@flickr)\" src=\"http:\/\/www.turismoslovacchia.it\/wp-content\/uploads\/danubiana-foto_pierremm@flickr.jpg\" alt=\"\" width=\"520\" height=\"320\" srcset=\"https:\/\/www.turismoslovacchia.it\/wp-content\/uploads\/danubiana-foto_pierremm@flickr.jpg 520w, https:\/\/www.turismoslovacchia.it\/wp-content\/uploads\/danubiana-foto_pierremm@flickr-300x185.jpg 300w, https:\/\/www.turismoslovacchia.it\/wp-content\/uploads\/danubiana-foto_pierremm@flickr-400x246.jpg 400w, https:\/\/www.turismoslovacchia.it\/wp-content\/uploads\/danubiana-foto_pierremm@flickr-100x62.jpg 100w, https:\/\/www.turismoslovacchia.it\/wp-content\/uploads\/danubiana-foto_pierremm@flickr-200x123.jpg 200w, https:\/\/www.turismoslovacchia.it\/wp-content\/uploads\/danubiana-foto_pierremm@flickr-150x92.jpg 150w\" sizes=\"(max-width: 520px) 100vw, 520px\" \/><\/p>\n<p style=\"text-align: justify;\">La galleria Danubiana Meulensteen Art  Museum \u00e8 nata il 9 settembre 2000 alla cima di una stretta e lunga  penisola nel Danubio, dove il maggior fiume dell\u2019Europa centrale si  allarga, a est di Bratislava, nel bacino di Gabcikovo, ad appena un  chilometro dal confine ungherese e quattro da quello austriaco. La sua  nascita \u00e8 dovuta alla forte volont\u00e0 di un gallerista d\u2019arte, Vincent  Polakovic, che convinse un noto collezionista, appassionato d\u2019arte e  moderno mecenate, Gerard H. Meulensteen (che sar\u00e0 anche il primo  presidente del consiglio direttivo della nuova associazione), a  inverstirvi sforzi e finanze. La struttura che venne edificata sulla  penisola, che sorge come una nave dall\u2019acqua circostante, insieme al  parco\/passeggiata dove fanno bella mostra di s\u00e9 sculture di grandi nomi  dell\u2019arte del Novecento, fecero subito di Danubiana una singolare a  innovativa istituzione nel campo della promozione artistica a livello  regionale, data la sua posizione chiave tra Slovacchia, Austria e  Ungheria e grazie alla programmazione ben calibrata di artisti slovacchi  e stranieri, alcuni molto noti internazionalmente, come Sam Francis,  Pierre Alechinsky o Karel Appel, ma anche di mostre collettive  affascinanti dedicate a particolari paesi (Russia, Ungheria, Repubblica  Ceca, Sud Africa, Austria, Olanda), dando una visione attuale dei  movimenti artistici in atto nei rispettivi ambiti.<\/p>\n<p style=\"text-align: justify;\">Nel primo decennio di vita Danubiana \u00e8  stata visitata da circa 250.000 visitatori, slovacchi e internazionali,  il che \u00e8 probabilmente sotto le aspettative di un progetto di tale  importanza. L\u2019espansione, che dovrebbe portare il museo a raddoppiare la  sua attuale dimensione, e la nuova gestione comune con il pubblico, si  spera possano portare ad una migliore promozione delle sue attivit\u00e0,  portando il numero di visitatori intorno ai 40.000 all\u2019anno. La galleria  \u00e8 stata visitata nel corso degli anni da alcune personalit\u00e0 come i  regnanti di Spagna Juan Carlos e Sofia, la regina di Norvegia Sonja, la  regina d\u2019Olanda Beatrice, Catherine Deneuve o Zbigniew Brzezinski.<\/p>\n<p style=\"text-align: justify;\">(Pierluigi Solieri)<\/p>\n","protected":false},"excerpt":{"rendered":"<p>La Slovacchia, ha detto luned\u00ec il Ministro della Cultura Daniel Krajcer, avra&#8217; il suo Museo Nazionale di Arte Moderna entro il 2014. L\u2019idea sara&#8217; realizzata con l\u2019ampliamento del Museo d\u2019Arte Moderna Danubiana di Cunovo, nei pressi di Bratislava, ha informato il Ministro nel corso di una conferenza stampa. La nuova istituzione dovrebbe diventare sede di [&hellip;]<\/p>\n","protected":false},"author":2,"featured_media":1266,"comment_status":"open","ping_status":"open","sticky":false,"template":"","format":"standard","meta":[],"categories":[3,1],"tags":[190,9,275,44,174],"aioseo_notices":[],"jetpack_featured_media_url":"https:\/\/www.turismoslovacchia.it\/wp-content\/uploads\/galleria-Danubiana-szutyanyi-jani@panoramio.jpg","jetpack_sharing_enabled":true,"jetpack-related-posts":[{"id":11127,"url":"https:\/\/www.turismoslovacchia.it\/?p=11127","url_meta":{"origin":1265,"position":0},"title":"Danubiana, un Museo d&#8217;Arte contemporanea alla confluenza di tre paesi","date":"15 Dicembre 2023","format":false,"excerpt":"Mai nome fu scelto meglio. Parlo di un museo all\u2019aperto di arte contemporanea allestito su una delle tante isole che il Danubio crea nel suo lungo percorso. Qui siamo a 25 km da Bratislava, in direzione Budapest, nel punto in cui il fiume si allarga formando lunghe isole e depositi\u2026","rel":"","context":"In &quot;Articoli&quot;","img":{"alt_text":"","src":"https:\/\/i0.wp.com\/www.turismoslovacchia.it\/wp-content\/uploads\/danubian@marcopasquali.jpg?resize=350%2C200&ssl=1","width":350,"height":200},"classes":[]},{"id":8717,"url":"https:\/\/www.turismoslovacchia.it\/?p=8717","url_meta":{"origin":1265,"position":1},"title":"Mostre: alla galleria Danubiana una scelta di &#8220;cavalli di razza&#8221; slovacchi","date":"5 Dicembre 2018","format":false,"excerpt":"La galleria Danubiana Meulensteen, inaugurata meno di venti anni fa su una penisola che si estende al centro del Danubio a una manciata di chilometri da Bratislava, un sito talmente spettacolare da meritare la visita solo per la vista che offre, ha aperto nei giorni scorsi alcune mostre che accompagneranno\u2026","rel":"","context":"In &quot;Articoli&quot;","img":{"alt_text":"","src":"https:\/\/i0.wp.com\/www.turismoslovacchia.it\/wp-content\/uploads\/danubiana_vb.jpg?resize=350%2C200&ssl=1","width":350,"height":200},"classes":[]},{"id":6046,"url":"https:\/\/www.turismoslovacchia.it\/?p=6046","url_meta":{"origin":1265,"position":2},"title":"Novembre, a Bratislava \u00e8 il Mese della Fotografia","date":"5 Novembre 2015","format":false,"excerpt":"Si stanno tenendo in questi giorni le numerose inaugurazioni del festival di fotografia Mesiac Fotografie 2015, che come tutti gli anni invade nel mese di novembre la capitale slovacca con mostre, workshops, conferenze ed eventi collaterali. La venticinquesima edizione della manifestazione, porta nuovi nomi, e nuove location grazie a una\u2026","rel":"","context":"In &quot;Articoli&quot;","img":{"alt_text":"","src":"https:\/\/i0.wp.com\/www.turismoslovacchia.it\/wp-content\/uploads\/mesefotog15.jpg?resize=350%2C200&ssl=1","width":350,"height":200},"classes":[]},{"id":1057,"url":"https:\/\/www.turismoslovacchia.it\/?p=1057","url_meta":{"origin":1265,"position":3},"title":"In mostra a Bratislava l\u2019architettura visionaria e futuribile di Jan Kaplicky","date":"24 Ottobre 2011","format":false,"excerpt":"Jan Kaplicky, praghese, ma residente a Londra negli ultimi quarant\u2019anni della sua vita, era un architetto\/artista visionario, catapultato nella nostra era da una non ben precisata eta' del futuro. O semplicemente da un altro pianeta. Morto settantunenne nel gennaio 2009, ha lasciato alcuni degli edifici della Gran Bretagna pi\u00f9 moderni\u2026","rel":"","context":"In &quot;Eventi&quot;","img":{"alt_text":"","src":"https:\/\/i0.wp.com\/www.turismoslovacchia.it\/wp-content\/uploads\/kaplicky_selfridges.jpg?resize=350%2C200&ssl=1","width":350,"height":200},"classes":[]},{"id":8784,"url":"https:\/\/www.turismoslovacchia.it\/?p=8784","url_meta":{"origin":1265,"position":4},"title":"Vota per Bratislava quale &#8220;Miglior destinazione europea 2019&#8221;","date":"25 Gennaio 2019","format":false,"excerpt":"Bratislava \u00e8 stata nominata tra le 20 destinazioni turistiche favorite del 2019 e si \u00e8 stata recentemente classificata terza tra le citt\u00e0 pi\u00f9 verdi del mondo, per i suoi parchi e le foreste che la circondano. Ora la capitale della Slovacchia concorre per vincere il titolo di \"Migliore destinazione europea\u2026","rel":"","context":"In &quot;Articoli&quot;","img":{"alt_text":"","src":"https:\/\/i0.wp.com\/www.turismoslovacchia.it\/wp-content\/uploads\/bratisl-pano_FB-BratislavaRegionTourism.jpg?resize=350%2C200&ssl=1","width":350,"height":200},"classes":[]},{"id":7301,"url":"https:\/\/www.turismoslovacchia.it\/?p=7301","url_meta":{"origin":1265,"position":5},"title":"Il 2017 anno di grandi restauri monumentali in Slovacchia","date":"17 Gennaio 2017","format":false,"excerpt":"Il ministero della Cultura slovacco ha disposto per il 2017 l'inizio o l'avanzamento del restauro di alcuni dei pi\u00f9 importanti musei e monumenti del paese con lo scopo di incentivare ancora di pi\u00f9 il turismo dopo un anno record per il settore dei viaggi e vacanze in Slovacchia. Quest\u2019anno il\u2026","rel":"","context":"In &quot;Articoli&quot;","img":{"alt_text":"","src":"https:\/\/i0.wp.com\/www.turismoslovacchia.it\/wp-content\/uploads\/KrasnaHorka-castel_speedygroundhog_CC-BY-NC.jpg?resize=350%2C200&ssl=1","width":350,"height":200},"classes":[]}],"jetpack_shortlink":"https:\/\/wp.me\/p1oiY9-kp","_links":{"self":[{"href":"https:\/\/www.turismoslovacchia.it\/index.php?rest_route=\/wp\/v2\/posts\/1265"}],"collection":[{"href":"https:\/\/www.turismoslovacchia.it\/index.php?rest_route=\/wp\/v2\/posts"}],"about":[{"href":"https:\/\/www.turismoslovacchia.it\/index.php?rest_route=\/wp\/v2\/types\/post"}],"author":[{"embeddable":true,"href":"https:\/\/www.turismoslovacchia.it\/index.php?rest_route=\/wp\/v2\/users\/2"}],"replies":[{"embeddable":true,"href":"https:\/\/www.turismoslovacchia.it\/index.php?rest_route=%2Fwp%2Fv2%2Fcomments&post=1265"}],"version-history":[{"count":0,"href":"https:\/\/www.turismoslovacchia.it\/index.php?rest_route=\/wp\/v2\/posts\/1265\/revisions"}],"wp:featuredmedia":[{"embeddable":true,"href":"https:\/\/www.turismoslovacchia.it\/index.php?rest_route=\/wp\/v2\/media\/1266"}],"wp:attachment":[{"href":"https:\/\/www.turismoslovacchia.it\/index.php?rest_route=%2Fwp%2Fv2%2Fmedia&parent=1265"}],"wp:term":[{"taxonomy":"category","embeddable":true,"href":"https:\/\/www.turismoslovacchia.it\/index.php?rest_route=%2Fwp%2Fv2%2Fcategories&post=1265"},{"taxonomy":"post_tag","embeddable":true,"href":"https:\/\/www.turismoslovacchia.it\/index.php?rest_route=%2Fwp%2Fv2%2Ftags&post=1265"}],"curies":[{"name":"wp","href":"https:\/\/api.w.org\/{rel}","templated":true}]}}