{"id":1254,"date":"2012-04-18T14:11:15","date_gmt":"2012-04-18T12:11:15","guid":{"rendered":"http:\/\/www.turismoslovacchia.it\/?p=1254"},"modified":"2015-05-15T17:24:20","modified_gmt":"2015-05-15T15:24:20","slug":"al-via-la-settimana-di-andersen-che-a-bratislava-scrisse-la-piccola-fiammiferaia","status":"publish","type":"post","link":"https:\/\/www.turismoslovacchia.it\/?p=1254","title":{"rendered":"Al via la settimana di Andersen, che a Bratislava scrisse la piccola fiammiferaia"},"content":{"rendered":"<p style=\"text-align: justify;\"><img decoding=\"async\" loading=\"lazy\" class=\"alignnone size-full wp-image-1255\" title=\"statua di Andersen a Bratislava\" src=\"http:\/\/www.turismoslovacchia.it\/wp-content\/uploads\/statua-di-Andersen-a-Bratislava.jpg\" alt=\"\" width=\"520\" height=\"320\" srcset=\"https:\/\/www.turismoslovacchia.it\/wp-content\/uploads\/statua-di-Andersen-a-Bratislava.jpg 520w, https:\/\/www.turismoslovacchia.it\/wp-content\/uploads\/statua-di-Andersen-a-Bratislava-300x185.jpg 300w, https:\/\/www.turismoslovacchia.it\/wp-content\/uploads\/statua-di-Andersen-a-Bratislava-400x246.jpg 400w, https:\/\/www.turismoslovacchia.it\/wp-content\/uploads\/statua-di-Andersen-a-Bratislava-100x62.jpg 100w, https:\/\/www.turismoslovacchia.it\/wp-content\/uploads\/statua-di-Andersen-a-Bratislava-200x123.jpg 200w, https:\/\/www.turismoslovacchia.it\/wp-content\/uploads\/statua-di-Andersen-a-Bratislava-150x92.jpg 150w\" sizes=\"(max-width: 520px) 100vw, 520px\" \/><\/p>\n<p style=\"text-align: justify;\">L\u2019Ambasciata della Danimarca a  Bratislava ha dato ieri l\u2019avvio ufficiale alla Hans Christian Andersen  Week, progetto congiunto con Bibiana, l\u2019istituzione culturale delle arti  per l\u2019infanzia di Bratislava. L\u2019inaugurazione ha avuto luogo presso la  statua del noto autore di fiabe che si trova nella capitale slovacca  sulla piazza Hviezdoslav con l\u2019ambasciatore danese Anita Hugau. L\u2019evento si svolge nel corso della  presidenza UE della Danimarca, con l\u2019obiettivo di presentare la cultura  danese nell\u2019intera Unione Europea. Il progetto, naturalmente,\u00a0\u00e8 rivolto  in particolare ai bambini \u2013 da qui il titolo scherzoso Dinom Danom, che \u00e8  un allusione a una canzone popolare slovacca con lo stesso nome, con varie attivit\u00e0 che si svolgeranno all\u2019interno della Settimana di Andersen che si protrarr\u00e0 fino al 22 aprile.<\/p>\n<p style=\"text-align: justify;\">Andersen, appassionato viaggiatore del  19\u00b0 secolo, visit\u00f2 la capitale slovacca nel 1841 e gli piacque molto.  Quando qualcuno gli chiese se avrebbe scritto qualcosa sulla citt\u00e0, lui  disse che non era necessario, perch\u00e9 la citt\u00e0 era essa stessa una  \u201cfavola\u201d. Nel suo diario, citato sul blog di Nancy e Eric Anderson,  scrisse di aver incontrato a Bratislava i bambini pi\u00f9 belli, e \u00abuna  bambina con un grande mazzo di fiori che mi sorrise, pur essendo io un  completo estraneo. All\u2019improvviso si ferm\u00f2, prese una rosa dal suo  bouquet e me la diede facendo un inchino\u2026 poi gir\u00f2 la testa e  scomparve\u00bb.<\/p>\n<p style=\"text-align: justify;\">Nel suo soggiorno, Andersen fu molto  incuriosito da una fiaba dipinta sulle pareti di una casa di Bratislava.  Poco dopo, assistette a un incendio che colp\u00ec il villaggio di Devin.  Pare che in questo modo sia nata la favola\u00a0\u201cLa piccola fiammiferaia\u201d.<\/p>\n<p style=\"text-align: justify;\">(La Redazione)<\/p>\n","protected":false},"excerpt":{"rendered":"<p>L\u2019Ambasciata della Danimarca a Bratislava ha dato ieri l\u2019avvio ufficiale alla Hans Christian Andersen Week, progetto congiunto con Bibiana, l\u2019istituzione culturale delle arti per l\u2019infanzia di Bratislava. L\u2019inaugurazione ha avuto luogo presso la statua del noto autore di fiabe che si trova nella capitale slovacca sulla piazza Hviezdoslav con l\u2019ambasciatore danese Anita Hugau. L\u2019evento si [&hellip;]<\/p>\n","protected":false},"author":2,"featured_media":1255,"comment_status":"open","ping_status":"open","sticky":false,"template":"","format":"standard","meta":[],"categories":[3,1],"tags":[9,286,285,287],"aioseo_notices":[],"jetpack_featured_media_url":"https:\/\/www.turismoslovacchia.it\/wp-content\/uploads\/statua-di-Andersen-a-Bratislava.jpg","jetpack_sharing_enabled":true,"jetpack-related-posts":[{"id":9056,"url":"https:\/\/www.turismoslovacchia.it\/?p=9056","url_meta":{"origin":1254,"position":0},"title":"Le statue di Bratislava: Hans Christian Andersen","date":"10 Agosto 2019","format":false,"excerpt":"In piazza Hviezdoslav c'\u00e8 la statua di Hans Christian Andersen, l'autore danese\u00a0di celeberrime favole, che ha\u00a0un cappello in mano, una lumaca ai piedi e sulla spalla un piccolo bambino con in testa un cappello a cilindro. Andersen \u00e8 attorniato\u00a0da diversi dei suoi\u00a0personaggi (tra i quali il soldatino di piombo o\u2026","rel":"","context":"In &quot;Articoli&quot;","img":{"alt_text":"","src":"https:\/\/i0.wp.com\/www.turismoslovacchia.it\/wp-content\/uploads\/bratis-statua-andersen_KGruber.jpg?resize=350%2C200&ssl=1","width":350,"height":200},"classes":[]},{"id":8557,"url":"https:\/\/www.turismoslovacchia.it\/?p=8557","url_meta":{"origin":1254,"position":1},"title":"C&#8217;\u00e8 un nuovo parco pubblico nella Citt\u00e0 Vecchia di Bratislava","date":"13 Settembre 2018","format":false,"excerpt":"Dopo diversi cambiamenti, il progetto di riqualificazione di una vasta area dismessa ha permesso la creazione di una nuova area verde nel centro storico della capitale slovacca.\u00a0Il Parco Landerer, situato vicino \u0160af\u00e1rikovo N\u00e1mestie tra le vie Gajova, Al\u017ebet\u00ednska e Dobrovicova, prende il nome dal principe, stampatore ed editore J\u00e1n Michal\u2026","rel":"","context":"In &quot;Articoli&quot;","img":{"alt_text":"","src":"https:\/\/i0.wp.com\/www.turismoslovacchia.it\/wp-content\/uploads\/bratis-parco-landerer_fb.jpg?resize=350%2C200&ssl=1","width":350,"height":200},"classes":[]},{"id":2792,"url":"https:\/\/www.turismoslovacchia.it\/?p=2792","url_meta":{"origin":1254,"position":2},"title":"Foto del giorno: Von Wong a Bratislava con il balletto del Teatro nazionale","date":"8 Ottobre 2013","format":false,"excerpt":"Durante la primavera dello scorso anno \u00e8 sceso a Bratislava il fotografo Benjamin Von Wong per un progetto fotografico realizzato con il corpo di ballo del Teatro Nazionale Slovacco. Nel corso del suo tour europeo (\u201cVon Wong does Europe\u201d), il noto fotografo ha scattato immagini di scorci storici e caratteristici\u2026","rel":"","context":"In &quot;Articoli&quot;","img":{"alt_text":"","src":"https:\/\/i0.wp.com\/www.turismoslovacchia.it\/wp-content\/uploads\/vonwong.jpg?resize=350%2C200&ssl=1","width":350,"height":200},"classes":[]},{"id":6848,"url":"https:\/\/www.turismoslovacchia.it\/?p=6848","url_meta":{"origin":1254,"position":3},"title":"Mese della Fotografia 2016, a Bratislava anche i grandi maestri italiani","date":"3 Novembre 2016","format":false,"excerpt":"Dal 4 novembre a Bratislava parte la rassegna internazionale annuale Mese della Fotografia (Mesiac fotografie) con numerose mostre\u00a0che inonderanno la capitale slovacca di immagini e\u00a0autori di alto profilo, slovacchi e internazionali. Alla sua 26esima\u00a0edizione\u00a0la rassegna presenta anche il terzo volume\u00a0della \u201cStoria della fotografia europea del XX secolo\u201d, un lavoro di\u2026","rel":"","context":"In &quot;Articoli&quot;","img":{"alt_text":"","src":"https:\/\/i0.wp.com\/www.turismoslovacchia.it\/wp-content\/uploads\/mesiacfotogr2016_poster.jpg?resize=350%2C200&ssl=1","width":350,"height":200},"classes":[]},{"id":3583,"url":"https:\/\/www.turismoslovacchia.it\/?p=3583","url_meta":{"origin":1254,"position":4},"title":"Aeroporto Bratislava: via all\u2019orario estivo con 12 collegamenti di linea con l&#8217;Italia","date":"25 Marzo 2014","format":false,"excerpt":"\u00a0 Entra in vigore domenica 30 marzo 2014 il calendario dei voli estivi dall\u2019aeroporto M.R.Stefanik di Bratislava, che prevede fino al 26 ottobre prossimo di raggiungere la Slovacchia con collegamenti di linea da 4 destinazioni italiane, tutti della compagnia aerea low-cost Ryanair. In totale sono 19 le destinazioni di linea,\u2026","rel":"","context":"In &quot;Articoli&quot;","img":{"alt_text":"","src":"https:\/\/i0.wp.com\/www.turismoslovacchia.it\/wp-content\/uploads\/voli-collegamenti.jpg?resize=350%2C200&ssl=1","width":350,"height":200},"classes":[]},{"id":6110,"url":"https:\/\/www.turismoslovacchia.it\/?p=6110","url_meta":{"origin":1254,"position":5},"title":"Gran gala italiano a Bratislava, si festeggia l&#8217;attivit\u00e0 del liceo Saru","date":"25 Febbraio 2016","format":false,"excerpt":"Si \u00a0tenuto a Bratislava il 20 febbraio 2016 il GALA ITALIA, grande festa italiana, raffinata\u00a0ed elegante, che ha festeggiato il 25\u00b0 anniversario della creazione della sezione bilingue del Gymnazium ulica Ladislava Saru di Bratislava, unico liceo pubblico con una tale vocazione in Slovacchia.\u00a0Davanti a una platea di istituzioni italiane e\u2026","rel":"","context":"In &quot;Articoli&quot;","img":{"alt_text":"","src":"https:\/\/i0.wp.com\/www.turismoslovacchia.it\/wp-content\/uploads\/gala001.jpg?resize=350%2C200&ssl=1","width":350,"height":200},"classes":[]}],"jetpack_shortlink":"https:\/\/wp.me\/p1oiY9-ke","_links":{"self":[{"href":"https:\/\/www.turismoslovacchia.it\/index.php?rest_route=\/wp\/v2\/posts\/1254"}],"collection":[{"href":"https:\/\/www.turismoslovacchia.it\/index.php?rest_route=\/wp\/v2\/posts"}],"about":[{"href":"https:\/\/www.turismoslovacchia.it\/index.php?rest_route=\/wp\/v2\/types\/post"}],"author":[{"embeddable":true,"href":"https:\/\/www.turismoslovacchia.it\/index.php?rest_route=\/wp\/v2\/users\/2"}],"replies":[{"embeddable":true,"href":"https:\/\/www.turismoslovacchia.it\/index.php?rest_route=%2Fwp%2Fv2%2Fcomments&post=1254"}],"version-history":[{"count":0,"href":"https:\/\/www.turismoslovacchia.it\/index.php?rest_route=\/wp\/v2\/posts\/1254\/revisions"}],"wp:featuredmedia":[{"embeddable":true,"href":"https:\/\/www.turismoslovacchia.it\/index.php?rest_route=\/wp\/v2\/media\/1255"}],"wp:attachment":[{"href":"https:\/\/www.turismoslovacchia.it\/index.php?rest_route=%2Fwp%2Fv2%2Fmedia&parent=1254"}],"wp:term":[{"taxonomy":"category","embeddable":true,"href":"https:\/\/www.turismoslovacchia.it\/index.php?rest_route=%2Fwp%2Fv2%2Fcategories&post=1254"},{"taxonomy":"post_tag","embeddable":true,"href":"https:\/\/www.turismoslovacchia.it\/index.php?rest_route=%2Fwp%2Fv2%2Ftags&post=1254"}],"curies":[{"name":"wp","href":"https:\/\/api.w.org\/{rel}","templated":true}]}}