{"id":1245,"date":"2011-09-22T12:00:53","date_gmt":"2011-09-22T10:00:53","guid":{"rendered":"http:\/\/www.turismoslovacchia.it\/?p=1245"},"modified":"2015-05-15T17:25:27","modified_gmt":"2015-05-15T15:25:27","slug":"la-galleria-civica-di-bratislava-compie-50-anni-e-celebra-le-sue-collezioni","status":"publish","type":"post","link":"https:\/\/www.turismoslovacchia.it\/?p=1245","title":{"rendered":"La Galleria Civica di Bratislava compie 50 anni e celebra le sue collezioni"},"content":{"rendered":"<p style=\"text-align: justify;\"><img decoding=\"async\" loading=\"lazy\" class=\"alignnone size-full wp-image-1248\" title=\"Palazzo Palffy, GBM Bratislava\" src=\"http:\/\/www.turismoslovacchia.it\/wp-content\/uploads\/Palazzo-Palffy-GBM-Bratislava.jpg\" alt=\"\" width=\"520\" height=\"320\" srcset=\"https:\/\/www.turismoslovacchia.it\/wp-content\/uploads\/Palazzo-Palffy-GBM-Bratislava.jpg 520w, https:\/\/www.turismoslovacchia.it\/wp-content\/uploads\/Palazzo-Palffy-GBM-Bratislava-300x185.jpg 300w, https:\/\/www.turismoslovacchia.it\/wp-content\/uploads\/Palazzo-Palffy-GBM-Bratislava-400x246.jpg 400w, https:\/\/www.turismoslovacchia.it\/wp-content\/uploads\/Palazzo-Palffy-GBM-Bratislava-100x62.jpg 100w, https:\/\/www.turismoslovacchia.it\/wp-content\/uploads\/Palazzo-Palffy-GBM-Bratislava-200x123.jpg 200w, https:\/\/www.turismoslovacchia.it\/wp-content\/uploads\/Palazzo-Palffy-GBM-Bratislava-150x92.jpg 150w\" sizes=\"(max-width: 520px) 100vw, 520px\" \/><\/p>\n<p style=\"text-align: justify;\">Nella cornice dei festeggiamenti dei cinquant\u2019anni di attivit\u00e1 della Galleria Civica di Bratislava, viene aperta oggi una mostra celebrativa collettiva, collettiva anche dal punto di vista curatoriale poich\u00e9 coinvolge tutte le forze interne dell\u2019istituto. Si tratta di una mostra storica e riepilogativa dello sviluppo dell\u2019istituzione museale che oggi rappresenta uno dei nodi focali dell\u2019arte e cultura nella capitale della Slovacchia. La mostra \u201cda camera\u201d intitolata \u201c50. v\u00fdro\u010die zalo\u017eenia GMB\u201d ripercorre in breve per i visitatori i 50 anni della Galeria Mesta Bratislava, presentando le singole collezioni permanenti, i lavori del team di restauro e materiale fotografico documentario delle varie tappe dello sviluppo dell\u2019istituzione. Da vedere le 57 opere e quasi altrettante immagini.<\/p>\n<p style=\"text-align: justify;\">Attiva in due sedi storiche, prestigiose e centralissime, Palazzo Pallfy su via Panska e Palazzo Mirbach affacciato sulla deliziosa piazza dei Francescani (Frantiskanske Namestie), la galleria contribuisce notevolmente alla vita culturale della citt\u00e0. Protegge, raccoglie, conserva, educa all\u2019arte e alla sua diffusione. Conserva nelle sale delle due sedi la seconda pi\u00f9 grande collezione d\u2019arte in Slovacchia (la prima \u00e8 detenuta dal Museo Nazionale Slovacco). In breve, se Palazzo Mirbach \u00e8 pi\u00f9 concentrato sulla mostra permanente di arte barocca dell\u2019Europa centrale, Palazzo Palffy presenta invece l\u2019arte gotica, fino a sculture e dipinti del XIX\u00b0 secolo e una panoramica dell\u2019arte slovacca del XX\u00b0 secolo, che prosegue nella contemporaneit\u00e0 con le molte e interessanti mostre temporanee di artisti anche viventi.<\/p>\n<p style=\"text-align: justify;\"><img decoding=\"async\" loading=\"lazy\" class=\"alignnone size-full wp-image-1247\" title=\"Palazzo Mirbach, GBM Bratislava\" src=\"http:\/\/www.turismoslovacchia.it\/wp-content\/uploads\/Palazzo-Mirbach-GBM-Bratislava.jpg\" alt=\"\" width=\"520\" height=\"320\" srcset=\"https:\/\/www.turismoslovacchia.it\/wp-content\/uploads\/Palazzo-Mirbach-GBM-Bratislava.jpg 520w, https:\/\/www.turismoslovacchia.it\/wp-content\/uploads\/Palazzo-Mirbach-GBM-Bratislava-300x185.jpg 300w, https:\/\/www.turismoslovacchia.it\/wp-content\/uploads\/Palazzo-Mirbach-GBM-Bratislava-400x246.jpg 400w, https:\/\/www.turismoslovacchia.it\/wp-content\/uploads\/Palazzo-Mirbach-GBM-Bratislava-100x62.jpg 100w, https:\/\/www.turismoslovacchia.it\/wp-content\/uploads\/Palazzo-Mirbach-GBM-Bratislava-200x123.jpg 200w, https:\/\/www.turismoslovacchia.it\/wp-content\/uploads\/Palazzo-Mirbach-GBM-Bratislava-150x92.jpg 150w\" sizes=\"(max-width: 520px) 100vw, 520px\" \/><\/p>\n<p style=\"text-align: justify;\">In una intervista di qualche mese fa, il direttore della galleria Ivan Jancar ha detto che \u00abdurante i 50 anni della sua esistenza, la Galleria Civica di Bratislava ha acquisito quasi 34.000 opere d\u2019arte\u00bb. \u00abLa galleria ha organizzato gi\u00e0 1.300 mostre di arte slovacca e internazionale antica, moderna e contemporanea, e ha portato l\u2019arte slovacca e, naturalmente, ha rappresentato la citt\u00e0 di Bratislava in numerose mostre in importanti musei e gallerie in tutto il mondo\u00bb, ha sottolineato Jancar.<\/p>\n<p style=\"text-align: justify;\">Una delle opere della galleria che pi\u00f9 sono piaciute in questi anni \u00e8 \u201cPassage\u201d di Matej Kren (creata nel 2006 come installazione temporanea, ma poi rimasta a furor di popolo \u2013 e di direttore), una fantastica installazione composta da 15.000 volumi (slovacchi e stranieri, libri di letteratura e manuali tecnici) che creano uno stretto corridoio dove gli specchi rendono una (quasi) perfetta illusione di spazio infinito e di precipizio. Passare attraverso \u201cPassage\u201d \u00e8 un\u2019esperienza straordinaria che \u00e8 consigliabile a tutti, tranne naturalmente a chi soffre di vertigini.<\/p>\n<p style=\"text-align: justify;\">(Fonte buongiornoslovacchia.sk)<\/p>\n","protected":false},"excerpt":{"rendered":"<p>Nella cornice dei festeggiamenti dei cinquant\u2019anni di attivit\u00e1 della Galleria Civica di Bratislava, viene aperta oggi una mostra celebrativa collettiva, collettiva anche dal punto di vista curatoriale poich\u00e9 coinvolge tutte le forze interne dell\u2019istituto. Si tratta di una mostra storica e riepilogativa dello sviluppo dell\u2019istituzione museale che oggi rappresenta uno dei nodi focali dell\u2019arte e [&hellip;]<\/p>\n","protected":false},"author":2,"featured_media":1247,"comment_status":"open","ping_status":"open","sticky":false,"template":"","format":"standard","meta":[],"categories":[3,1],"tags":[190,139,9,30,189,44,174],"aioseo_notices":[],"jetpack_featured_media_url":"https:\/\/www.turismoslovacchia.it\/wp-content\/uploads\/Palazzo-Mirbach-GBM-Bratislava.jpg","jetpack_sharing_enabled":true,"jetpack-related-posts":[{"id":1235,"url":"https:\/\/www.turismoslovacchia.it\/?p=1235","url_meta":{"origin":1245,"position":0},"title":"Visitabile ancora nel weekend a Bratislava l\u2019omaggio a Picasso della GMB","date":"4 Maggio 2012","format":false,"excerpt":"Rimane ancora solo questo fine settimana per vedere la mostra \u201cPocta Picassovi\u201d presso la Galleria Civica di Bratislava (GMB). Dopo il successo della mostra di stampe di Pablo Picasso dell\u2019autunno scorso, questa rassegna, realizzata insieme alla GVU di Ostrava (Rep.Ceca), presenta le migliori opere del cubismo ceco, dei rappresentanti spagnoli\u2026","rel":"","context":"In &quot;Articoli&quot;","img":{"alt_text":"","src":"https:\/\/i0.wp.com\/www.turismoslovacchia.it\/wp-content\/uploads\/picasso-alla-GMB-Bratislava.jpg?resize=350%2C200&ssl=1","width":350,"height":200},"classes":[]},{"id":2824,"url":"https:\/\/www.turismoslovacchia.it\/?p=2824","url_meta":{"origin":1245,"position":1},"title":"Ave Maria \u2013 l\u2019iconografia mariana nelle collezioni GMB","date":"10 Ottobre 2013","format":false,"excerpt":"La grande mostra \u201cAve Maria \u2013 Iconografia mariana\u201d allestita presso la Galleria Civica di Bratislava (GMB-Galeria Mesta Bratislavy) espone oltre quattrocento opere su questo tema tra quelle presenti nelle collezioni di arte antica della galleria, suddivise per autore, provenienza e tipologia di opere tra dipinti, statuaria e diversi oggetti. Molti\u2026","rel":"","context":"In &quot;Articoli&quot;","img":{"alt_text":"","src":"https:\/\/i0.wp.com\/www.turismoslovacchia.it\/wp-content\/uploads\/maria-mostra-gmb.jpg?resize=350%2C200&ssl=1","width":350,"height":200},"classes":[]},{"id":1473,"url":"https:\/\/www.turismoslovacchia.it\/?p=1473","url_meta":{"origin":1245,"position":2},"title":"GMB Bratislava: mostra di Robert Bielik","date":"19 Settembre 2012","format":false,"excerpt":"Apre gioved\u00ec presso la Galleria Civica a Bratislava una mostra del pittore slovacco Robert Bielik, curata dal ditettore della galleria, Ivan Jan\u010d\u00e1r. Il controverso artista Robert Bielik ha, nella generazione artistica contemporanea slovacca, un posto solitario. Dopo un difficile inizio artistico, e un'esistenza frustrata per mancanza di interesse per il\u2026","rel":"","context":"In &quot;Eventi&quot;","img":{"alt_text":"","src":"https:\/\/i0.wp.com\/www.turismoslovacchia.it\/wp-content\/uploads\/Robert-Bielik-foto_GMB.jpg?resize=350%2C200&ssl=1","width":350,"height":200},"classes":[]},{"id":1092,"url":"https:\/\/www.turismoslovacchia.it\/?p=1092","url_meta":{"origin":1245,"position":3},"title":"La fotografia come ogni novembre invade Bratislava","date":"12 Novembre 2011","format":false,"excerpt":"La 21\u00b0 edizione del Mese della Fotografia di Bratislava mette insieme diversi generi, fotografi e paesi per un totale di 26 mostre, che sono state aperte all'inizio del mese e sono sparse in tutta la citta' dalle grandi alle piccole gallerie. Parte del circuito sono anche la Galleria Nazionale Slovacca\u2026","rel":"","context":"In &quot;Articoli&quot;","img":{"alt_text":"","src":"https:\/\/i0.wp.com\/www.turismoslovacchia.it\/wp-content\/uploads\/mesiacfotografie-JanSaudek_ps03.jpg?resize=350%2C200&ssl=1","width":350,"height":200},"classes":[]},{"id":5837,"url":"https:\/\/www.turismoslovacchia.it\/?p=5837","url_meta":{"origin":1245,"position":4},"title":"La Bratislava imperiale","date":"18 Settembre 2015","format":false,"excerpt":"Ci sono almeno due mostre in questi giorni nella capitale slovacca che fanno immergere il visitatore nella ovattata e allo stesso tempo scintillante epoca imperiale dei secoli scorsi. Due mostre molto diverse, e per questo abbinabili per farsi una idea di cosa era la vita delle famiglie aristocratiche e borghesi\u2026","rel":"","context":"In &quot;Articoli&quot;","img":{"alt_text":"","src":"https:\/\/i0.wp.com\/www.turismoslovacchia.it\/wp-content\/uploads\/biedermaier-SNG-bratislava_sng.sk_.jpg?resize=350%2C200&ssl=1","width":350,"height":200},"classes":[]},{"id":982,"url":"https:\/\/www.turismoslovacchia.it\/?p=982","url_meta":{"origin":1245,"position":5},"title":"A Bratislava le coloratissime provocazioni di LaChapelle","date":"13 Settembre 2011","format":false,"excerpt":"Arriva a Bratislava uno dei fotografi contemporanei pi\u00f9 irriverenti della scena glamour mondiale. Una mostra con 30 suoi lavori dal meglio dell\u2019ultimo decennio \u00e8 in allestimento alla Galleria Civica di Bratislava (Galeria Mesta Bratislavy \/ GMB) e aprir\u00e1 i battenti domani. Il quarantottenne americano David LaChapelle, una carriera sfavillante tra\u2026","rel":"","context":"In &quot;Articoli&quot;","img":{"alt_text":"","src":"https:\/\/i0.wp.com\/www.turismoslovacchia.it\/wp-content\/uploads\/david-lachapelle.jpg?resize=350%2C200&ssl=1","width":350,"height":200},"classes":[]}],"jetpack_shortlink":"https:\/\/wp.me\/p1oiY9-k5","_links":{"self":[{"href":"https:\/\/www.turismoslovacchia.it\/index.php?rest_route=\/wp\/v2\/posts\/1245"}],"collection":[{"href":"https:\/\/www.turismoslovacchia.it\/index.php?rest_route=\/wp\/v2\/posts"}],"about":[{"href":"https:\/\/www.turismoslovacchia.it\/index.php?rest_route=\/wp\/v2\/types\/post"}],"author":[{"embeddable":true,"href":"https:\/\/www.turismoslovacchia.it\/index.php?rest_route=\/wp\/v2\/users\/2"}],"replies":[{"embeddable":true,"href":"https:\/\/www.turismoslovacchia.it\/index.php?rest_route=%2Fwp%2Fv2%2Fcomments&post=1245"}],"version-history":[{"count":0,"href":"https:\/\/www.turismoslovacchia.it\/index.php?rest_route=\/wp\/v2\/posts\/1245\/revisions"}],"wp:featuredmedia":[{"embeddable":true,"href":"https:\/\/www.turismoslovacchia.it\/index.php?rest_route=\/wp\/v2\/media\/1247"}],"wp:attachment":[{"href":"https:\/\/www.turismoslovacchia.it\/index.php?rest_route=%2Fwp%2Fv2%2Fmedia&parent=1245"}],"wp:term":[{"taxonomy":"category","embeddable":true,"href":"https:\/\/www.turismoslovacchia.it\/index.php?rest_route=%2Fwp%2Fv2%2Fcategories&post=1245"},{"taxonomy":"post_tag","embeddable":true,"href":"https:\/\/www.turismoslovacchia.it\/index.php?rest_route=%2Fwp%2Fv2%2Ftags&post=1245"}],"curies":[{"name":"wp","href":"https:\/\/api.w.org\/{rel}","templated":true}]}}