{"id":1238,"date":"2012-05-03T18:01:35","date_gmt":"2012-05-03T16:01:35","guid":{"rendered":"http:\/\/www.turismoslovacchia.it\/?p=1238"},"modified":"2015-05-15T17:24:00","modified_gmt":"2015-05-15T15:24:00","slug":"ritrovamenti-archeologici-slovacchi-di-bojna-saranno-in-mostra-ai-musei-vaticani","status":"publish","type":"post","link":"https:\/\/www.turismoslovacchia.it\/?p=1238","title":{"rendered":"Ritrovamenti archeologici slovacchi di Bojna saranno in mostra ai Musei Vaticani"},"content":{"rendered":"<p style=\"text-align: justify;\"><img decoding=\"async\" loading=\"lazy\" class=\"alignnone size-full wp-image-1241\" title=\"cirillo e metodio\" src=\"http:\/\/www.turismoslovacchia.it\/wp-content\/uploads\/cirillo-e-metodio.jpg\" alt=\"\" width=\"520\" height=\"320\" srcset=\"https:\/\/www.turismoslovacchia.it\/wp-content\/uploads\/cirillo-e-metodio.jpg 520w, https:\/\/www.turismoslovacchia.it\/wp-content\/uploads\/cirillo-e-metodio-300x185.jpg 300w, https:\/\/www.turismoslovacchia.it\/wp-content\/uploads\/cirillo-e-metodio-400x246.jpg 400w, https:\/\/www.turismoslovacchia.it\/wp-content\/uploads\/cirillo-e-metodio-100x62.jpg 100w, https:\/\/www.turismoslovacchia.it\/wp-content\/uploads\/cirillo-e-metodio-200x123.jpg 200w, https:\/\/www.turismoslovacchia.it\/wp-content\/uploads\/cirillo-e-metodio-150x92.jpg 150w\" sizes=\"(max-width: 520px) 100vw, 520px\" \/><\/p>\n<p style=\"text-align: justify;\">I Musei Vaticani stanno progettando di  realizzare una mostra con i ritrovamenti archeologici slavi provenienti  dalla Slovacchia, un\u2019idea \u00abnata l\u2019anno scorso dopo l\u2019incontro tra il  nostro Ambasciatore presso la Santa Sede, Jozef Dravecky, i  rappresentanti del Ministero della Cultura della Repubblica Slovacca e  il direttore dei Musei Vaticani Antonio Paolucci\u00bb, ha spiegato Matej  Ruttkay dell\u2019Istituto archeologico di Nitra, sottolineando che i  ritrovamenti di Bojna costituiscono \u00abun\u2019importante prova dell\u2019inizio del  cristianesimo in Europa\u00bb.<\/p>\n<p style=\"text-align: justify;\">Secondo l\u2019agenzia di informazioni Sita,  la mostra dovrebbe svolgersi nelle Stanze di Raffaello in Vaticano nel  2013, anno del 1150\u00b0 anniversario dell\u2019arrivo dei Santi Cirillo e  Metodio nella regione della Grande Moravia. I visitatori avranno  l\u2019opportunit\u00e0 di vedere antiche placchette e campane risalenti al IX  secolo, oggetti di uso comune decorati con croci e preziosi documenti  storici. \u00abLo scenario della mostra \u00e8 gi\u00e0 stato delineato e inviato alle  autorit\u00e0 dei Musei Vaticani. Quest\u2019anno ci occuperemo di studi  architettonici e stiamo ora aspettando l\u2019approvazione finale della  mostra\u00bb, ha spiegato Matej Ruttkay.<\/p>\n<p style=\"text-align: justify;\">\n<p style=\"text-align: justify;\">(Fonte Sir Europa)<\/p>\n","protected":false},"excerpt":{"rendered":"<p>I Musei Vaticani stanno progettando di realizzare una mostra con i ritrovamenti archeologici slavi provenienti dalla Slovacchia, un\u2019idea \u00abnata l\u2019anno scorso dopo l\u2019incontro tra il nostro Ambasciatore presso la Santa Sede, Jozef Dravecky, i rappresentanti del Ministero della Cultura della Repubblica Slovacca e il direttore dei Musei Vaticani Antonio Paolucci\u00bb, ha spiegato Matej Ruttkay dell\u2019Istituto [&hellip;]<\/p>\n","protected":false},"author":2,"featured_media":1241,"comment_status":"open","ping_status":"open","sticky":false,"template":"","format":"standard","meta":[],"categories":[3,1],"tags":[269,44,174,270],"aioseo_notices":[],"jetpack_featured_media_url":"https:\/\/www.turismoslovacchia.it\/wp-content\/uploads\/cirillo-e-metodio.jpg","jetpack_sharing_enabled":true,"jetpack-related-posts":[{"id":2852,"url":"https:\/\/www.turismoslovacchia.it\/?p=2852","url_meta":{"origin":1238,"position":0},"title":"Vaticano: apre domani mostra archeologica sulle origini del cristianesimo in Slovacchia","date":"11 Novembre 2013","format":false,"excerpt":"Ai Musei Vaticani a Roma viene inaugurata domani 12 novembre la mostra sulle origini del cristianesimo in Slovacchia e sulla missione dei santi Cirillo e Metodio nella Grande Moravia. La mostra \u00e8 stata preparata dal Museo Nazionale Slovacco insieme all\u2019Istituto Archeologico dell\u2019Accademia Slovacca delle Scienze (SAV) in collaborazione con l\u2019Ambasciata\u2026","rel":"","context":"In &quot;Eventi&quot;","img":{"alt_text":"","src":"https:\/\/i0.wp.com\/www.turismoslovacchia.it\/wp-content\/uploads\/evangelario-nitra_fonte_ukrizovananekonecnalaskamilujemta.sk_.jpg?resize=350%2C200&ssl=1","width":350,"height":200},"classes":[]},{"id":4491,"url":"https:\/\/www.turismoslovacchia.it\/?p=4491","url_meta":{"origin":1238,"position":1},"title":"Bratislava, weekend di porte aperte. Appuntamenti culturali e non nella capitale","date":"24 Aprile 2015","format":false,"excerpt":"Da oggi e per tutto il weekend si terranno a Bratislava decine di eventi nell\u2019ambito della manifestazione \u201cBratislava pre v\u0161etk\u00fdch\u201d (Bratislava per tutti) per la conoscenza della citt\u00e0 e dei suoi cittadini, con visita libera delle istituzioni della capitale, anche di quelle normalmente inaccessibili. Tra i diversi eventi in programma\u2026","rel":"","context":"In &quot;Eventi&quot;","img":{"alt_text":"","src":"https:\/\/i0.wp.com\/www.turismoslovacchia.it\/wp-content\/uploads\/bratislava_event_bkis.sk_.jpg?resize=350%2C200&ssl=1","width":350,"height":200},"classes":[]},{"id":1802,"url":"https:\/\/www.turismoslovacchia.it\/?p=1802","url_meta":{"origin":1238,"position":2},"title":"A Devin nel week-end si celebrano Cirillo e Metodio","date":"26 Aprile 2013","format":false,"excerpt":"Tra gli appuntamenti del calendario dell\u2019Anno di Cirillo e Metodio segnaliamo quello di questo fine settimana a Devin (alla periferia di Bratislava). Il 27 e 28 aprile, organizzato da Matica Slovenska, si tiene una celebrazione a memoria dei due santi \u2013 quest\u2019anno in occasione del 1150\u00b0 anniversario dal loro arrivo\u2026","rel":"","context":"In &quot;Eventi&quot;","img":{"alt_text":"","src":"https:\/\/i0.wp.com\/www.turismoslovacchia.it\/wp-content\/uploads\/Cirillo-e-Metodio-Devin-foto-region-bsk.sk_.jpg?resize=350%2C200&ssl=1","width":350,"height":200},"classes":[]},{"id":2759,"url":"https:\/\/www.turismoslovacchia.it\/?p=2759","url_meta":{"origin":1238,"position":3},"title":"A Bratislava fino a gennaio una mostra di rare e antiche icone russe","date":"30 Agosto 2013","format":false,"excerpt":"Organizzata dal Museo delle Icone Russe di Mosca con il Museo Nazionale Slovacco (SNM) e il Ministero della Cultura della Slovacchia, ha aperto mercoled\u00ec presso il Castello di Bratislava una mostra di icone russe antiche alla cui cerimonia di inaugurazione ha partecipato il Presidente della Duma (la Camera bassa) della\u2026","rel":"","context":"In &quot;Eventi&quot;","img":{"alt_text":"","src":"https:\/\/i0.wp.com\/www.turismoslovacchia.it\/wp-content\/uploads\/icone-russe.jpg?resize=350%2C200&ssl=1","width":350,"height":200},"classes":[]},{"id":3903,"url":"https:\/\/www.turismoslovacchia.it\/?p=3903","url_meta":{"origin":1238,"position":4},"title":"Milano 27 maggio: Cirillo e Metodio, il film tv sulle origini del cristianesimo slovacco e ceco","date":"23 Maggio 2014","format":false,"excerpt":"Marted\u00ec 27 maggio presso il Cinema Palestrina a Milano viene presentato \u2013 in visione unica \u2013 il film televisivo \u201cCirillo e Metodio \u2013 Gli Apostoli degli Slavi\u201d, del regista ceco Petr Nikolaev. La doppia proiezione delle prime due puntate della serie TV si tiene marted\u00ec 27 maggio alle 16:30 ed\u2026","rel":"","context":"In &quot;Eventi&quot;","img":{"alt_text":"","src":"https:\/\/i0.wp.com\/www.turismoslovacchia.it\/wp-content\/uploads\/2010\/10\/Eventi-in-Slovacchia.jpg?resize=350%2C200&ssl=1","width":350,"height":200},"classes":[]},{"id":6743,"url":"https:\/\/www.turismoslovacchia.it\/?p=6743","url_meta":{"origin":1238,"position":5},"title":"Le mostre slovacche in Italia","date":"27 Ottobre 2016","format":false,"excerpt":"Sono in corso, e in qualche caso stanno per chiudere in diverse zone d\u2019Italia, alcune mostre di arte, storia ed archeologia provenienti dalla Slovacchia. Tra opere di arte contemporanea, arte storicizzata del \u2018900, manufatti e arte gotica soprattutto della Slovacchia orientale e una grande mostra di archeologia e ritrovamenti celti,\u2026","rel":"","context":"In &quot;Articoli&quot;","img":{"alt_text":"","src":"https:\/\/i0.wp.com\/www.turismoslovacchia.it\/wp-content\/uploads\/artegotica2016-quirinale-Compianto-PavolLevoca.jpg?resize=350%2C200&ssl=1","width":350,"height":200},"classes":[]}],"jetpack_shortlink":"https:\/\/wp.me\/p1oiY9-jY","_links":{"self":[{"href":"https:\/\/www.turismoslovacchia.it\/index.php?rest_route=\/wp\/v2\/posts\/1238"}],"collection":[{"href":"https:\/\/www.turismoslovacchia.it\/index.php?rest_route=\/wp\/v2\/posts"}],"about":[{"href":"https:\/\/www.turismoslovacchia.it\/index.php?rest_route=\/wp\/v2\/types\/post"}],"author":[{"embeddable":true,"href":"https:\/\/www.turismoslovacchia.it\/index.php?rest_route=\/wp\/v2\/users\/2"}],"replies":[{"embeddable":true,"href":"https:\/\/www.turismoslovacchia.it\/index.php?rest_route=%2Fwp%2Fv2%2Fcomments&post=1238"}],"version-history":[{"count":0,"href":"https:\/\/www.turismoslovacchia.it\/index.php?rest_route=\/wp\/v2\/posts\/1238\/revisions"}],"wp:featuredmedia":[{"embeddable":true,"href":"https:\/\/www.turismoslovacchia.it\/index.php?rest_route=\/wp\/v2\/media\/1241"}],"wp:attachment":[{"href":"https:\/\/www.turismoslovacchia.it\/index.php?rest_route=%2Fwp%2Fv2%2Fmedia&parent=1238"}],"wp:term":[{"taxonomy":"category","embeddable":true,"href":"https:\/\/www.turismoslovacchia.it\/index.php?rest_route=%2Fwp%2Fv2%2Fcategories&post=1238"},{"taxonomy":"post_tag","embeddable":true,"href":"https:\/\/www.turismoslovacchia.it\/index.php?rest_route=%2Fwp%2Fv2%2Ftags&post=1238"}],"curies":[{"name":"wp","href":"https:\/\/api.w.org\/{rel}","templated":true}]}}