{"id":1190,"date":"2012-01-23T19:07:44","date_gmt":"2012-01-23T18:07:44","guid":{"rendered":"http:\/\/www.turismoslovacchia.it\/?p=1190"},"modified":"2015-05-15T17:23:44","modified_gmt":"2015-05-15T15:23:44","slug":"riapre-dopo-i-restauri-la-filarmonica-di-bratislava-con-la-nona-di-beethoven","status":"publish","type":"post","link":"https:\/\/www.turismoslovacchia.it\/?p=1190","title":{"rendered":"Riapre dopo i restauri la Filarmonica di Bratislava con la Nona di Beethoven"},"content":{"rendered":"<p style=\"text-align: justify;\"><img decoding=\"async\" loading=\"lazy\" class=\"alignnone size-full wp-image-1192\" title=\"Reduta_SlovenskaFilharmonia\" src=\"http:\/\/www.turismoslovacchia.it\/wp-content\/uploads\/Reduta_SlovenskaFilharmonia.jpg\" alt=\"\" width=\"520\" height=\"320\" srcset=\"https:\/\/www.turismoslovacchia.it\/wp-content\/uploads\/Reduta_SlovenskaFilharmonia.jpg 520w, https:\/\/www.turismoslovacchia.it\/wp-content\/uploads\/Reduta_SlovenskaFilharmonia-300x185.jpg 300w, https:\/\/www.turismoslovacchia.it\/wp-content\/uploads\/Reduta_SlovenskaFilharmonia-400x246.jpg 400w, https:\/\/www.turismoslovacchia.it\/wp-content\/uploads\/Reduta_SlovenskaFilharmonia-100x62.jpg 100w, https:\/\/www.turismoslovacchia.it\/wp-content\/uploads\/Reduta_SlovenskaFilharmonia-200x123.jpg 200w, https:\/\/www.turismoslovacchia.it\/wp-content\/uploads\/Reduta_SlovenskaFilharmonia-150x92.jpg 150w\" sizes=\"(max-width: 520px) 100vw, 520px\" \/><\/p>\n<p style=\"text-align: justify;\">Dopo oltre due anni di chiusura per un profondo restauro, riapre questa settimana a Bratislava lo storico edificio di Reduta, sede dell\u2019Orchestra Filarmonica Slovacca (Slovenska Filharmonia). Nato come granaio in stile tardo barocco a fine Settecento, l\u2019edificio che si affaccia su una delle maggiori e pi\u00f9 centrali piazze della capitale slovacca (Hviezdoslavovo Namestie) \u00e8 stato ricostruito a inizio Novecento per renderlo utile alla sua nuova funzione di splendido palazzo della cultura cittadina.<\/p>\n<p style=\"text-align: justify;\">Acquistato dal Comune nel 1901, fu rifatto su progetto degli architetti D. Jakab and P. Komor di Budapest in uno stile eclettico che \u00e8 un mix di rococ\u00f2, neo-barocco e art-nouveau, e inizi\u00f2 le sue attivit\u00e0 dopo la fine della prima guerra mondiale. Sede di una sala concerti da 700 posti, di spettacoli di variet\u00e0, cinema e ristoranti, divenne negli anni \u201920 un luogo molto frequentato, specialmente per le \u201cserate\u201d danzanti, pi\u00f9 note allora come \u201cil t\u00e8 delle 5\u201d. Ancora oggi al pianterreno dell\u2019edificio, nella parte che guarda verso piazza Stur e il Danubio, \u00e8 attivo un caff\u00e8 e ristorante che porta lo stesso nome di Reduta, e che viene spesso utilizzato per ricevimenti, come per esempio il banchetto cerimoniale offerto dal Presidente della Repubblica Ivan Gasparovic alla Regina Elisabetta quando venne in visita ufficiale in Slovacchia nel 2008.<\/p>\n<p style=\"text-align: justify;\"><img decoding=\"async\" loading=\"lazy\" class=\"alignnone size-full wp-image-1198\" title=\"Reduta-Bratislava\" src=\"http:\/\/www.turismoslovacchia.it\/wp-content\/uploads\/Reduta-Bratislava.jpg\" alt=\"\" width=\"520\" height=\"320\" srcset=\"https:\/\/www.turismoslovacchia.it\/wp-content\/uploads\/Reduta-Bratislava.jpg 520w, https:\/\/www.turismoslovacchia.it\/wp-content\/uploads\/Reduta-Bratislava-300x185.jpg 300w, https:\/\/www.turismoslovacchia.it\/wp-content\/uploads\/Reduta-Bratislava-400x246.jpg 400w, https:\/\/www.turismoslovacchia.it\/wp-content\/uploads\/Reduta-Bratislava-100x62.jpg 100w, https:\/\/www.turismoslovacchia.it\/wp-content\/uploads\/Reduta-Bratislava-200x123.jpg 200w, https:\/\/www.turismoslovacchia.it\/wp-content\/uploads\/Reduta-Bratislava-150x92.jpg 150w\" sizes=\"(max-width: 520px) 100vw, 520px\" \/><\/p>\n<p style=\"text-align: justify;\">\n<p style=\"text-align: justify;\">I lavori di rifacimento di Reduta, che non veniva toccata da tempo, oltre a preservare l\u2019esistente struttura storica e la sua facciata che ne fanno l\u2019affascinante oggetto architettonico che vediamo oggi, hanno anche migliorato la sua funzionalit\u00e0, aumentando gli spazi interni a disposizione, installando un nuovo grande organo nella sala concerti principale, coprendo la corte interna per usarla per eventi culturali, e soprattutto migliorandone l\u2019acustica, che oggi, a sentire il direttore generale Marian Lapsansky, \u00e8 \u00abtra le migliori in Europa centrale\u00bb. \u00a0Il programma di restauro, costato circa trenta milioni di euro, voleva avvicinarsi il pi\u00f9 possibile al progetto originale del 1910 (mai completato per mancanza di fondi), per esempio con l\u2019utilizzo della foglia d\u2019oro per la doratura degli interni (oltre 12 mila metri quadrati di stucchi dorati, 2.500 all\u2019aperto), mentre al tempo per risparmiare si utilizz\u00f2 polvere di bronzo.<\/p>\n<p style=\"text-align: justify;\"><img decoding=\"async\" loading=\"lazy\" class=\"alignnone size-full wp-image-1194\" title=\"Reduta_SlovenskaFilharmonia2\" src=\"http:\/\/www.turismoslovacchia.it\/wp-content\/uploads\/Reduta_SlovenskaFilharmonia2.jpg\" alt=\"\" width=\"520\" height=\"320\" srcset=\"https:\/\/www.turismoslovacchia.it\/wp-content\/uploads\/Reduta_SlovenskaFilharmonia2.jpg 520w, https:\/\/www.turismoslovacchia.it\/wp-content\/uploads\/Reduta_SlovenskaFilharmonia2-300x185.jpg 300w, https:\/\/www.turismoslovacchia.it\/wp-content\/uploads\/Reduta_SlovenskaFilharmonia2-400x246.jpg 400w, https:\/\/www.turismoslovacchia.it\/wp-content\/uploads\/Reduta_SlovenskaFilharmonia2-100x62.jpg 100w, https:\/\/www.turismoslovacchia.it\/wp-content\/uploads\/Reduta_SlovenskaFilharmonia2-200x123.jpg 200w, https:\/\/www.turismoslovacchia.it\/wp-content\/uploads\/Reduta_SlovenskaFilharmonia2-150x92.jpg 150w\" sizes=\"(max-width: 520px) 100vw, 520px\" \/><\/p>\n<p style=\"text-align: justify;\">Affacciato &#8211; anche se un po\u2019 nascosto &#8211; sulla grande piazza che enumera una serie di altri edifici prestigiosi della Bratislava d\u2019oro di inizio secolo come il Teatro Nazionale o l\u2019Hotel Carlton, ora Reduta torna ad essere la casa dell\u2019Orchestra Filarmonica Slovacca, che celebra il suo ritorno con un concerto speciale in diretta tv. Il 26 e 27 gennaio, la Filarmonica eseguir\u00e0, col suo direttore principale Emmanuel Villaume, la Nona Sinfonia di Beethoven, in un evento atteso da tempo da melomani e amanti della buona musica.<\/p>\n<p style=\"text-align: justify;\">\n<p style=\"text-align: justify;\">Tra gli appuntamenti musicali di questi giorni, poi, ricordiamo che si potr\u00e0 gustare il 27 gennaio anche di due matin\u00e9e (pratica ormai praticamente del tutto in disuso nei nostri teatri italiani), con l\u2019Orchestra da Camera Bohdan Warchal in due esecuzioni davvero mattiniere (alle 9:30 e alle 11:30) di selezioni tratte da Le Quattro Stagioni di Antonio Vivaldi frammischiate a brani dell\u2019opera Le Quattro Stagioni a Buenos Aires (per violino e orchestra d\u2019archi) di Astor Piazzolla e Leonid Desiatnikov. Questi concerti si terranno ancora nella sala principale del contiguo Teatro Nazionale, ma a regime anche quest\u2019orchestra si trasferir\u00e0 armi e bagagli nella sede rinnovata.<\/p>\n<p style=\"text-align: justify;\"><img decoding=\"async\" loading=\"lazy\" class=\"alignnone size-full wp-image-1195\" title=\"Filharmonia (foto_stv-sk)\" src=\"http:\/\/www.turismoslovacchia.it\/wp-content\/uploads\/Filharmonia-foto_stv-sk.jpg\" alt=\"\" width=\"520\" height=\"320\" srcset=\"https:\/\/www.turismoslovacchia.it\/wp-content\/uploads\/Filharmonia-foto_stv-sk.jpg 520w, https:\/\/www.turismoslovacchia.it\/wp-content\/uploads\/Filharmonia-foto_stv-sk-300x185.jpg 300w, https:\/\/www.turismoslovacchia.it\/wp-content\/uploads\/Filharmonia-foto_stv-sk-400x246.jpg 400w, https:\/\/www.turismoslovacchia.it\/wp-content\/uploads\/Filharmonia-foto_stv-sk-100x62.jpg 100w, https:\/\/www.turismoslovacchia.it\/wp-content\/uploads\/Filharmonia-foto_stv-sk-200x123.jpg 200w, https:\/\/www.turismoslovacchia.it\/wp-content\/uploads\/Filharmonia-foto_stv-sk-150x92.jpg 150w\" sizes=\"(max-width: 520px) 100vw, 520px\" \/><\/p>\n<p style=\"text-align: justify;\">\n<p style=\"text-align: justify;\">I prossimi appuntamenti della 63esima stagione musicale dell\u2019Orchestra Filarmonica saranno poi il Gloria di Vivaldi (Orchestra Bohdan Warchal e Coro Technik) di domenica 29 gennario e il concerto per trio di marted\u00ec 31 gennaio con musiche di Schumann, Brahms e Beethoven. La Filarmonica sar\u00e0 di nuovo in Reduta \u00a0gioved\u00ec 2 febbraio con la Sinfonia n. 41 Jupiter di W.A.Mozart.<\/p>\n<p style=\"text-align: justify;\">Maggiori informazioni sui programmi: <a href=\"http:\/\/www.filharmonia.sk\/\">www.filharmonia.sk<\/a><\/p>\n<p style=\"text-align: justify;\">(Pierluigi Solieri)<\/p>\n<p style=\"text-align: justify;\">\n","protected":false},"excerpt":{"rendered":"<p>Dopo oltre due anni di chiusura per un profondo restauro, riapre questa settimana a Bratislava lo storico edificio di Reduta, sede dell\u2019Orchestra Filarmonica Slovacca (Slovenska Filharmonia). Nato come granaio in stile tardo barocco a fine Settecento, l\u2019edificio che si affaccia su una delle maggiori e pi\u00f9 centrali piazze della capitale slovacca (Hviezdoslavovo Namestie) \u00e8 stato [&hellip;]<\/p>\n","protected":false},"author":2,"featured_media":1195,"comment_status":"open","ping_status":"open","sticky":false,"template":"","format":"standard","meta":[],"categories":[3,1],"tags":[216,9,249,30,38,250,248,31],"aioseo_notices":[],"jetpack_featured_media_url":"https:\/\/www.turismoslovacchia.it\/wp-content\/uploads\/Filharmonia-foto_stv-sk.jpg","jetpack_sharing_enabled":true,"jetpack-related-posts":[{"id":1466,"url":"https:\/\/www.turismoslovacchia.it\/?p=1466","url_meta":{"origin":1190,"position":0},"title":"Cultura: le Giornate Europee del Patrimonio in Slovacchia dal 14 al 23 settembre","date":"13 Settembre 2012","format":false,"excerpt":"Le Giornate Europee del Patrimonio, evento pan-europeo organizzato da Consiglio d'Europa e Commissione Europea che si svolge tutti gli anni nel mese di settembre, si tiene anche quest\u2019anno in Slovacchia sotto l\u2019acronimo DEKD - Dni eur\u00f3pskeho kult\u00farneho dedi\u010dstva. L\u2019evento ha l\u2019obiettivo di richiamare l'attenzione del grande pubblico sul valore del\u2026","rel":"","context":"In &quot;Eventi&quot;","img":{"alt_text":"","src":"https:\/\/i0.wp.com\/www.turismoslovacchia.it\/wp-content\/uploads\/Reduta_SlovenskaFilharmonia.jpg?resize=350%2C200&ssl=1","width":350,"height":200},"classes":[]},{"id":1516,"url":"https:\/\/www.turismoslovacchia.it\/?p=1516","url_meta":{"origin":1190,"position":1},"title":"Bratislava Music Festival 2012, si inizia con la superstar del violino Sarah Chang","date":"27 Settembre 2012","format":false,"excerpt":"Si apre domani con il Concerto per violino e orchestra op.77 di Johannes Brahms, eseguito dalla Slovensk\u00e1 filharm\u00f3nia diretta da Emmanuel Villaume, l'edizione numero 48 del Bratislava Music Festival (BHF), il festival di musica classica pi\u00f9 longevo in Slovacchia, e uno dei pi\u00f9 rinomati nell\u2019Europa Centrale. A dominare la scena\u2026","rel":"","context":"In &quot;Eventi&quot;","img":{"alt_text":"","src":"https:\/\/i0.wp.com\/www.turismoslovacchia.it\/wp-content\/uploads\/Filharmonia-foto_stv-sk.jpg?resize=350%2C200&ssl=1","width":350,"height":200},"classes":[]},{"id":8779,"url":"https:\/\/www.turismoslovacchia.it\/?p=8779","url_meta":{"origin":1190,"position":2},"title":"Novembre 2018: gli eventi a Bratislava e dintorni","date":"28 Ottobre 2018","format":false,"excerpt":"Bratislava Music Festival \u2013 Bratislava 28 settembre \u2013 14 ottobre 2018 La 54esima edizione del pi\u00f9 antico e prestigioso festival musicale internazionale in Slovacchia,\u00a0Bratislavsk\u00e9 Hudobn\u00e9 Sl\u00e1vnosti (BHS) prende il via il 28 settembre con un concerto inaugurale della Filarmonica Slovacca diretta da James Judd che vedr\u00e0 eseguiti brani di\u00a0Alexander Moyzes\u2026","rel":"","context":"In &quot;Eventi&quot;","img":{"alt_text":"","src":"https:\/\/i0.wp.com\/www.turismoslovacchia.it\/wp-content\/uploads\/vino-FB_malokarpatskavinnacestaMVC.jpg?resize=350%2C200&ssl=1","width":350,"height":200},"classes":[]},{"id":579,"url":"https:\/\/www.turismoslovacchia.it\/?p=579","url_meta":{"origin":1190,"position":3},"title":"Armonie classiche nella capitale per il Bratislava Music Festival","date":"16 Novembre 2010","format":false,"excerpt":"Il 46\u00b0 Bratislava Music Festival (BHF) comincia il 19 novembre, e comprende una serie di concerti di musica classica di top performers provenienti da tutta Europa e anche oltre. Il BHF inizia Venerd\u00ec 19 novembre con un concerto al Teatro Nazionale Slovacco (l'edificio storico, in Stare Mesto). Guidata dal pluripremiato\u2026","rel":"","context":"In &quot;Eventi&quot;","img":{"alt_text":"","src":"https:\/\/i0.wp.com\/www.turismoslovacchia.it\/wp-content\/uploads\/Bratislava-Teatro-Nazionale-Slovacco-e1337710011473.jpg?resize=350%2C200&ssl=1","width":350,"height":200},"classes":[]},{"id":1582,"url":"https:\/\/www.turismoslovacchia.it\/?p=1582","url_meta":{"origin":1190,"position":4},"title":"Concerti grandi e piccoli prossimamente in Slovacchia","date":"4 Novembre 2012","format":false,"excerpt":"Dopo i concerti di Chaka Khan, Kool & The Gang, Mario Biondi e Cranberries, tutti in uno scorcio di pochi giorni nel mese di ottobre, in Slovacchia \u2013 e a Bratislava in particolar modo \u2013 arriveranno fino a fine anno alcune altre stelle del panorama musicale internazionale con i loro\u2026","rel":"","context":"In &quot;Eventi&quot;","img":{"alt_text":"","src":"https:\/\/i0.wp.com\/www.turismoslovacchia.it\/wp-content\/uploads\/concerti-musica-foto_anirudhkoul@flickr.jpg?resize=350%2C200&ssl=1","width":350,"height":200},"classes":[]},{"id":6856,"url":"https:\/\/www.turismoslovacchia.it\/?p=6856","url_meta":{"origin":1190,"position":5},"title":"Novembre 2016: gli eventi a Bratislava e dintorni","date":"6 Novembre 2016","format":false,"excerpt":"4 - 30 novembre Mese della Fotografia 2016 Dal 4 novembre prende il via a Bratislava la rassegna internazionale annuale Mese della Fotografia (Mesiac fotografie) che distribuisce numerose mostre in diversi spazi della capitale slovacca con lavori e\u00a0autori di alto profilo, sia slovacchi che internazionali. Maggiori info a questo articolo.\u2026","rel":"","context":"In &quot;Eventi&quot;","img":{"alt_text":"","src":"https:\/\/i0.wp.com\/www.turismoslovacchia.it\/wp-content\/uploads\/eventi_00.jpg?resize=350%2C200&ssl=1","width":350,"height":200},"classes":[]}],"jetpack_shortlink":"https:\/\/wp.me\/p1oiY9-jc","_links":{"self":[{"href":"https:\/\/www.turismoslovacchia.it\/index.php?rest_route=\/wp\/v2\/posts\/1190"}],"collection":[{"href":"https:\/\/www.turismoslovacchia.it\/index.php?rest_route=\/wp\/v2\/posts"}],"about":[{"href":"https:\/\/www.turismoslovacchia.it\/index.php?rest_route=\/wp\/v2\/types\/post"}],"author":[{"embeddable":true,"href":"https:\/\/www.turismoslovacchia.it\/index.php?rest_route=\/wp\/v2\/users\/2"}],"replies":[{"embeddable":true,"href":"https:\/\/www.turismoslovacchia.it\/index.php?rest_route=%2Fwp%2Fv2%2Fcomments&post=1190"}],"version-history":[{"count":0,"href":"https:\/\/www.turismoslovacchia.it\/index.php?rest_route=\/wp\/v2\/posts\/1190\/revisions"}],"wp:featuredmedia":[{"embeddable":true,"href":"https:\/\/www.turismoslovacchia.it\/index.php?rest_route=\/wp\/v2\/media\/1195"}],"wp:attachment":[{"href":"https:\/\/www.turismoslovacchia.it\/index.php?rest_route=%2Fwp%2Fv2%2Fmedia&parent=1190"}],"wp:term":[{"taxonomy":"category","embeddable":true,"href":"https:\/\/www.turismoslovacchia.it\/index.php?rest_route=%2Fwp%2Fv2%2Fcategories&post=1190"},{"taxonomy":"post_tag","embeddable":true,"href":"https:\/\/www.turismoslovacchia.it\/index.php?rest_route=%2Fwp%2Fv2%2Ftags&post=1190"}],"curies":[{"name":"wp","href":"https:\/\/api.w.org\/{rel}","templated":true}]}}