{"id":1057,"date":"2011-10-24T00:43:34","date_gmt":"2011-10-23T22:43:34","guid":{"rendered":"http:\/\/www.turismoslovacchia.it\/?p=1057"},"modified":"2015-05-15T17:13:19","modified_gmt":"2015-05-15T15:13:19","slug":"in-mostra-a-bratislava-l%e2%80%99architettura-visionaria-e-futuribile-di-kaplicky","status":"publish","type":"post","link":"https:\/\/www.turismoslovacchia.it\/?p=1057","title":{"rendered":"In mostra a Bratislava l\u2019architettura visionaria e futuribile di Jan Kaplicky"},"content":{"rendered":"<p style=\"text-align: justify;\"><img decoding=\"async\" loading=\"lazy\" class=\"alignnone size-full wp-image-1059\" title=\"kaplicky_media centre londra\" src=\"http:\/\/www.turismoslovacchia.it\/wp-content\/uploads\/kaplicky_media-centre-londra.jpg\" alt=\"\" width=\"520\" height=\"320\" srcset=\"https:\/\/www.turismoslovacchia.it\/wp-content\/uploads\/kaplicky_media-centre-londra.jpg 520w, https:\/\/www.turismoslovacchia.it\/wp-content\/uploads\/kaplicky_media-centre-londra-300x185.jpg 300w, https:\/\/www.turismoslovacchia.it\/wp-content\/uploads\/kaplicky_media-centre-londra-400x246.jpg 400w, https:\/\/www.turismoslovacchia.it\/wp-content\/uploads\/kaplicky_media-centre-londra-100x62.jpg 100w, https:\/\/www.turismoslovacchia.it\/wp-content\/uploads\/kaplicky_media-centre-londra-200x123.jpg 200w, https:\/\/www.turismoslovacchia.it\/wp-content\/uploads\/kaplicky_media-centre-londra-150x92.jpg 150w\" sizes=\"(max-width: 520px) 100vw, 520px\" \/><\/p>\n<p style=\"text-align: justify;\">Jan Kaplicky, praghese, ma residente a Londra negli ultimi quarant\u2019anni della sua vita, era un architetto\/artista visionario, catapultato nella nostra era da una non ben precisata eta&#8217; del futuro. O semplicemente da un altro pianeta. Morto settantunenne nel gennaio 2009, ha lasciato alcuni degli edifici della Gran Bretagna pi\u00f9 moderni e ispiranti per le nuove generazioni di architetti, con una inconfondibile impronta \u201corganica\u201d.<\/p>\n<p style=\"text-align: justify;\">Figlio di un illustratore botanico ed illustratore, fugg\u00ec dalla Cecoslovacchia invasa dai carri armati sovietici nel 1968, e arriv\u00f2 a Londra dove ebbe l\u2019occasione di lavorare in momenti diversi con Richard Rogers, che lo ha definito \u00abuno dei pochi architetti brillanti, e un vero innovatore\u00bb, Renzo Piano e Norman Foster. Dieci anni dopo fond\u00f2 con David Nixon la Future Systems, studio di architettura innovativo conosciuto in tutto il mondo per lo stile futuristico dei suoi progetti.<\/p>\n<p style=\"text-align: justify;\"><img decoding=\"async\" loading=\"lazy\" class=\"alignnone size-full wp-image-1060\" title=\"kaplicky_selfridges\" src=\"http:\/\/www.turismoslovacchia.it\/wp-content\/uploads\/kaplicky_selfridges.jpg\" alt=\"\" width=\"520\" height=\"320\" srcset=\"https:\/\/www.turismoslovacchia.it\/wp-content\/uploads\/kaplicky_selfridges.jpg 520w, https:\/\/www.turismoslovacchia.it\/wp-content\/uploads\/kaplicky_selfridges-300x185.jpg 300w, https:\/\/www.turismoslovacchia.it\/wp-content\/uploads\/kaplicky_selfridges-400x246.jpg 400w, https:\/\/www.turismoslovacchia.it\/wp-content\/uploads\/kaplicky_selfridges-100x62.jpg 100w, https:\/\/www.turismoslovacchia.it\/wp-content\/uploads\/kaplicky_selfridges-200x123.jpg 200w, https:\/\/www.turismoslovacchia.it\/wp-content\/uploads\/kaplicky_selfridges-150x92.jpg 150w\" sizes=\"(max-width: 520px) 100vw, 520px\" \/><\/p>\n<p style=\"text-align: justify;\">Per filosofia e natura, Jan Kaplicky era principalmente un architetto, ma il suo tocco creativo pu\u00f2 essere visto in molte altre discipline artistiche. \u00c8 stato spesso ispirato a forme naturali &#8211; ragnatele, ali di farfalla, o scaglie di pesce. Kaplicky ha ricevuto molti premi, il pi\u00f9 prestigioso dei quali \u00e8 stato il premio britannico per l&#8217;architettura, il Premio Stirling, ottenuto per il Media Centre di Lords Cricket Ground a Londra. I progetti pi\u00f9 recenti di Kaplicky includono il Centro Congressi con sala concerti di \u010cesk\u00e9 Bud\u011bjovice e la Biblioteca Nazionale di Praga, entrambi in Repubblica Ceca. Purtroppo, quest\u2019ultima sembra troppo moderna per essere portata a termine: lo stesso presidente della repubblica Vaclav Klaus ne ha fermato la realizzazione nonostante il progetto di Future Systems avesse vinto il concorso nel 2006. \u00c8 per\u00f2 in corso di realizzazione una sua opera in Italia: il Museo Casa Natale Enzo Ferrari, un enorme cofano d\u2019auto che aprir\u00e0 a Modena la prossima primavera.<\/p>\n<p style=\"text-align: justify;\">Quando Kaplicky tenne una conferenza a Praga parecchi anni fa, enumer\u00f2 dieci aspetti principali del suo lavoro, tra i quali la libert\u00e0, la creativit\u00e0, l\u2019eleganza, la sensualit\u00e0, il colore, l\u2019innovazione e l\u2019ispirazione. Ha raggiunto la fama con due edifici simbolo, il Media Centre a Lords Cricket Ground a Londra e il grande magazzino Selfridges a Birmingham.<\/p>\n<p style=\"text-align: justify;\"><img decoding=\"async\" loading=\"lazy\" class=\"alignnone size-full wp-image-1061\" title=\"Kaplicky_museo ferrari modena\" src=\"http:\/\/www.turismoslovacchia.it\/wp-content\/uploads\/Kaplicky_museo-ferrari-modena.jpg\" alt=\"\" width=\"520\" height=\"320\" srcset=\"https:\/\/www.turismoslovacchia.it\/wp-content\/uploads\/Kaplicky_museo-ferrari-modena.jpg 520w, https:\/\/www.turismoslovacchia.it\/wp-content\/uploads\/Kaplicky_museo-ferrari-modena-300x185.jpg 300w, https:\/\/www.turismoslovacchia.it\/wp-content\/uploads\/Kaplicky_museo-ferrari-modena-400x246.jpg 400w, https:\/\/www.turismoslovacchia.it\/wp-content\/uploads\/Kaplicky_museo-ferrari-modena-100x62.jpg 100w, https:\/\/www.turismoslovacchia.it\/wp-content\/uploads\/Kaplicky_museo-ferrari-modena-200x123.jpg 200w, https:\/\/www.turismoslovacchia.it\/wp-content\/uploads\/Kaplicky_museo-ferrari-modena-150x92.jpg 150w\" sizes=\"(max-width: 520px) 100vw, 520px\" \/><\/p>\n<p style=\"text-align: justify;\">Di Kaplicky \u00e8 stata aperta il mese scorso una rassegna antologica al Museo Danubiana di Bratislava: \u201cJan Kaplicky: his own way\u201d, che ha lo scopo di presentare la personalit\u00e0 e l&#8217;opera dell&#8217;artista in un ampio contesto, dai modelli architettonici alla gioielleria e alla moda. \u00abJan Kaplicky \u00e8 giustamente considerato uno dei visionari pi\u00f9 influenti dell&#8217;architettura moderna\u00bb, ha scritto Eva Jiricna, curatore della mostra e sua collaboratrice per un lungo periodo. In mostra modelli tridimensionali di progetti \u2013 realizzati e non \u2013 disegni tecnici e rendering di molte delle sue opere su cartelloni di grandi dimensioni alle pareti del museo, insieme a posate, stoviglie, oggetti di design e gioielli. Kaplicky scrisse in uno dei suoi libri: \u00abin passato hanno riso dei miei progetti, ora li stanno copiando\u00bb.<\/p>\n<p style=\"text-align: justify;\">Jan Kaplicky: his own way. Aperta fino al 4\/12\/2011, da marted\u00ec a domenica dalle 10 alle 18, ingresso 4 euro (ridotto 2 euro). Info: <a href=\"http:\/\/danubiana.eu\/\" target=\"_blank\">http:\/\/danubiana.eu<\/a>.<\/p>\n<div id=\"-chrome-auto-translate-plugin-dialog\" style=\"opacity: 1 ! important; background-color: transparent ! important; position: absolute ! important; top: 0px; left: 0px; overflow: visible ! important; z-index: 999999 ! important; text-align: left ! important; display: none; padding: 0px ! important; margin: 0px ! important;\">\n<p><img fetchpriority=\"high\" decoding=\"async\" style=\"position: absolute ! important; z-index: -1 ! important; right: 1px ! important; top: -20px ! important; cursor: pointer ! important; background-color: rgba(200, 200, 200, 0.3) ! important; padding: 3px 5px 0pt ! important; margin: 0pt ! important;\" onclick=\"document.location.href='http:\/\/translate.google.com\/';\" src=\"http:\/\/www.google.com\/uds\/css\/small-logo.png\" alt=\"\" \/><\/p>\n<\/div>\n","protected":false},"excerpt":{"rendered":"<p>Jan Kaplicky, praghese, ma residente a Londra negli ultimi quarant\u2019anni della sua vita, era un architetto\/artista visionario, catapultato nella nostra era da una non ben precisata eta&#8217; del futuro. O semplicemente da un altro pianeta. Morto settantunenne nel gennaio 2009, ha lasciato alcuni degli edifici della Gran Bretagna pi\u00f9 moderni e ispiranti per le nuove [&hellip;]<\/p>\n","protected":false},"author":2,"featured_media":1060,"comment_status":"open","ping_status":"open","sticky":false,"template":"","format":"standard","meta":[],"categories":[5,1],"tags":[216,190,9,169,215,174],"aioseo_notices":[],"jetpack_featured_media_url":"https:\/\/www.turismoslovacchia.it\/wp-content\/uploads\/kaplicky_selfridges.jpg","jetpack_sharing_enabled":true,"jetpack-related-posts":[{"id":2866,"url":"https:\/\/www.turismoslovacchia.it\/?p=2866","url_meta":{"origin":1057,"position":0},"title":"17 novembre, Giorno della Lotta per la libert\u00e0 e la democrazia","date":"17 Novembre 2013","format":false,"excerpt":"Si celebra oggi, 17 novembre, il 24esimo anniversario della Rivoluzione di velluto del 1989, che port\u00f2 al crollo del regime comunista, una data ricordata in Slovacchia come Giorno della Lotta per la liberta' e la democrazia. Il giorno prima, il 16 novembre 1989, inizi\u00f2 tutto con una manifestazione pacifica a\u2026","rel":"","context":"In &quot;Articoli&quot;","img":{"alt_text":"","src":"https:\/\/i0.wp.com\/www.buongiornoslovacchia.sk\/wp-content\/uploads\/Rivoluzione-di-Velluto.jpg?resize=350%2C200","width":350,"height":200},"classes":[]},{"id":6795,"url":"https:\/\/www.turismoslovacchia.it\/?p=6795","url_meta":{"origin":1057,"position":1},"title":"Artisti della Slovacchia: Vincent Hlo\u017en\u00edk (1919 \u2013 1997)","date":"6 Marzo 2016","format":false,"excerpt":"Vincent Hlo\u017en\u00edk (1919, Svedern\u00edk \u2013 1997, Bratislava), pittore slovacco e famoso illustratore di libri. \u00c8 da considerare tra i pi\u00f9 importanti rappresentanti dell\u2019arte slovacca. Nel 1937-1942 Hlo\u017en\u00edk ha frequentato l\u2019Accademia di Belle Arti di Praga, successivamente ha fatto parte del movimento artistico Gruppo 42 del quale facevano parte J\u00e1n Mudroch,\u2026","rel":"","context":"In &quot;Articoli&quot;","img":{"alt_text":"","src":"https:\/\/i0.wp.com\/www.turismoslovacchia.it\/wp-content\/uploads\/artisti_hloznik.jpg?resize=350%2C200&ssl=1","width":350,"height":200},"classes":[]},{"id":1228,"url":"https:\/\/www.turismoslovacchia.it\/?p=1228","url_meta":{"origin":1057,"position":2},"title":"Il Museo minerario slovacco \u00e8 Museo dell\u2019Anno 2011","date":"18 Maggio 2012","format":false,"excerpt":"In occasione della Giornata Internazionale dei Musei, il Ministro della Cultura Marek Madaric ha premiato con il titolo di Museo dell\u2019Anno 2011 il Museo minerario slovacco di Banska Stiavnica (Slovensk\u00e9 bansk\u00e9 m\u00fazeum) che \u00e8 arrivato primo nella categoria Musei e gallerie specializzati. Il Museo della Citta' di Bratislava ha invece\u2026","rel":"","context":"In &quot;Articoli&quot;","img":{"alt_text":"","src":"https:\/\/i0.wp.com\/www.turismoslovacchia.it\/wp-content\/uploads\/Museo-minerario-Banska-Stiavnica-Slovenske-banske-muzeum.jpg?resize=350%2C200&ssl=1","width":350,"height":200},"classes":[]},{"id":8656,"url":"https:\/\/www.turismoslovacchia.it\/?p=8656","url_meta":{"origin":1057,"position":3},"title":"Personalit\u00e0 e anniversari significativi: Milan Rastislav \u0160tef\u00e1nik","date":"3 Settembre 2018","format":false,"excerpt":"Milan Rastislav \u0160tef\u00e1nik\u00a0(Ko\u0161arisk\u00e1,\u00a021 luglio\u00a01880\u00a0\u2013\u00a0Ivanka pri Dunaji,\u00a04 maggio\u00a01919) \u00e8 stato un\u00a0politico\u00a0slovacco, e uno degli artefici - sul piano sia\u00a0militare\u00a0che\u00a0diplomatico\u00a0- della\u00a0Cecoslovacchia\u00a0indipendente\u00a0nel\u00a01918. Studi\u00f2 a Praga e Zurigo, dove ottenne importanti contatti per il suo futuro. Fu una figura poliedrica, diplomatico e generale dell'esercito francese,\u00a0astronomo, ministro della Guerra e umanista. Fu attivo anche come\u2026","rel":"","context":"In &quot;Articoli&quot;","img":{"alt_text":"","src":"https:\/\/i0.wp.com\/www.turismoslovacchia.it\/wp-content\/uploads\/stefanik.jpg?resize=350%2C200&ssl=1","width":350,"height":200},"classes":[]},{"id":6778,"url":"https:\/\/www.turismoslovacchia.it\/?p=6778","url_meta":{"origin":1057,"position":4},"title":"Artisti della Slovacchia: Cypri\u00e1n Majern\u00edk (1909 \u2013 1945)","date":"15 Gennaio 2016","format":false,"excerpt":"Cypri\u00e1n Majern\u00edk (24. novembre 1909, Ve\u013ek\u00e9 Kosto\u013eany \u2013\u00a0 4 luglio 1945, Praga) ha frequentatno, nel periodo 1926 \u2013 1931, successivamente ad un periodo di studio a Bratislava, l\u2019Accademia di Belle Arti di Praga, dove vinse una borsa di studio che gli permise un viaggio di approfondimento culturale a Parigi. La\u2026","rel":"","context":"In &quot;Articoli&quot;","img":{"alt_text":"","src":"https:\/\/i0.wp.com\/www.turismoslovacchia.it\/wp-content\/uploads\/artisti_majernik.jpg?resize=350%2C200&ssl=1","width":350,"height":200},"classes":[]},{"id":8617,"url":"https:\/\/www.turismoslovacchia.it\/?p=8617","url_meta":{"origin":1057,"position":5},"title":"Firenze: storia del calcio in Ceco-Slovacchia e dopo la separazione","date":"24 Novembre 2018","format":false,"excerpt":"C\u2019era una volta la Cecoslovacchia; e c\u2019era il suo calcio, nato grazie all\u2019influenza scozzese e consolidatosi nella \u201cscuola danubiana\u201d di matrice mitteleuropea e nella nazionale dei cosiddetti \u201cmaestri\u201d degli anni Trenta. Una miscela esplosiva di talento e organizzazione che si \u00e8 evoluta nel tempo in diverse forme e direzioni mantenendo\u2026","rel":"","context":"In &quot;Articoli&quot;","img":{"alt_text":"","src":"https:\/\/i0.wp.com\/www.turismoslovacchia.it\/wp-content\/uploads\/cecoslov1976.jpg?resize=350%2C200&ssl=1","width":350,"height":200},"classes":[]}],"jetpack_shortlink":"https:\/\/wp.me\/p1oiY9-h3","_links":{"self":[{"href":"https:\/\/www.turismoslovacchia.it\/index.php?rest_route=\/wp\/v2\/posts\/1057"}],"collection":[{"href":"https:\/\/www.turismoslovacchia.it\/index.php?rest_route=\/wp\/v2\/posts"}],"about":[{"href":"https:\/\/www.turismoslovacchia.it\/index.php?rest_route=\/wp\/v2\/types\/post"}],"author":[{"embeddable":true,"href":"https:\/\/www.turismoslovacchia.it\/index.php?rest_route=\/wp\/v2\/users\/2"}],"replies":[{"embeddable":true,"href":"https:\/\/www.turismoslovacchia.it\/index.php?rest_route=%2Fwp%2Fv2%2Fcomments&post=1057"}],"version-history":[{"count":0,"href":"https:\/\/www.turismoslovacchia.it\/index.php?rest_route=\/wp\/v2\/posts\/1057\/revisions"}],"wp:featuredmedia":[{"embeddable":true,"href":"https:\/\/www.turismoslovacchia.it\/index.php?rest_route=\/wp\/v2\/media\/1060"}],"wp:attachment":[{"href":"https:\/\/www.turismoslovacchia.it\/index.php?rest_route=%2Fwp%2Fv2%2Fmedia&parent=1057"}],"wp:term":[{"taxonomy":"category","embeddable":true,"href":"https:\/\/www.turismoslovacchia.it\/index.php?rest_route=%2Fwp%2Fv2%2Fcategories&post=1057"},{"taxonomy":"post_tag","embeddable":true,"href":"https:\/\/www.turismoslovacchia.it\/index.php?rest_route=%2Fwp%2Fv2%2Ftags&post=1057"}],"curies":[{"name":"wp","href":"https:\/\/api.w.org\/{rel}","templated":true}]}}