{"id":1042,"date":"2011-10-19T18:00:47","date_gmt":"2011-10-19T16:00:47","guid":{"rendered":"http:\/\/www.turismoslovacchia.it\/?p=1042"},"modified":"2015-05-19T11:11:41","modified_gmt":"2015-05-19T09:11:41","slug":"eventi-in-slovacchia-ottobre-2011","status":"publish","type":"post","link":"https:\/\/www.turismoslovacchia.it\/?p=1042","title":{"rendered":"Eventi in Slovacchia \u2013 OTTOBRE 2011"},"content":{"rendered":"<p><strong><span style=\"text-decoration: underline;\">Calendario eventi OTTOBRE 2011<\/span><\/strong><\/p>\n<p><span style=\"color: #ff0000;\"><em>19 &#8211; 22 ottobre 2011<\/em><br \/>\n<strong><em>Festival Moonride di Arte Contemporanea<\/em><\/strong><\/span><\/p>\n<p><a href=\"http:\/\/www.turismoslovacchia.it\/?attachment_id=4310\" rel=\"attachment wp-att-4310\"><img decoding=\"async\" loading=\"lazy\" class=\"wp-image-4310 alignright\" src=\"http:\/\/www.turismoslovacchia.it\/wp-content\/uploads\/kosice_g.h.vandoorn-285916178.jpg\" alt=\"kosice_(g.h.vandoorn-285916178)\" width=\"236\" height=\"145\" srcset=\"https:\/\/www.turismoslovacchia.it\/wp-content\/uploads\/kosice_g.h.vandoorn-285916178.jpg 520w, https:\/\/www.turismoslovacchia.it\/wp-content\/uploads\/kosice_g.h.vandoorn-285916178-300x185.jpg 300w, https:\/\/www.turismoslovacchia.it\/wp-content\/uploads\/kosice_g.h.vandoorn-285916178-400x246.jpg 400w, https:\/\/www.turismoslovacchia.it\/wp-content\/uploads\/kosice_g.h.vandoorn-285916178-100x62.jpg 100w, https:\/\/www.turismoslovacchia.it\/wp-content\/uploads\/kosice_g.h.vandoorn-285916178-200x123.jpg 200w, https:\/\/www.turismoslovacchia.it\/wp-content\/uploads\/kosice_g.h.vandoorn-285916178-150x92.jpg 150w\" sizes=\"(max-width: 236px) 100vw, 236px\" \/><\/a>Il Festival, alla sesta edizione, mette in mostra il lavoro contemporaneo nel campo delle arti visive, teatro, danza, musica, letteratura e architettura degli artisti dei quattro paesi di Visegrad. Alla rassegna vengono presentate una selezione di opere realizzate durante l&#8217;anno precedente in Polonia, Ungheria, Repubblica Ceca e Slovacchia. Il clou dell\u2019appuntamento di quest&#8217;anno sar\u00e0 la performance della giovane compositrice austriaca Anja Plaschg, che lavora col nome d\u2019arte Soap&amp;Skin. Il concerto si terr\u00e0 venerd\u00ec 21 ottobre.<\/p>\n<p>Luogo: Ko\u0161ice<br \/>\nInformazioni:\u00a0 Visitor Center Ko\u0161ice, Tel: +421 (0) 55\/625 88 88, <a href=\"mailto:info@visitkosice.eu\">info@visitkosice.eu<\/a>, <a href=\"http:\/\/www.visitkosice.eu\/\">www.visitkosice.eu<\/a><br \/>\nE-mail: <a href=\"mailto:klubm@pobox.sk\">klubm@pobox.sk<\/a><br \/>\nWeb: <a href=\"http:\/\/www.moonride.sk\/\">www.moonride.sk<\/a><\/p>\n<p><span style=\"color: #ffffff;\">.<\/span><\/p>\n<p><span style=\"color: #ff0000;\"><em>20 ottobre 2011<\/em><br \/>\n<strong><em>Concerto Chiki Liki Tu-a + Hugo Chaves Orchestra<\/em><\/strong><\/span><\/p>\n<p><a href=\"http:\/\/www.turismoslovacchia.it\/?attachment_id=3937\" rel=\"attachment wp-att-3937\"><img decoding=\"async\" loading=\"lazy\" class=\" wp-image-3937 alignright\" src=\"http:\/\/www.turismoslovacchia.it\/wp-content\/uploads\/eventi-musica_bracjun-2673535575.jpg\" alt=\"eventi-musica_(bracjun-2673535575)\" width=\"233\" height=\"143\" srcset=\"https:\/\/www.turismoslovacchia.it\/wp-content\/uploads\/eventi-musica_bracjun-2673535575.jpg 400w, https:\/\/www.turismoslovacchia.it\/wp-content\/uploads\/eventi-musica_bracjun-2673535575-300x185.jpg 300w, https:\/\/www.turismoslovacchia.it\/wp-content\/uploads\/eventi-musica_bracjun-2673535575-100x62.jpg 100w, https:\/\/www.turismoslovacchia.it\/wp-content\/uploads\/eventi-musica_bracjun-2673535575-200x123.jpg 200w, https:\/\/www.turismoslovacchia.it\/wp-content\/uploads\/eventi-musica_bracjun-2673535575-150x92.jpg 150w\" sizes=\"(max-width: 233px) 100vw, 233px\" \/><\/a>Doppio concerto di popolari gruppi della scena alternativa in Slovacchia. Chiki Liki Tu-a \u00e8 una band alternativa di Presov. Le sue canzoni sono ispirate da un gran numero di stili musicali, i testi spiccano senza senso per l\u2019originale poesia ispirata alla citt\u00e0 multiculturale di Pre\u0161ov e i suoi dintorni. \u00a0Il gruppo Hugo Chaves Orchestra di Bratislava &#8211; per il nome controverso, un impegno naturale, e soprattutto una musica originale &#8211; \u00e8 conosciuto in tutto il paese con un suo repertorio originale dove ogni canzone ha la sua storia.<\/p>\n<p>Luogo: Bratislava<br \/>\nInformazioni: Klub za zrkadlom, Rovniankova 3, Petr\u017ealka<br \/>\nTel: +421 (0)907\/796 660<br \/>\nEmail:\u00a0\u00a0\u00a0 <a href=\"mailto:tomaslukacka@euforion.sk\">tomaslukacka@euforion.sk<\/a><br \/>\nBiglietti su: <a href=\"http:\/\/www.ticketportal.sk\/\">www.ticketportal.sk<\/a><\/p>\n<p><span style=\"color: #ffffff;\">.<\/span><\/p>\n<p><span style=\"color: #ff0000;\"><em>21 &#8211; 23 ottobre 2011<\/em><br \/>\n<strong><em>37\u00b0 Bratislava Jazz Days \u2013 Festival jazz d\u2019autunno<\/em><\/strong><\/span><\/p>\n<p><a href=\"http:\/\/www.turismoslovacchia.it\/?attachment_id=4311\" rel=\"attachment wp-att-4311\"><img decoding=\"async\" loading=\"lazy\" class=\" wp-image-4311 alignright\" src=\"http:\/\/www.turismoslovacchia.it\/wp-content\/uploads\/musicpixabay.jpg\" alt=\"music(pixabay)\" width=\"231\" height=\"142\" srcset=\"https:\/\/www.turismoslovacchia.it\/wp-content\/uploads\/musicpixabay.jpg 520w, https:\/\/www.turismoslovacchia.it\/wp-content\/uploads\/musicpixabay-300x185.jpg 300w, https:\/\/www.turismoslovacchia.it\/wp-content\/uploads\/musicpixabay-400x246.jpg 400w, https:\/\/www.turismoslovacchia.it\/wp-content\/uploads\/musicpixabay-100x62.jpg 100w, https:\/\/www.turismoslovacchia.it\/wp-content\/uploads\/musicpixabay-200x123.jpg 200w, https:\/\/www.turismoslovacchia.it\/wp-content\/uploads\/musicpixabay-150x92.jpg 150w\" sizes=\"(max-width: 231px) 100vw, 231px\" \/><\/a>La maggior rassegna di jazz di Slovacchia &#8211; nella sua versione autunnale &#8211; creata da un gruppo di appassionati ancora nel 1975, quando la cortina di ferro era ancora un confine serio. Festival europeo di livello con partecipazione di stelle del jazz mondiale, il primo fu il trombettista Ben Harper nel 1979. \u00a0In questa edizione, oltre a gruppi dai paesi dell\u2019Europa centrale (Slovacchia, Repubblica Ceca, Polonia e Ungheria), partecipano soprattutto musicisti americani. Fra gli altri, il Raul Midon Trio, il Nicholas Payton Quitet, l\u2019Earth, Wind &amp; Fire Experience, il leggendario trombettista statunitense Randy Brecker in jam con un trio slovacco (tutti dagli Usa), e poi Chuco Valdes con gli Afro-Cuban Messengers (Cuba). Vedere il programma completo sul sito. Fra gli organizzatori c\u2019\u00e8 anche Peter Lipa, una leggenda del jazz e blues slovacco.<\/p>\n<p>Luogo: Bratislava<br \/>\nInformazioni: BKIS Bratislava, Klobu\u010dn\u00edcka 2, 815 15 Bratislava<br \/>\nTel: +421 (0) 2 \/ 16 186, +421 (0) 2 \/ 54 43 37 15, <a href=\"mailto:info@bkis.sk\">info@bkis.sk<\/a>, <a href=\"http:\/\/www.bkis.sk\/\">www.bkis.sk<\/a><br \/>\nWeb: <a href=\"http:\/\/www.bjd.sk\/\">www.bjd.sk\/<\/a><\/p>\n<p><span style=\"color: #ffffff;\">.<\/span><\/p>\n<p><span style=\"color: #ff0000;\"><em>21 -24 ottobre 2011<\/em><br \/>\n<strong><em>Ars Antiqua Europae in Via Gothica<\/em><\/strong><\/span><\/p>\n<p><a href=\"http:\/\/www.turismoslovacchia.it\/?attachment_id=200\" rel=\"attachment wp-att-200\"><img decoding=\"async\" loading=\"lazy\" class=\"wp-image-200 alignright\" src=\"http:\/\/www.turismoslovacchia.it\/wp-content\/uploads\/2010\/10\/Eventi_musica.jpg\" alt=\"Eventi_musica\" width=\"171\" height=\"171\" \/><\/a>Rassegna internazionale di musica antica dalle regioni d\u2019Europa, che rivive nei templi e monumenti storici dell\u2019itinerario della Via Gotica slovacca, in musei e castelli, ma soprattutto chiese, cappelle e cattedrali, dove rinascono gli organi di epoca storica. Dal canto gregoriano alla musica rinascimentale e barocca, complessi musicali e cori, in un revival che vuole innanzitutto rispolverare l&#8217;esclusivo patrimonio storico musicale delle regioni Spi\u0161 e Gemer con particolare riguardo per la musica del XVII e XVIII secolo.<\/p>\n<p>Luogo: regione di Spis<br \/>\nInformazioni: TIC Turistick\u00e9 informa\u010dn\u00e9 centrum Ro\u017e\u0148ava, Tel: +421 (0) 58\/732 8101 \/ 788 4420<br \/>\nEmail: <a href=\"mailto:tic.roznava@stonline.sk\">tic.roznava@stonline.sk<\/a><br \/>\nWeb: <a href=\"http:\/\/www.tikroznava.sk\/\">www.ticroznava.sk<\/a><br \/>\nProgramma: <\/p>\n<p><span style=\"color: #ffffff;\">.<\/span><\/p>\n<p><span style=\"color: #ff0000;\"><em>23 ottobre 2011<\/em><br \/>\n<strong><em>Hubertus 2011<\/em><\/strong><\/span><\/p>\n<p><a href=\"http:\/\/www.turismoslovacchia.it\/?attachment_id=186\" rel=\"attachment wp-att-186\"><img decoding=\"async\" loading=\"lazy\" class=\" wp-image-186 alignright\" src=\"http:\/\/www.turismoslovacchia.it\/wp-content\/uploads\/2010\/10\/Hubertus2009.jpg\" alt=\"Hubertus2009\" width=\"206\" height=\"155\" srcset=\"https:\/\/www.turismoslovacchia.it\/wp-content\/uploads\/2010\/10\/Hubertus2009.jpg 500w, https:\/\/www.turismoslovacchia.it\/wp-content\/uploads\/2010\/10\/Hubertus2009-300x225.jpg 300w, https:\/\/www.turismoslovacchia.it\/wp-content\/uploads\/2010\/10\/Hubertus2009-400x300.jpg 400w, https:\/\/www.turismoslovacchia.it\/wp-content\/uploads\/2010\/10\/Hubertus2009-100x75.jpg 100w, https:\/\/www.turismoslovacchia.it\/wp-content\/uploads\/2010\/10\/Hubertus2009-167x125.jpg 167w, https:\/\/www.turismoslovacchia.it\/wp-content\/uploads\/2010\/10\/Hubertus2009-150x113.jpg 150w\" sizes=\"(max-width: 206px) 100vw, 206px\" \/><\/a>Odore di stallatico, stridio di finimenti, sedere su una buona sella e una stretta di caviglie per provocare il nitrito del proprio cavallo che parte al galoppo all\u2019alba. Questo ed altro all\u2019Hubertus 2011 per la chiusura della stagione equestre sportiva. Dopo la cerimonia di apertura, carrozze e cavalieri sciamano a seguire le orme delle volpi. La processione colorata di cavalieri in giacca rossa e cavalli bardati \u00e8 gestita dalle Guide reggimentali di Sant\u2019Uberto, che dichiarano alla fine della caccia il \u201cRe della Caccia\u201d. Si conclude la serata seduti al castello a Topolcianky con balli e canti. A cura della Scuderia Nazionale di Topo\u013e\u010dianky e della Federazione Equestre slovacca.<\/p>\n<p>Luogo: Topo\u013e\u010dianky<br \/>\nN\u00e1rodn\u00fd \u017ereb\u010d\u00edn Topo\u013e\u010dianky, Parkov\u00e1 13, Topo\u013e\u010dianky<br \/>\nTel.: +421\/37\/630 16 13-15<br \/>\nE-mail: <a href=\"mailto:riaditel@nztopolcianky.sk\">riaditel@nztopolcianky.sk<\/a>, <a href=\"mailto:marketing@nztopolcianky.sk\">marketing@nztopolcianky.sk<\/a>,<br \/>\nWeb: <a href=\"http:\/\/www.nztopolcianky.sk\/\">www.nztopolcianky.sk<\/a><\/p>\n<p><span style=\"color: #ffffff;\">.<\/span><\/p>\n<p><span style=\"color: #ff0000;\"><em>22 Ottobre 2011<\/em><br \/>\n<strong><em>Festa Medievale del buon umore<\/em><\/strong><\/span><\/p>\n<p style=\"text-align: justify;\">Ricca di divertimento e attrazioni, conditi con musica folk e balli , dimostrazioni di cucina tradizionale e degustazioni del vino rinomato della valle del Bodva, alla Festa Medievale di Moldana nad Bodvou si possono vedere esibizioni marziali, combattimenti di soldati e guerrieri, sentire e provare musica e danze medievali. Inoltre, mostre di arredi storici e artigianato.<\/p>\n<p>Luogo: Moldava nad Bodvou<br \/>\nInformazioni: Infocentrum, Hlavn\u00e1 58, Moldava nad Bodvou<br \/>\nTel: +421 (0) 55\/489 94 21, +421 (0) 905\/278 215<br \/>\nEmail: <a href=\"mailto:info@moldava.sk\">info@moldava.sk<\/a><br \/>\nWeb: <a href=\"http:\/\/www.moldava.sk\/\">www.moldava.sk<\/a><br \/>\nProgramma: <a href=\"http:\/\/www.kcubar.sk\/\">www.kcubar.sk<\/a><\/p>\n<p><span style=\"color: #ffffff;\">.<\/span><\/p>\n<p><span style=\"color: #ff0000;\"><em>28 &#8211; 29 ottobre 2011<\/em><br \/>\n<strong><em>Zahrada 2011<\/em><\/strong><\/span><\/p>\n<p style=\"text-align: justify;\">Per il secondo anno si tiene la mostra del settore orticoltura e floricoltura a Trencin, una festa per gli occhi e il palato con piante ornamentali, alberi da frutto, forniture per giardinieri. Durante la mostra si terr\u00e0 il concorso per le mele e pere pi\u00f9 belle e ci saranno vari programmi di accompagnamento, come appuntamenti per i bambini sotto forma di coinvolgenti lezioni sulla frutta.<\/p>\n<p>Luogo: Tren\u010d\u00edn<br \/>\nInformazioni: Expo Center a.s., Pod Sokolicami 43, Tren\u010d\u00edn<br \/>\nTel: +421 (0) 32\/ 743 23 84<br \/>\nEmail: <a href=\"mailto:jarosova@expocenter.sk\">jarosova@expocenter.sk<\/a><br \/>\nWeb: <a href=\"http:\/\/www.expocenter.sk\/\">www.expocenter.sk<\/a><\/p>\n","protected":false},"excerpt":{"rendered":"<p>Calendario eventi OTTOBRE 2011 19 &#8211; 22 ottobre 2011 Festival Moonride di Arte Contemporanea Il Festival, alla sesta edizione, mette in mostra il lavoro contemporaneo nel campo delle arti visive, teatro, danza, musica, letteratura e architettura degli artisti dei quattro paesi di Visegrad. Alla rassegna vengono presentate una selezione di opere realizzate durante l&#8217;anno precedente [&hellip;]<\/p>\n","protected":false},"author":2,"featured_media":249,"comment_status":"open","ping_status":"open","sticky":false,"template":"","format":"standard","meta":[],"categories":[5],"tags":[190,46,9,19,30,17,29,42,98,123,22,44,38,99,135,24],"aioseo_notices":[],"jetpack_featured_media_url":"https:\/\/www.turismoslovacchia.it\/wp-content\/uploads\/2010\/10\/Eventi-in-Slovacchia.jpg","jetpack_sharing_enabled":true,"jetpack-related-posts":[{"id":173,"url":"https:\/\/www.turismoslovacchia.it\/?p=173","url_meta":{"origin":1042,"position":0},"title":"Eventi in Slovacchia \u2013 OTTOBRE 2010","date":"10 Ottobre 2010","format":false,"excerpt":"Calendario eventi OTTOBRE 2010 15 settembre - 6 dicembre, 2010 Giornate di Visegrad Questo evento porta a Ko\u0161ice tutto il meglio della scena della cultura centro-europea. I visitatori possono aspettarsi molti spettacoli e ottimi artisti provenienti dalla Repubblica Ceca, l'Ungheria, la Polonia e la Slovacchia. Luogo: Ko\u0161ice Informazioni: Zdru\u017eenie Forsa\u2026","rel":"","context":"In &quot;Eventi&quot;","img":{"alt_text":"","src":"https:\/\/i0.wp.com\/www.turismoslovacchia.it\/wp-content\/uploads\/2010\/10\/Eventi-in-Slovacchia.jpg?resize=350%2C200&ssl=1","width":350,"height":200},"classes":[]},{"id":6612,"url":"https:\/\/www.turismoslovacchia.it\/?p=6612","url_meta":{"origin":1042,"position":1},"title":"Ko\u0161ice, sabato primo ottobre la Notte Bianca 2016","date":"27 Settembre 2016","format":false,"excerpt":"L'1 ottobre si svolger\u00e0 a Ko\u0161ice l'edizione 2016 della Notte Bianca, il pi\u00f9 grande e pi\u00f9 visitato festival d'arte contemporanea in Slovacchia insieme alla manifestazione sorella di Bratislava\u00a0(che si svolger\u00e0\u00a0l'8\u00a0ottobre). La\u00a0Notte Bianca \u00e8\u00a0il miglior modo di\u00a0(ri)scoprire l'ambiente urbano attraverso\u00a0una nuova dimensione data da installazioni artistiche\u00a0che trasformano la\u00a0citt\u00e0 in uno spazio\u2026","rel":"","context":"In &quot;Articoli&quot;","img":{"alt_text":"","src":"https:\/\/i0.wp.com\/www.turismoslovacchia.it\/wp-content\/uploads\/nottebiancakosice2016.jpg?resize=350%2C200&ssl=1","width":350,"height":200},"classes":[]},{"id":8776,"url":"https:\/\/www.turismoslovacchia.it\/?p=8776","url_meta":{"origin":1042,"position":2},"title":"Ottobre 2018: gli eventi a Bratislava e dintorni","date":"28 Settembre 2018","format":false,"excerpt":"Dni Zel\u00e1 \/\u00a0Festival del cavolo\u00a0\u2013 Stupava 5 - 7 ottobre 2018 Il festival Dni Zel\u00e1 \u00e8 una grande fiera paesana che cerca di preservare le tradizioni della coltivazione e trasformazione delle variet\u00e0 regionali di cavolo che caratterizzano il territorio di Stupava. Il cavolo, nelle sue varie ricette, la fa da\u2026","rel":"","context":"In &quot;Eventi&quot;","img":{"alt_text":"","src":"https:\/\/i0.wp.com\/www.turismoslovacchia.it\/wp-content\/uploads\/eventi_00.jpg?resize=350%2C200&ssl=1","width":350,"height":200},"classes":[]},{"id":8279,"url":"https:\/\/www.turismoslovacchia.it\/?p=8279","url_meta":{"origin":1042,"position":3},"title":"Ottobre 2017: gli eventi a Bratislava e dintorni","date":"28 Settembre 2017","format":false,"excerpt":"Tra\u00a0gli eventi pi\u00f9 rilevanti del mese di\u00a0ottobre 2017 nella citt\u00e0 e regione di Bratislava, continuano gli appuntamenti gastronomici\u00a0in regione, come il Festival del cavolo di Stupava, l'Oktoberfest dei produttori di birra artigianale nella capitale, e poi\u00a0il\u00a0Bratislava Music Festival, il pi\u00f9 antico e prestigioso festival musicale internazionale in Slovacchia, la Notte\u2026","rel":"","context":"In &quot;Articoli&quot;","img":{"alt_text":"","src":"https:\/\/i0.wp.com\/www.turismoslovacchia.it\/wp-content\/uploads\/eventi_00.jpg?resize=350%2C200&ssl=1","width":350,"height":200},"classes":[]},{"id":6591,"url":"https:\/\/www.turismoslovacchia.it\/?p=6591","url_meta":{"origin":1042,"position":4},"title":"Bratislava, sabato 8 ottobre la Notte Bianca 2016","date":"3 Ottobre 2016","format":false,"excerpt":"L'8 ottobre si svolger\u00e0 l'edizione 2016 della Notte Bianca di Bratislava, il pi\u00f9 grande e pi\u00f9 visitato festival d'arte contemporanea in Slovacchia insieme alla manifestazione sorella di Kosice (che si \u00e8 svolta l'1 ottobre). La\u00a0Notte Bianca \u00e8\u00a0il miglior modo di\u00a0(ri)scoprire l'ambiente urbano attraverso\u00a0una nuova dimensione data da installazioni artistiche\u00a0che trasformano\u2026","rel":"","context":"In &quot;Articoli&quot;","img":{"alt_text":"","src":"https:\/\/i0.wp.com\/www.turismoslovacchia.it\/wp-content\/uploads\/nottebianca-16brati.jpg?resize=350%2C200&ssl=1","width":350,"height":200},"classes":[]},{"id":1526,"url":"https:\/\/www.turismoslovacchia.it\/?p=1526","url_meta":{"origin":1042,"position":5},"title":"Eventi in Slovacchia \u2013 OTTOBRE 2012","date":"27 Settembre 2012","format":false,"excerpt":"Calendario eventi OTTOBRE 2012 28.09 - 14.10.2012 Bratislava Music Festival \/ BHS Pi\u00f9 importante festival musicale in Slovacchia, il presitigioso Bratislava Music Festival (Bratislavsk\u00e9 hudobn\u00e9 sl\u00e1vnosti) ha una lunga tradizione che data al 1964. Dal 1973, il festival \u00e8 l'unico rappresentante slovacco all\u2019EFA, l\u2019Associazione Europea dei Festival che ha sede\u2026","rel":"","context":"In &quot;Eventi&quot;","img":{"alt_text":"","src":"https:\/\/i0.wp.com\/www.turismoslovacchia.it\/wp-content\/uploads\/2010\/10\/Eventi-in-Slovacchia.jpg?resize=350%2C200&ssl=1","width":350,"height":200},"classes":[]}],"jetpack_shortlink":"https:\/\/wp.me\/p1oiY9-gO","_links":{"self":[{"href":"https:\/\/www.turismoslovacchia.it\/index.php?rest_route=\/wp\/v2\/posts\/1042"}],"collection":[{"href":"https:\/\/www.turismoslovacchia.it\/index.php?rest_route=\/wp\/v2\/posts"}],"about":[{"href":"https:\/\/www.turismoslovacchia.it\/index.php?rest_route=\/wp\/v2\/types\/post"}],"author":[{"embeddable":true,"href":"https:\/\/www.turismoslovacchia.it\/index.php?rest_route=\/wp\/v2\/users\/2"}],"replies":[{"embeddable":true,"href":"https:\/\/www.turismoslovacchia.it\/index.php?rest_route=%2Fwp%2Fv2%2Fcomments&post=1042"}],"version-history":[{"count":0,"href":"https:\/\/www.turismoslovacchia.it\/index.php?rest_route=\/wp\/v2\/posts\/1042\/revisions"}],"wp:featuredmedia":[{"embeddable":true,"href":"https:\/\/www.turismoslovacchia.it\/index.php?rest_route=\/wp\/v2\/media\/249"}],"wp:attachment":[{"href":"https:\/\/www.turismoslovacchia.it\/index.php?rest_route=%2Fwp%2Fv2%2Fmedia&parent=1042"}],"wp:term":[{"taxonomy":"category","embeddable":true,"href":"https:\/\/www.turismoslovacchia.it\/index.php?rest_route=%2Fwp%2Fv2%2Fcategories&post=1042"},{"taxonomy":"post_tag","embeddable":true,"href":"https:\/\/www.turismoslovacchia.it\/index.php?rest_route=%2Fwp%2Fv2%2Ftags&post=1042"}],"curies":[{"name":"wp","href":"https:\/\/api.w.org\/{rel}","templated":true}]}}